{"id":1035187,"date":"2026-06-30T22:08:13","date_gmt":"2026-06-30T22:08:13","guid":{"rendered":"https:\/\/www.europesays.com\/fr\/1035187\/"},"modified":"2026-06-30T22:08:13","modified_gmt":"2026-06-30T22:08:13","slug":"on-nous-a-enleve-notre-maman-au-proces-du-meurtre-de-marie-a-rennes-lemotion-et-la-colere-de-ses-filles","status":"publish","type":"post","link":"https:\/\/www.europesays.com\/fr\/1035187\/","title":{"rendered":"\u00ab\u00a0On nous a enlev\u00e9 notre maman\u00a0\u00bb\u00a0: au proc\u00e8s du meurtre de Marie \u00e0 Rennes, l\u2019\u00e9motion et la col\u00e8re de ses filles"},"content":{"rendered":"<p>\n                Article premium,<br \/>\n                    R\u00e9serv\u00e9 aux\u00a0abonn\u00e9s\n            <\/p>\n<p class=\"su-standfirst chapeau\">Le proc\u00e8s\u00a0de Marco Katalay-Kalala, accus\u00e9\u00a0d\u2019avoir tu\u00e9 sa femme Marie Thakizimana, le 12\u00a0avril 2022 \u00e0 Rennes, s\u2019est poursuivi ce mardi 30\u00a0juin 2026. Une journ\u00e9e pendant laquelle les filles de la victime ont pu exprimer leur \u00e9motion et leur col\u00e8re.<\/p>\n<p>                                        <img decoding=\"async\" class=\"su-media\" src=\"https:\/\/media.ouest-france.fr\/v1\/pictures\/MjAyNjA2MWNhYjI3NGYzMDhkODdmZjFiZGQyMTVmYjZiZWZhNjQ?width=630&amp;height=354&amp;focuspoint=50%2C25&amp;cropresize=1&amp;client_id=bpeditorial&amp;sign=4ec0c14780c2257d67c5e41df9cbdd2bb9bd3e98f8b1abb10bbccffae9821a2e\" alt=\"Des collages ont \u00e9t\u00e9 pos\u00e9s devant le Parlement de Bretagne \u00e0 Rennes, o\u00f9 se tient depuis lundi 29\u00a0juin 2026 le proc\u00e8s du meurtre de Marie.\"  \/><\/p>\n<p>                            Des collages ont \u00e9t\u00e9 pos\u00e9s devant le Parlement de Bretagne \u00e0 Rennes, o\u00f9 se tient depuis lundi 29\u00a0juin 2026 le proc\u00e8s du meurtre de Marie. | OUEST-FRANCE<\/p>\n<p>                            fermer<\/p>\n<ul class=\"su-row su-carrousel-container su-not-list\" data-suswipe=\"{\" rambo=\"\" .carrousel-nav-bas=\"\" .item=\"\">\n<li class=\"su-col-xs-6 su-col-md-24 carrousel-contenu su-carrousel-item\" data-ofvwidth=\"{\" mobileonly=\"\"><img decoding=\"async\" data-ofmaxheight=\"\" class=\"su-media lazyload\" alt=\"Des collages ont \u00e9t\u00e9 pos\u00e9s devant le Parlement de Bretagne \u00e0 Rennes, o\u00f9 se tient depuis lundi 29\u00a0juin 2026 le proc\u00e8s du meurtre de Marie.\" src=\"data:image\/png;base64,iVBORw0KGgoAAAANSUhEUgAAABAAAAAJCAYAAAA7KqwyAAAAGXRFWHRTb2Z0d2FyZQBBZG9iZSBJbWFnZVJlYWR5ccllPAAAABhJREFUeNpi\/P\/\/PwMlgHHUgFEDgAAgwAD+lBrvy+NcxAAAAABJRU5ErkJggg==\" data-oflazyload=\"{&quot;srcset&quot;:&quot;https:\/\/media.ouest-france.fr\/v1\/pictures\/MjAyNjA2MWNhYjI3NGYzMDhkODdmZjFiZGQyMTVmYjZiZWZhNjQ?width=320&amp;focuspoint=50%2C25&amp;cropresize=1&amp;client_id=bpeditorial&amp;sign=26a8a2feaf0409382aa73c4b68c53587131ce8a6aedecafbd08e89978386beda 320w,https:\/\/media.ouest-france.fr\/v1\/pictures\/MjAyNjA2MWNhYjI3NGYzMDhkODdmZjFiZGQyMTVmYjZiZWZhNjQ?width=375&amp;focuspoint=50%2C25&amp;cropresize=1&amp;client_id=bpeditorial&amp;sign=5e4ae0068ffc75502ddb79b2963e622796c8b8fa4ab5bb654626d9abb4297f6a 360w,https:\/\/media.ouest-france.fr\/v1\/pictures\/MjAyNjA2MWNhYjI3NGYzMDhkODdmZjFiZGQyMTVmYjZiZWZhNjQ?width=480&amp;focuspoint=50%2C25&amp;cropresize=1&amp;client_id=bpeditorial&amp;sign=726936732d9b8a3bd49e1ea34100e8393d62d8fe8b18459d5a9224f3bc99aa5b 480w,https:\/\/media.ouest-france.fr\/v1\/pictures\/MjAyNjA2MWNhYjI3NGYzMDhkODdmZjFiZGQyMTVmYjZiZWZhNjQ?width=630&amp;focuspoint=50%2C25&amp;cropresize=1&amp;client_id=bpeditorial&amp;sign=2b0363e69d5a497d83b48d3e729126a21eafd2a7ff6140f8d5ad9dcaa3625de6 630w,https:\/\/media.ouest-france.fr\/v1\/pictures\/MjAyNjA2MWNhYjI3NGYzMDhkODdmZjFiZGQyMTVmYjZiZWZhNjQ?width=940&amp;focuspoint=50%2C25&amp;cropresize=1&amp;client_id=bpeditorial&amp;sign=4ca4f58bab8f6ee565ea907104d6c7822f6bfc478b466e7b9952d7a3cc8d29c6 940w,https:\/\/media.ouest-france.fr\/v1\/pictures\/MjAyNjA2MWNhYjI3NGYzMDhkODdmZjFiZGQyMTVmYjZiZWZhNjQ?width=1260&amp;focuspoint=50%2C25&amp;cropresize=1&amp;client_id=bpeditorial&amp;sign=e0143b565880f04f08879bf15ac25bf6282a7557b8a047b55f96777635836597 1260w&quot;}\"\/>Des collages ont \u00e9t\u00e9 pos\u00e9s devant le Parlement de Bretagne \u00e0 Rennes, o\u00f9 se tient depuis lundi 29\u00a0juin 2026 le proc\u00e8s du meurtre de Marie. | OUEST-FRANCE<\/li>\n<\/ul>\n<p>        Publi\u00e9 le 30\/06\/2026  \u00e0 22h05<\/p>\n<p>                            Lire plus tard<\/p>\n<p>                            Partager<\/p>\n<ul id=\"partage-col-gauche\" class=\"su-not-list su-hidden su-margin-top-xs\">\n<li>FacebookFacebook<\/li>\n<li>BlueSkyBlueSky<\/li>\n<li>FlipboardFlipboard<\/li>\n<li>linkedinLinkedIn<\/li>\n<\/ul>\n<p>Des sanglots qui brisent le silence, des larmes qui coulent et une col\u00e8re qui s\u2019exprime. Au deuxi\u00e8me jour du proc\u00e8s de Marco Katalay-Kalala, l\u2019\u00e9motion est encore mont\u00e9e d\u2019un cran dans l\u2019enceinte de la cour d\u2019assises d\u2019Ille-et-Vilaine, ce mardi 30\u00a0juin 2026. Cet homme de 51\u00a0ans est accus\u00e9 d\u2019avoir tu\u00e9 <a href=\"https:\/\/www.ouest-france.fr\/bretagne\/rennes-35000\/recit-marie-thakizimana-45-ans-victime-de-son-mari-jusqua-la-mort-cd5bd798-40ef-11ee-b6d7-a958e5b7485d\" target=\"_self\" rel=\"nofollow noopener\">sa femme, Marie Thakizimana<\/a>, le 12\u00a0avril 2022 \u00e0 Rennes, devant leurs deux filles alors \u00e2g\u00e9es de 7 et 8\u00a0ans.<\/p>\n<p>Quelques heures apr\u00e8s les faits, les deux enfants \u00e9taient entendues par les services de police. Deux auditions film\u00e9es qui ont \u00e9t\u00e9 diffus\u00e9es sur les \u00e9crans de la salle d\u2019audience, ce mardi. V\u00eatue d\u2019un sweat rose, la plus \u00e2g\u00e9e, qui vient de perdre sa maman, raconte spontan\u00e9ment\u00a0(1)\u00a0: &#8230;<\/p>\n<p style=\"text-align: center; background-color: #dbbe4d; padding-top: 5px; padding-bottom: 5px; font-size: 14px;\"><strong>D\u00e9j\u00e0 abonn\u00e9 ? <\/strong><a data-trkartmonet=\"Identification\" data-trk-sipa=\"{\" blockcategory=\"\" paywall=\"\" href=\"http:\/\/www.ouest-france.fr\/login?redirect=https:\/\/www.ouest-france.fr\/societe\/justice\/on-nous-a-enleve-notre-maman-au-proces-du-meurtre-de-marie-a-rennes-lemotion-et-la-colere-de-ses-filles-754a8f32-74ad-11f1-9172-187ee382b87f\" rel=\"nofollow noopener\" title=\"Se connecter \u00e0 Ouest-France\" class=\"su-link-light\" target=\"_blank\">Connectez-vous<\/a><\/p>\n<p style=\"text-align: center; padding-top: 15px; padding-bottom: 8px; vertical-align: bottom;\">bloqu\u00e9<strong> Pour lire la suite, abonnez-vous<\/strong><\/p>\n<p style=\"text-align: center;\"><strong>1er mois \u00e0 1\u20ac<\/strong><\/p>\n<p style=\"text-align: center; margin-top: -5px;\">Annulable \u00e0 tout moment<\/p>\n<p style=\"text-align: center;\">\u00a0<\/p>\n<p style=\"text-align: center;\"><a data-ida=\"\" data-trkartmonet=\"Tunnel OF+\" data-trk-sipa=\"{&#010;\" blockcategory=\"\" paywall=\"\" :=\"\" m=\"\" of=\"\" class=\"&#010;        su-button&#010;        su-subscription&#010;        &#010;        &#010;    \" data-trk-bloc=\"paywall\" href=\"https:\/\/abonnement.ouest-france.fr\/tunnel\/pack-essentiel-article\/122096117101?int_medium=lien&amp;int_campaign=PWFR0225-OF&amp;int_content=page-article-payant_boutonjaune-paywall&amp;marquesource=OF&amp;rt=https:\/\/www.ouest-france.fr\/societe\/justice\/on-nous-a-enleve-notre-maman-au-proces-du-meurtre-de-marie-a-rennes-lemotion-et-la-colere-de-ses-filles-754a8f32-74ad-11f1-9172-187ee382b87f\" rel=\"nofollow noopener\" target=\"_blank\"><br \/>\n    <strong>Je m&rsquo;abonne<\/strong><br \/>\n<\/a><\/p>\n<p style=\"text-align: center; padding-top: 10px; padding-bottom: 10px;\"><img decoding=\"async\" src=\"https:\/\/media.ouest-france.fr\/v1\/fonts\/be7723fcee3f1866f1ce99184077fc6f-carte-bancaire.svg?height=36\" alt=\"CB\"\/>\u00a0\u00a0<img decoding=\"async\" src=\"https:\/\/media.ouest-france.fr\/v1\/fonts\/1819d54c599d8afa64539cfba4ac9dde-rib.svg?height=36\" alt=\"RIB\"\/>\u00a0\u00a0<img decoding=\"async\" src=\"https:\/\/media.ouest-france.fr\/v1\/fonts\/065fc80d7b6a03d14a834c224ce723e1-paypal.svg?height=36\" alt=\"PAYPAL\"\/><\/p>\n","protected":false},"excerpt":{"rendered":"Article premium, R\u00e9serv\u00e9 aux\u00a0abonn\u00e9s Le proc\u00e8s\u00a0de Marco Katalay-Kalala, accus\u00e9\u00a0d\u2019avoir tu\u00e9 sa femme Marie Thakizimana, le 12\u00a0avril 2022 \u00e0&hellip;\n","protected":false},"author":2,"featured_media":1035188,"comment_status":"","ping_status":"","sticky":false,"template":"","format":"standard","meta":{"footnotes":"","_share_on_mastodon":"0"},"categories":[2821],"tags":[1111,11,829,1777,674,118,3555,1011,27,848,303,28152,12,584,25],"class_list":["post-1035187","post","type-post","status-publish","format-standard","has-post-thumbnail","category-rennes","tag-actu","tag-actualites","tag-bretagne","tag-eu","tag-europe","tag-faits-divers","tag-feminicide","tag-fr","tag-france","tag-ille-et-vilaine","tag-justice","tag-meurtres","tag-news","tag-rennes","tag-republique-francaise"],"share_on_mastodon":{"url":"","error":""},"_links":{"self":[{"href":"https:\/\/www.europesays.com\/fr\/wp-json\/wp\/v2\/posts\/1035187","targetHints":{"allow":["GET"]}}],"collection":[{"href":"https:\/\/www.europesays.com\/fr\/wp-json\/wp\/v2\/posts"}],"about":[{"href":"https:\/\/www.europesays.com\/fr\/wp-json\/wp\/v2\/types\/post"}],"author":[{"embeddable":true,"href":"https:\/\/www.europesays.com\/fr\/wp-json\/wp\/v2\/users\/2"}],"replies":[{"embeddable":true,"href":"https:\/\/www.europesays.com\/fr\/wp-json\/wp\/v2\/comments?post=1035187"}],"version-history":[{"count":0,"href":"https:\/\/www.europesays.com\/fr\/wp-json\/wp\/v2\/posts\/1035187\/revisions"}],"wp:featuredmedia":[{"embeddable":true,"href":"https:\/\/www.europesays.com\/fr\/wp-json\/wp\/v2\/media\/1035188"}],"wp:attachment":[{"href":"https:\/\/www.europesays.com\/fr\/wp-json\/wp\/v2\/media?parent=1035187"}],"wp:term":[{"taxonomy":"category","embeddable":true,"href":"https:\/\/www.europesays.com\/fr\/wp-json\/wp\/v2\/categories?post=1035187"},{"taxonomy":"post_tag","embeddable":true,"href":"https:\/\/www.europesays.com\/fr\/wp-json\/wp\/v2\/tags?post=1035187"}],"curies":[{"name":"wp","href":"https:\/\/api.w.org\/{rel}","templated":true}]}}