{"id":103527,"date":"2025-05-16T04:04:21","date_gmt":"2025-05-16T04:04:21","guid":{"rendered":"https:\/\/www.europesays.com\/fr\/103527\/"},"modified":"2025-05-16T04:04:21","modified_gmt":"2025-05-16T04:04:21","slug":"a-lepoque-il-fallait-faire-croire-que-le-travail-etait-plus-important-que-ses-enfants","status":"publish","type":"post","link":"https:\/\/www.europesays.com\/fr\/103527\/","title":{"rendered":"\u00ab\u00c0 l\u2019\u00e9poque, il fallait faire croire que le travail \u00e9tait plus important que ses enfants\u00bb"},"content":{"rendered":"<p>La place des femmes dans le cin\u00e9ma, la maternit\u00e9, sa plus grande erreur, sa relation avec sa fille Margaret Qualley\u2026 Conversation sans fard avec une actrice qui bouscule les normes, entre confidences intimes et messages forts pour les g\u00e9n\u00e9rations \u00e0 venir.<\/p>\n<p class=\"fig-paragraph\">Cheveux argent\u00e9s et smoking noir\u00a0:\u00a0<a href=\"https:\/\/madame.lefigaro.fr\/tag\/andie-macdowell\" data-gtm-custom-categorie=\"navigation\" data-gtm-custom-action=\"crossclick\" data-gtm-custom-label=\"Contextuel\" data-gtm-event=\"customEventSPE\" target=\"_blank\" rel=\"noopener\">Andie MacDowell<\/a>\u00a0a captiv\u00e9 l\u2019attention sur le tapis rouge du\u00a0<a href=\"http:\/\/madame.lefigaro.fr\/festival_de_cannes\" data-fig-type=\"Topic\" data-gtm-custom-categorie=\"navigation\" data-gtm-custom-action=\"crossclick\" data-gtm-custom-label=\"Contextuel\" data-gtm-event=\"customEventSPE\" data-fig-domain=\"MADAME\" target=\"_blank\" rel=\"noopener\">Festival de Cannes<\/a>, o\u00f9 elle assistait \u00e0 la projection de Mission Impossible: The Final Reckoning, ce mercredi 14 mai. Quelques heures plus tard, l\u2019actrice c\u00e9l\u00e9brait ses 40 ans de collaboration avec L\u2019Or\u00e9al Paris lors du d\u00eener \u00abWomen\u2019s Worth\u00bb, organis\u00e9 par la marque de cosm\u00e9tiques fran\u00e7aise. Une soir\u00e9e plac\u00e9e sous le signe de l\u2019\u00e9mancipation f\u00e9minine, en pr\u00e9lude \u00e0 la 5e \u00e9dition du prix \u00abLights on Women\u2019s Worth\u00bb, qui distingue chaque ann\u00e9e une r\u00e9alisatrice de courts-m\u00e9trages issue de la s\u00e9lection officielle. Une cause qui lui tient particuli\u00e8rement \u00e0 c\u0153ur, et qu\u2019elle a abord\u00e9e, parmi d\u2019autres enjeux de soci\u00e9t\u00e9, lors d\u2019un entretien accord\u00e9 \u00e0 Madame Figaro, \u00e0 l\u2019h\u00f4tel Martinez, en ouverture des festivit\u00e9s. V\u00eatue cette fois-ci d\u2019un smoking blanc, qui contraste avec ses iconiques boucles grises, elle livre une prise de parole franche, travers\u00e9e de souvenirs et de convictions. Celle d\u2019une actrice qui conna\u00eet les r\u00e8gles du jeu \u2014 et qui ne cesse de les questionner.<\/p>\n<p>    Andie MacDowell pose sur le tapis rouge lors des arriv\u00e9es pour la projection du film Mission\u00a0: Impossible &#8211; Le Dernier Jugement au 78e Festival de Cannes. (14 mai 2025.)<br \/>\n                Sarah Meyssonnier\/REUTERS<\/p>\n<p class=\"fig-paragraph\"><strong>Madame Figaro.- <\/strong><strong>Dans une interview \u00e0 <\/strong><strong>Madame Figaro<\/strong> <strong>il y a quelques mois, vous disiez qu\u2019\u00eatre la m\u00e8re de vos enfants est \u00able meilleur r\u00f4le\u00bb de votre vie. Comment avez-vous concili\u00e9 la maternit\u00e9 avec votre m\u00e9tier d\u2019actrice\u00a0?<\/strong><br \/><strong>Andie MacDowell.- <\/strong>C\u2019est \u00e9prouvant. Surtout \u00e0 l\u2019\u00e9poque o\u00f9 j\u2019ai eu mes enfants, je pense que c\u2019\u00e9tait encore plus difficile pour les femmes. On avait tellement peur d\u2019\u00eatre jug\u00e9es par les hommes, qu\u2019ils pensent que notre esprit soit ailleurs, qu\u2019on ne soit pas concentr\u00e9es. Je faisais tout pour faire croire que mon travail \u00e9tait la chose la plus importante pour moi, m\u00eame si ce n\u2019\u00e9tait pas vrai. J\u2019avais l\u2019impression qu\u2019il fallait pr\u00e9tendre que c\u2019\u00e9tait la priorit\u00e9 absolue dans ma vie \u00e0 ce moment-l\u00e0, alors que, dans ma t\u00eate, je pensais \u00e0 mon foyer. Il fallait convaincre les gens que votre travail passait avant tout, que c\u2019\u00e9tait tout ce qui comptait, que vous \u00e9tiez ambitieuse, d\u00e9termin\u00e9e, pr\u00eate \u00e0 tout pour y arriver\u2026 C\u2019est l\u2019attitude qu\u2019on devait adopter. Aujourd\u2019hui, c\u2019est agr\u00e9able de voir qu\u2019on peut amener ses enfants sur un tournage, que c\u2019est devenu plus familial. Les p\u00e8res aussi emm\u00e8nent leurs enfants. Les choses ont vraiment chang\u00e9 depuis mes d\u00e9buts. J\u2019entends parler de plateaux o\u00f9 il y a des espaces pr\u00e9vus pour les enfants, des nounous, voire des cr\u00e8ches. Tout cela existe. Il y a donc un vrai changement, plus d\u2019amour et d\u2019acceptation pour les valeurs familiales sur les plateaux.<\/p>\n<blockquote class=\"fig-quote&#10;    \">\n<p class=\"fig-quote__text\">\u00c0 l\u2019\u00e9poque, il fallait faire croire que le travail \u00e9tait plus important que ses enfants<\/p>\n<p>            Andie MacDowell\n    <\/p><\/blockquote>\n<p class=\"fig-paragraph\"><strong>Qu\u2019aimez-vous tout particuli\u00e8rement dans votre m\u00e9tier, que vous ne retrouveriez nulle part ailleurs\u00a0?<\/strong><br \/>C\u2019est quand je suis sur un plateau de tournage et que le d\u00e9cor est en train d\u2019\u00eatre install\u00e9, que tout se met en place, comme si on cr\u00e9ait une fausse maison. L\u2019\u00e9quipe technique s\u2019affaire autour de nous, puis on nous appelle et pendant qu\u2019ils finalisent les derniers d\u00e9tails, je me dis\u00a0: \u00ab\u00a0N\u2019est-ce pas incroyable\u00a0? C\u2019est cela, notre travail.\u00a0\u00bb Je dois m\u2019arr\u00eater une minute pour le r\u00e9aliser. On cr\u00e9e un monde imaginaire, on joue \u00e0 faire semblant, et c\u2019est tellement amusant. Nous, tous les marginaux du lyc\u00e9e, ceux dont personne ne pensait qu\u2019ils accompliraient quoi que ce soit\u2026 Regardez-nous aujourd\u2019hui, on cr\u00e9e quelque chose ensemble. C\u2019est fantastique.<\/p>\n<p class=\"fig-paragraph\"><strong>Quelle est la chose la plus folle que vous ayez faite par amour du cin\u00e9ma\u00a0?<\/strong><br \/>Des sc\u00e8nes excentriques, des combats \u00e0 l\u2019\u00e9p\u00e9e\u2026 Dans Ready or Not (une com\u00e9die horrifique am\u00e9ricaine r\u00e9alis\u00e9e par Tyler Gillett et Matt Bettinelli-Olpi, sortie en 2019, NDLR), c\u2019\u00e9tait vraiment amusant, je courais partout avec un arc et des fl\u00e8ches. Aussi, j\u2019ai jou\u00e9 un personnage qui s\u2019appelle Big Cat et qui \u00e9tait m\u00e9chante, horrible m\u00eame, car elle tranche la gorge de quelqu\u2019un. Je le dis souvent, parce que beaucoup de gens pensent que je ne joue que des r\u00f4les gentils. Mais visiblement, ils n\u2019ont pas vu Red Right Hand (un film d\u2019action-thriller r\u00e9alis\u00e9 par Ian Nelms et Eshom Nelms, sorti en 2024, NDLR) o\u00f9 j\u2019incarne cette femme.<\/p>\n<p class=\"fig-paragraph\"><strong>L\u2019ann\u00e9e derni\u00e8re \u00e0 Cannes, votre fille Margaret Qualley s\u2019est fait remarquer sur le grand \u00e9cran dans <\/strong><strong>The Substance<\/strong> <strong>, un film qui parle d\u2019\u00e2gisme. En parlez-vous ensemble\u00a0?<\/strong><br \/>J\u2019en suis venue \u00e0 la conclusion que je devais fonder ma relation avec ma fille, Margaret, sur autre chose que le travail. Donc, en r\u00e9alit\u00e9, je ne lui parle pas beaucoup de son m\u00e9tier. Je lui pose quelques questions, bien s\u00fbr, mais la plupart du temps, je ne sais presque rien jusqu\u2019\u00e0 ce que le film sorte. Parce que je pr\u00e9f\u00e8re lui parler d\u2019autres choses. Je lui demande\u00a0: \u00ab\u00a0Est-ce que tu dors bien\u00a0? Comment te sens-tu\u00a0?\u00a0\u00bb Et je suis toujours agr\u00e9ablement surprise par ce que je d\u00e9couvre \u00e0 l\u2019\u00e9cran. Ce qu\u2019elle fait est audacieux. Elle a pris beaucoup de risques. Moi, je n\u2019ai commenc\u00e9 \u00e0 prendre des risques que bien plus tard. Beaucoup de ses films sont assez radicaux, singuliers, int\u00e9ressants. J\u2019ai ador\u00e9 The Substance, je la trouve tr\u00e8s courageuse. Elle a toujours eu un rapport tr\u00e8s fort \u00e0 son corps, depuis toujours. Je l\u2019ai vue grandir, c\u2019\u00e9tait une danseuse, et ce n\u2019\u00e9tait pas du tout le style de danse qu\u2019elle pratique aujourd\u2019hui. Je me souviens d\u2019une sc\u00e8ne, il y a longtemps, dans The Leftovers (une s\u00e9rie am\u00e9ricaine diffus\u00e9e en 2014, NDLR) o\u00f9 elle jouait une pendue, et je me suis dit\u00a0: \u00abCe qu\u2019elle fait avec son corps est incroyable.\u00bb Et c\u2019est gr\u00e2ce \u00e0 des ann\u00e9es et des ann\u00e9es d\u2019entra\u00eenement. Elle est tr\u00e8s connect\u00e9e \u00e0 son corps, et c\u2019est une \u00e9norme partie de son travail aujourd\u2019hui.<\/p>\n<p class=\"fig-body-link&#10;    \">\n            \u00c0 lire aussi<br \/>\n        <a class=\"fig-body-link__link\" href=\"http:\/\/madame.lefigaro.fr\/celebrites\/cinema\/margaret-qualley-je-n-avais-jamais-vraiment-pense-devenir-comedienne-meme-si-c-est-le-metier-de-ma-mere-andie-macdowell-20230427\" data-fig-type=\"Article\" data-gtm-custom-categorie=\"navigation\" data-gtm-custom-action=\"crossclick\" data-gtm-custom-label=\"Contextuel\" data-gtm-event=\"customEventSPE\" data-fig-domain=\"MADAME\" target=\"_blank\" rel=\"noopener\">Margaret Qualley\u00a0:\u00abJe n&rsquo;avais jamais vraiment pens\u00e9 devenir com\u00e9dienne m\u00eame si c&rsquo;est le m\u00e9tier de ma m\u00e8re, Andie MacDowell\u00bb<\/a>\n<\/p>\n<p class=\"fig-paragraph\"><strong>Vous a-t-elle d\u00e9j\u00e0 demand\u00e9 conseil pour sa carri\u00e8re d\u2019actrice\u00a0?<\/strong><br \/>Celui qui me vient, c\u2019est quand, au tout d\u00e9but, je lui ai dit\u00a0: \u00ab\u00a0Apprends \u00e0 conna\u00eetre les r\u00e9alisateurs, d\u00e9couvre ce que tu aimes, sois passionn\u00e9e par le cin\u00e9ma, regarde des films, \u00e9duque-toi, apprends.\u00a0\u00bb Et aujourd\u2019hui, elle est bien meilleure que moi\u00a0! Je ne lui ai dit \u00e7a qu\u2019une seule fois, et elle l\u2019a fait. Elle est vraiment brillante.<\/p>\n<blockquote class=\"fig-quote&#10;    \">\n<p class=\"fig-quote__text\">Ma pire erreur\u00a0? C\u2019\u00e9tait de m\u2019habiller pour plaire \u00e0 un homme.<\/p>\n<p>            Andie MacDowell\n    <\/p><\/blockquote>\n<p class=\"fig-paragraph\"><strong>Une erreur dont vous avez tir\u00e9 une le\u00e7on\u00a0?<\/strong><br \/>J\u2019ai port\u00e9 une robe dans laquelle on voyait mes t\u00e9tons, et aujourd\u2019hui je me dis\u00a0: \u00ab\u00a0Et alors\u00a0?\u00a0\u00bb On voyait mes t\u00e9tons, et alors\u00a0? Ce n\u2019est pas si grave. Mais ce n\u2019\u00e9tait pas la pire. La vraie erreur, c\u2019\u00e9tait de m\u2019habiller pour plaire \u00e0 un homme. \u00c0 une certaine \u00e9poque de ma vie, j\u2019\u00e9tais avec quelqu\u2019un, et je m\u2019habillais d\u2019une mani\u00e8re qui lui plaisait, mais pas \u00e0 moi. Ce n\u2019\u00e9tait pas comme \u00e7a que j\u2019aimais m\u2019habiller. Je le faisais pour lui. Grosse erreur.<br \/>Il faut revenir \u00e0 soi. Il faut vraiment s\u2019habiller pour soi, pour se sentir comme on a envie de se sentir.<\/p>\n<p class=\"fig-body-link&#10;    \">\n            \u00c0 lire aussi<br \/>\n        <a class=\"fig-body-link__link\" href=\"http:\/\/madame.lefigaro.fr\/style\/news\/andie-macdowell-en-parfait-gentleman-un-affront-aux-regles-du-festival-20250515\" data-fig-type=\"Article\" data-gtm-custom-categorie=\"navigation\" data-gtm-custom-action=\"crossclick\" data-gtm-custom-label=\"Contextuel\" data-gtm-event=\"customEventSPE\" data-fig-domain=\"MADAME\" target=\"_blank\" rel=\"noopener\">Andie MacDowell en parfait gentleman\u00a0: un affront aux r\u00e8gles du Festival\u00a0?<\/a>\n<\/p>\n<p class=\"fig-paragraph\"><strong>Le prix \u00abLights on Women\u2019s Worth\u00bb de L\u2019Or\u00e9al Paris a chang\u00e9 la vie de certaines r\u00e9alisatrices. Pourquoi pensez-vous que des initiatives comme celles-ci sont si importantes\u00a0?<\/strong><br \/>Parce que nous ne sommes pas les \u00e9gales des hommes. Ce milieu a \u00e9t\u00e9 domin\u00e9 par les hommes pendant tr\u00e8s longtemps. Le pouvoir est une chose tr\u00e8s attirante, et y renoncer est extr\u00eamement difficile. On voit encore aujourd\u2019hui \u00e0 quel point il est dur d\u2019atteindre l\u2019\u00e9galit\u00e9 dans le cin\u00e9ma. Je pense que si quelqu\u2019un doit d\u00e9fendre les femmes, c\u2019est bien ce milieu. Nous devrions \u00eatre \u00e0 l\u2019avant-garde de l\u2019\u00e9galit\u00e9. Nous devrions \u00eatre la norme, fixer un standard. Le prix \u00abLights on Women\u2019s Worth\u00bb est une magnifique initiative. Que leurs films soient montr\u00e9s ici, \u00e0 Cannes \u2014 le plus prestigieux des festivals \u2014, c\u2019est une immense r\u00e9ussite pour elles. Elles sont l\u00e0, au c\u0153ur de l\u2019action, elles rencontrent du monde, elles peuvent envisager l\u2019avenir, faire d\u00e9couvrir leur travail. C\u2019est une exp\u00e9rience tr\u00e8s importante. J\u2019allais dire que c\u2019\u00e9tait magique, mais c\u2019est plus que \u00e7a\u00a0: c\u2019est n\u00e9cessaire, c\u2019est vital.<\/p>\n<p>    <a href=\"https:\/\/photo-madame.lefigaro.fr\/celebrites\/cinema\/la-montee-des-marches-du-13-mai-2025-20250513\" target=\"_blank\" rel=\"noopener\"><\/p>\n<p class=\"fig-slideshow__title\">\n                    La mont\u00e9e des marches du 13 mai 2025\n                <\/p>\n<p>    <\/a><\/p>\n","protected":false},"excerpt":{"rendered":"La place des femmes dans le cin\u00e9ma, la maternit\u00e9, sa plus grande erreur, sa relation avec sa fille&hellip;\n","protected":false},"author":2,"featured_media":103528,"comment_status":"","ping_status":"","sticky":false,"template":"","format":"standard","meta":{"footnotes":""},"categories":[1354],"tags":[21766,2424,4983,6731,6729,6728,58,59,1295,1294,5634,638,1346,4988,1011,27,4933,2173,977,6726,6727,1360,2298,4984,517,6730],"class_list":{"0":"post-103527","1":"post","2":"type-post","3":"status-publish","4":"format-standard","5":"has-post-thumbnail","7":"category-films","8":"tag-andie-macdowell","9":"tag-beaute","10":"tag-bien-etre","11":"tag-bien-fait","12":"tag-coiffure","13":"tag-coupe-de-cheveux","14":"tag-divertissement","15":"tag-entertainment","16":"tag-feminin","17":"tag-femme","18":"tag-festival-de-cannes","19":"tag-figaro","20":"tag-films","21":"tag-forme","22":"tag-fr","23":"tag-france","24":"tag-homme","25":"tag-interview","26":"tag-madame","27":"tag-make-up","28":"tag-maquillage","29":"tag-movies","30":"tag-parfum","31":"tag-soins","32":"tag-sport","33":"tag-vernis"},"share_on_mastodon":{"url":"https:\/\/pubeurope.com\/@fr\/114515533121485609","error":""},"_links":{"self":[{"href":"https:\/\/www.europesays.com\/fr\/wp-json\/wp\/v2\/posts\/103527","targetHints":{"allow":["GET"]}}],"collection":[{"href":"https:\/\/www.europesays.com\/fr\/wp-json\/wp\/v2\/posts"}],"about":[{"href":"https:\/\/www.europesays.com\/fr\/wp-json\/wp\/v2\/types\/post"}],"author":[{"embeddable":true,"href":"https:\/\/www.europesays.com\/fr\/wp-json\/wp\/v2\/users\/2"}],"replies":[{"embeddable":true,"href":"https:\/\/www.europesays.com\/fr\/wp-json\/wp\/v2\/comments?post=103527"}],"version-history":[{"count":0,"href":"https:\/\/www.europesays.com\/fr\/wp-json\/wp\/v2\/posts\/103527\/revisions"}],"wp:featuredmedia":[{"embeddable":true,"href":"https:\/\/www.europesays.com\/fr\/wp-json\/wp\/v2\/media\/103528"}],"wp:attachment":[{"href":"https:\/\/www.europesays.com\/fr\/wp-json\/wp\/v2\/media?parent=103527"}],"wp:term":[{"taxonomy":"category","embeddable":true,"href":"https:\/\/www.europesays.com\/fr\/wp-json\/wp\/v2\/categories?post=103527"},{"taxonomy":"post_tag","embeddable":true,"href":"https:\/\/www.europesays.com\/fr\/wp-json\/wp\/v2\/tags?post=103527"}],"curies":[{"name":"wp","href":"https:\/\/api.w.org\/{rel}","templated":true}]}}