{"id":103537,"date":"2025-05-16T04:09:10","date_gmt":"2025-05-16T04:09:10","guid":{"rendered":"https:\/\/www.europesays.com\/fr\/103537\/"},"modified":"2025-05-16T04:09:10","modified_gmt":"2025-05-16T04:09:10","slug":"arcelormittal-veut-rassurer-sur-sa-presence-a-dunkerque-mais-maintient-son-plan-social-actualites","status":"publish","type":"post","link":"https:\/\/www.europesays.com\/fr\/103537\/","title":{"rendered":"ArcelorMittal veut rassurer sur sa pr\u00e9sence \u00e0 Dunkerque, mais maintient son plan social : Actualit\u00e9s"},"content":{"rendered":"<p class=\"lead \">Sous pression sociale et politique, le sid\u00e9rurgiste ArcelorMittal a donn\u00e9 jeudi des gages sur sa volont\u00e9 de p\u00e9renniser ses sites d&rsquo;acier fran\u00e7ais, en r\u00e9affirmant son \u00ab\u00a0intention\u00a0\u00bb d&rsquo;investir dans la d\u00e9carbonation \u00e0 Dunkerque (Nord), sans toutefois abandonner son projet de plan social en France.<\/p>\n<p class=\"lead \">Sous r\u00e9serve que Bruxelles concr\u00e9tise ses mesures de protection de l&rsquo;acier europ\u00e9en, le groupe a confirm\u00e9 dans un communiqu\u00e9 \u00ab\u00a0son intention d&rsquo;investir dans un premier four \u00e9lectrique, sur son site de Dunkerque, pour un montant d&rsquo;environ 1,2 milliard d&rsquo;euros\u00a0\u00bb.<\/p>\n<p class=\"lead \">Une mani\u00e8re de couper court aux rumeurs de d\u00e9sengagement de l&rsquo;industriel en France, alors que la CFDT a encore \u00e9voqu\u00e9 cette semaine une \u00ab\u00a0d\u00e9sindustrialisation silencieuse\u00a0\u00bb, reprochant au groupe de \u00ab\u00a0r\u00e9duire \u00e0 peau de chagrin les investissements de maintien de l&rsquo;outil\u00a0\u00bb industriel tout en percevant des aides publiques.<\/p>\n<p class=\"lead \">Pour une d\u00e9cision ferme et d\u00e9finitive, il faudra toutefois attendre \u00ab\u00a0apr\u00e8s l&rsquo;\u00e9t\u00e9\u00a0\u00bb, selon le pr\u00e9sident d&rsquo;ArcelorMittal France, Alain Le Grix de la Salle, qui attend de l&rsquo;Europe \u00ab\u00a0des mesures de d\u00e9fense commerciale pour limiter les importations \u00e0 15% du march\u00e9 et un m\u00e9canisme d&rsquo;ajustement carbone aux fronti\u00e8res\u00a0\u00bb.<\/p>\n<p class=\"lead \">\u00ab\u00a0Ces mesures nous permettront de r\u00e9tablir une concurrence \u00e9quitable sur le march\u00e9 europ\u00e9en de l&rsquo;acier et donc de jouer \u00e0 armes \u00e9gales\u00a0\u00bb, a-t-il d\u00e9clar\u00e9 lors d&rsquo;un point presse en ligne.<\/p>\n<p class=\"lead \">Il a en revanche \u00e9cart\u00e9 tout abandon du projet de plan de suppressions de 636 postes pour la France, dans les fonctions support et dans la production: \u00ab\u00a0ce sont deux sujets qui sont distincts. Les suppressions de postes actuellement sont destin\u00e9es \u00e0 rendre la comp\u00e9titivit\u00e9 des sites de Dunkerque\u00a0\u00bb, a-t-il d\u00e9clar\u00e9. <\/p>\n<p class=\"lead \">\u00ab\u00a0C&rsquo;est une fumisterie !\u00a0\u00bb, a r\u00e9agi, tr\u00e8s remont\u00e9, Ga\u00ebtan Lecocq, de la CGT de Dunkerque, site le plus menac\u00e9, avec pr\u00e8s de 300 suppressions de postes annonc\u00e9es, qui y voit \u00ab\u00a0une op\u00e9ration de communication\u00a0\u00bb pour contrer \u00ab\u00a0le mouvement en train de monter socialement et politiquement\u00a0\u00bb.<\/p>\n<p class=\"lead \">&#8211; Un financement qui reste \u00e0 d\u00e9finir &#8211;<\/p>\n<p class=\"lead \">Plusieurs partis de gauche ont d\u00e9pos\u00e9 ces derniers jours des propositions de loi de nationalisation, comme le r\u00e9clame notamment la CGT, une option \u00e9cart\u00e9e jeudi par le pr\u00e9sident de la R\u00e9publique Emmanuel Macron.<\/p>\n<p class=\"lead \">Dans un \u00e9change avec les titres de presse quotidienne r\u00e9gionale, il a estim\u00e9 qu&rsquo;ArcelorMittal avait \u00ab\u00a0essentiellement un probl\u00e8me de concurrence d\u00e9loyale venant d&rsquo;Asie, li\u00e9 \u00e0 nos r\u00e9glementations et nos exigences CO2. La r\u00e9ponse pour faire \u00e7a, c&rsquo;est cr\u00e9er les conditions d&rsquo;une concurrence loyale.\u00a0\u00bb<\/p>\n<p class=\"lead \">Fin 2024, ArcelorMittal avait suspendu son projet d&rsquo;investissement &#8211;\u00e0 hauteur de 1,8 milliard d&rsquo;euros dont plus de 800 millions d&rsquo;aide promise par l&rsquo;Etat&#8211; dans la d\u00e9carbonation de ses hauts fourneaux de Dunkerque, en arguant de la non comp\u00e9titivit\u00e9 de l&rsquo;acier produit en Europe.<\/p>\n<p class=\"lead \">Le projet pr\u00e9voyait la construction \u00e0 Dunkerque de deux fours \u00e9lectriques et d&rsquo;une unit\u00e9 de r\u00e9duction directe du fer (DRI) avec du gaz ou de l&rsquo;hydrog\u00e8ne qui permet de produire de l&rsquo;acier d\u00e9carbon\u00e9 sans charbon fossile.<\/p>\n<p class=\"lead \">Avec le co\u00fbt actuel du gaz, \u00ab\u00a0il n&rsquo;y a pas de mod\u00e8le \u00e9conomique pour le DRI\u00a0\u00bb, a d\u00e9clar\u00e9 le patron d&rsquo;ArcelorMittal France. Concernant l&rsquo;annonce d&rsquo;un four au lieu de deux pr\u00e9vus initialement, il a soulign\u00e9 que ce plan \u00e9tait \u00ab\u00a0\u00e9volutif\u00a0\u00bb.<\/p>\n<p class=\"lead \">Compte tenu du changement de p\u00e9rim\u00e8tre, \u00ab\u00a0on ne sera pas en mesure d&rsquo;utiliser les 850 millions d&rsquo;euros\u00a0\u00bb (d&rsquo;aides de l&rsquo;Etat) (&#8230;), donc le financement du four \u00e9lectrique \u00ab\u00a0reste \u00e0 finaliser\u00a0\u00bb, a-t-il pr\u00e9cis\u00e9.<\/p>\n<p class=\"lead \">L&rsquo;acier europ\u00e9en est pris en \u00e9tau entre la baisse de la consommation sur le Vieux Continent, la concurrence jug\u00e9e d\u00e9loyale d&rsquo;acier \u00e0 bas prix venu de Chine notamment, les prix de l&rsquo;\u00e9nergie trop \u00e9lev\u00e9s en Europe et les nouvelles taxes douani\u00e8res.<\/p>\n<p class=\"lead \">Le sid\u00e9rurgiste a d&rsquo;ailleurs annonc\u00e9 ces derni\u00e8res semaines un plan d&rsquo;\u00e9conomies pour tenter de regagner sa comp\u00e9titivit\u00e9 en Europe avec le transfert d&rsquo;activit\u00e9s support surtout vers l&rsquo;Inde portant au total sur 1.400 postes de ses sites d&rsquo;Europe de l&rsquo;ouest. <\/p>\n<p class=\"lead \">Jeudi, le ministre de l&rsquo;Industrie Marc Ferracci a salu\u00e9 un \u00ab\u00a0premier pas d\u00e9cisif pour la p\u00e9rennisation de la fili\u00e8re sid\u00e9rurgique\u00a0\u00bb en indiquant qu&rsquo;il \u00ab\u00a0continue le combat\u00a0\u00bb avec le Commissaire europ\u00e9en St\u00e9phane S\u00e9journ\u00e9.<\/p>\n<p class=\"lead \">Le pr\u00e9sident de la r\u00e9gion Hauts de France Xavier Bertrand est rest\u00e9 plus prudent: \u00ab\u00a01,2 milliard\u00a0\u00bb, \u00ab\u00a0\u00e7a ne l\u00e8ve pas toutes les interrogations, toutes les inqui\u00e9tudes\u00a0\u00bb, a-t-il dit. <\/p>\n<p class=\"lead \">A Dunkerque, le maire Patrice Vergriete a aussi salu\u00e9 \u00ab\u00a0un signal positif\u00a0\u00bb et assur\u00e9 \u00ab\u00a0rester vigilant\u00a0\u00bb. Interrog\u00e9 par l&rsquo;AFP, Guillaume de Go\u00ffs, pr\u00e9sident d&rsquo;Aluminium de France, industriel voisin du Dunkerquois, s&rsquo;est f\u00e9licit\u00e9 du fait qu&rsquo;ArcelorMittal \u00ab\u00a0avance\u00a0\u00bb, afin de pouvoir \u00ab\u00a0mettre en place un travail commun\u00a0\u00bb sur la capture et le transport du CO2 dans la r\u00e9gion.<\/p>\n<p class=\"small font-weight-bold text-gray3 \"> publi\u00e9 le 15 mai \u00e0 18h20, AFP<\/p>\n<p>                             Partager<\/p>\n","protected":false},"excerpt":{"rendered":"Sous pression sociale et politique, le sid\u00e9rurgiste ArcelorMittal a donn\u00e9 jeudi des gages sur sa volont\u00e9 de p\u00e9renniser&hellip;\n","protected":false},"author":2,"featured_media":103538,"comment_status":"","ping_status":"","sticky":false,"template":"","format":"standard","meta":{"footnotes":""},"categories":[6],"tags":[14427,35,1129,215,33,34,341,313,1011,27,693,2554,16810,7764,801,1778],"class_list":{"0":"post-103537","1":"post","2":"type-post","3":"status-publish","4":"format-standard","5":"has-post-thumbnail","7":"category-economie","8":"tag-nergie","9":"tag-business","10":"tag-climat","11":"tag-commerce","12":"tag-economie","13":"tag-economy","14":"tag-emploi","15":"tag-entreprises","16":"tag-fr","17":"tag-france","18":"tag-industrie","19":"tag-investissements","20":"tag-restructurations","21":"tag-sidrurgie","22":"tag-social","23":"tag-ue"},"share_on_mastodon":{"url":"https:\/\/pubeurope.com\/@fr\/114515552729798653","error":""},"_links":{"self":[{"href":"https:\/\/www.europesays.com\/fr\/wp-json\/wp\/v2\/posts\/103537","targetHints":{"allow":["GET"]}}],"collection":[{"href":"https:\/\/www.europesays.com\/fr\/wp-json\/wp\/v2\/posts"}],"about":[{"href":"https:\/\/www.europesays.com\/fr\/wp-json\/wp\/v2\/types\/post"}],"author":[{"embeddable":true,"href":"https:\/\/www.europesays.com\/fr\/wp-json\/wp\/v2\/users\/2"}],"replies":[{"embeddable":true,"href":"https:\/\/www.europesays.com\/fr\/wp-json\/wp\/v2\/comments?post=103537"}],"version-history":[{"count":0,"href":"https:\/\/www.europesays.com\/fr\/wp-json\/wp\/v2\/posts\/103537\/revisions"}],"wp:featuredmedia":[{"embeddable":true,"href":"https:\/\/www.europesays.com\/fr\/wp-json\/wp\/v2\/media\/103538"}],"wp:attachment":[{"href":"https:\/\/www.europesays.com\/fr\/wp-json\/wp\/v2\/media?parent=103537"}],"wp:term":[{"taxonomy":"category","embeddable":true,"href":"https:\/\/www.europesays.com\/fr\/wp-json\/wp\/v2\/categories?post=103537"},{"taxonomy":"post_tag","embeddable":true,"href":"https:\/\/www.europesays.com\/fr\/wp-json\/wp\/v2\/tags?post=103537"}],"curies":[{"name":"wp","href":"https:\/\/api.w.org\/{rel}","templated":true}]}}