{"id":103542,"date":"2025-05-16T04:12:12","date_gmt":"2025-05-16T04:12:12","guid":{"rendered":"https:\/\/www.europesays.com\/fr\/103542\/"},"modified":"2025-05-16T04:12:12","modified_gmt":"2025-05-16T04:12:12","slug":"donald-trump-se-moque-de-la-france-et-demmanuel-macron-sur-le-8-mai","status":"publish","type":"post","link":"https:\/\/www.europesays.com\/fr\/103542\/","title":{"rendered":"Donald Trump se moque de la France et d&rsquo;Emmanuel Macron sur le 8-Mai"},"content":{"rendered":"<p><img decoding=\"async\" class=\"caas-img caas-lazy has-preview\" src=\"https:\/\/www.europesays.com\/fr\/wp-content\/uploads\/2025\/05\/dfbac9595d4ef9dc2799a449beec1236.jpeg\"\/><\/p>\n<p>En tourn\u00e9e au Moyen-Orient, le pr\u00e9sident am\u00e9ricain <a data-i13n=\"cpos:1;pos:1\" href=\"https:\/\/www.bfmtv.com\/economie\/international\/trump-se-felicite-d-avoir-signe-pour-4-000-milliards-de-dollars-de-contrats-dans-le-golfe-en-moins-de-cinq-jours_AD-202505150243.html\" rel=\"nofollow noopener\" target=\"_blank\" data-ylk=\"slk:Donald Trump;cpos:1;pos:1;elm:context_link;itc:0;sec:content-canvas\" class=\"link \">Donald Trump<\/a> a pris la parole ce jeudi 15 mai depuis la base am\u00e9ricaine d\u2019Al-Udaid au Qatar, sur les derniers \u00e9v\u00e8nements internationaux.<\/p>\n<p>Sept jours <a data-i13n=\"cpos:2;pos:1\" href=\"https:\/\/www.bfmtv.com\/societe\/en-direct-8-mai-suivez-la-ceremonie-presidee-par-emmanuel-macron-sur-bfmtv_LN-202205080080.html\" rel=\"nofollow noopener\" target=\"_blank\" data-ylk=\"slk:apr\u00e8s la comm\u00e9moration du 8-Mai 1945;cpos:2;pos:1;elm:context_link;itc:0;sec:content-canvas\" class=\"link \">apr\u00e8s la comm\u00e9moration du 8-Mai 1945<\/a>, Donald Trump n&rsquo;a pas h\u00e9sit\u00e9 a minimiser le r\u00f4le de la France au sein de cette guerre, et ce, devant ses troupes militaires. \u00ab\u00a0Nous avons fait un peu plus que la France pour gagner la guerre\u00a0\u00bb, s&rsquo;est r\u00e9jouit le milliardaire.<\/p>\n<p>\u00ab\u00a0Je ne veux pas faire le malin, mais quand Hitler a fait un discours \u00e0 la Tour Eiffel, je dirais que ce n&rsquo;\u00e9tait pas vraiment l&rsquo;id\u00e9al\u00a0\u00bb, a rench\u00e9ri Donald Trump.<\/p>\n<p>Si le pr\u00e9sident am\u00e9ricain consid\u00e8re <a data-i13n=\"cpos:3;pos:1\" href=\"https:\/\/www.bfmtv.com\/politique\/emmanuel-macron_DN-201609010121.html\" rel=\"nofollow noopener\" target=\"_blank\" data-ylk=\"slk:Emmanuel Macron;cpos:3;pos:1;elm:context_link;itc:0;sec:content-canvas\" class=\"link \">Emmanuel Macron<\/a> comme \u00ab\u00a0un bon gars\u00a0\u00bb, il l&rsquo;a toutefois moqu\u00e9 au cours de son discours. \u00ab\u00a0Donald, nous c\u00e9l\u00e9brons notre victoire sur les Allemands, oh, c&rsquo;est merveilleux\u00a0\u00bb, a-t-il imit\u00e9 devant les militaires am\u00e9ricains, s&rsquo;\u00e9tonnant que les autres pays f\u00eatent la fin de la guerre \u00e0 l&rsquo;inverse des \u00c9tats-Unis.<\/p>\n<p>Contrairement aux autres pays qui ont comm\u00e9mor\u00e9 la fin de la guerre, Donald Trump a indiqu\u00e9 que l&rsquo;Am\u00e9rique ne \u00ab\u00a0s&rsquo;attribue pas le m\u00e9rite\u00a0\u00bb de ce qu&rsquo;ils ont fait pour entre 1939 et 1945. \u00ab\u00a0D&rsquo;autres ont beaucoup aid\u00e9, mais personne n&rsquo;a aid\u00e9 comme nous l&rsquo;avons fait\u00a0\u00bb, a-t-il ajout\u00e9.<\/p>\n<p>Les deux hommes sont notamment connus pour cultiver depuis plusieurs ann\u00e9es une relation proche, dans laquelle la poign\u00e9e de main a toute son importance. En f\u00e9vrier, Emmanuel Macron avait rencontr\u00e9 Donald Trump \u00e0 Washington pour \u00e9voquer <a data-i13n=\"cpos:4;pos:1\" href=\"https:\/\/www.bfmtv.com\/international\/europe\/ukraine\/direct-guerre-en-ukraine-zelensky-va-rencontrer-erdogan-en-turquie-lors-de-pourparlers-de-paix-sans-poutine_LN-202505150199.html\" rel=\"nofollow noopener\" target=\"_blank\" data-ylk=\"slk:le destin de l&#039;Ukraine;cpos:4;pos:1;elm:context_link;itc:0;sec:content-canvas\" class=\"link \">le destin de l&rsquo;Ukraine<\/a>.<\/p>\n<p>En effet, les derni\u00e8res tensions apparentes sur la situation du pays de Volodymyr Zelensky, ont conduit Emmanuel Macron \u00e0 rappeler \u00e0 plusieurs reprises Donald Trump sur l&rsquo;importance <a data-i13n=\"cpos:5;pos:1\" href=\"https:\/\/www.bfmtv.com\/politique\/tu-ne-peux-pas-etre-faible-face-au-president-poutine-emmanuel-macron-indique-ce-qu-il-va-dire-a-donald-trump-lors-de-sa-visite-aux-etats-unis_VN-202502210064.html\" rel=\"nofollow noopener\" target=\"_blank\" data-ylk=\"slk:de la fermet\u00e9 face \u00e0 Vladimir Poutine;cpos:5;pos:1;elm:context_link;itc:0;sec:content-canvas\" class=\"link \">de la fermet\u00e9 face \u00e0 Vladimir Poutine<\/a> et la n\u00e9cessit\u00e9 d&rsquo;un dialogue avec la Russie.<\/p>\n<p><a data-i13n=\"cpos:6;pos:1\" href=\"https:\/\/www.bfmtv.com\/international\/amerique-nord\/etats-unis\/donald-trump\/je-ne-veux-pas-faire-le-malin-mais-donald-trump-se-moque-de-la-france-et-d-emmanuel-macron-sur-le-8-mai_AV-202505150828.html#xtor=AL-68\" rel=\"nofollow noopener\" target=\"_blank\" data-ylk=\"slk:Article original publi\u00e9 sur BFMTV.com;cpos:6;pos:1;elm:context_link;itc:0;sec:content-canvas\" class=\"link \">Article original publi\u00e9 sur BFMTV.com<\/a><\/p>\n","protected":false},"excerpt":{"rendered":"En tourn\u00e9e au Moyen-Orient, le pr\u00e9sident am\u00e9ricain Donald Trump a pris la parole ce jeudi 15 mai depuis&hellip;\n","protected":false},"author":2,"featured_media":103543,"comment_status":"","ping_status":"","sticky":false,"template":"","format":"standard","meta":{"footnotes":""},"categories":[2],"tags":[11,75,1073,22009,1011,27,12,7274],"class_list":{"0":"post-103542","1":"post","2":"type-post","3":"status-publish","4":"format-standard","5":"has-post-thumbnail","7":"category-actualites","8":"tag-actualites","9":"tag-donald-trump","10":"tag-emmanuel-macron","11":"tag-fin-de-la-guerre","12":"tag-fr","13":"tag-france","14":"tag-news","15":"tag-president-americain"},"share_on_mastodon":{"url":"https:\/\/pubeurope.com\/@fr\/114515564638795756","error":""},"_links":{"self":[{"href":"https:\/\/www.europesays.com\/fr\/wp-json\/wp\/v2\/posts\/103542","targetHints":{"allow":["GET"]}}],"collection":[{"href":"https:\/\/www.europesays.com\/fr\/wp-json\/wp\/v2\/posts"}],"about":[{"href":"https:\/\/www.europesays.com\/fr\/wp-json\/wp\/v2\/types\/post"}],"author":[{"embeddable":true,"href":"https:\/\/www.europesays.com\/fr\/wp-json\/wp\/v2\/users\/2"}],"replies":[{"embeddable":true,"href":"https:\/\/www.europesays.com\/fr\/wp-json\/wp\/v2\/comments?post=103542"}],"version-history":[{"count":0,"href":"https:\/\/www.europesays.com\/fr\/wp-json\/wp\/v2\/posts\/103542\/revisions"}],"wp:featuredmedia":[{"embeddable":true,"href":"https:\/\/www.europesays.com\/fr\/wp-json\/wp\/v2\/media\/103543"}],"wp:attachment":[{"href":"https:\/\/www.europesays.com\/fr\/wp-json\/wp\/v2\/media?parent=103542"}],"wp:term":[{"taxonomy":"category","embeddable":true,"href":"https:\/\/www.europesays.com\/fr\/wp-json\/wp\/v2\/categories?post=103542"},{"taxonomy":"post_tag","embeddable":true,"href":"https:\/\/www.europesays.com\/fr\/wp-json\/wp\/v2\/tags?post=103542"}],"curies":[{"name":"wp","href":"https:\/\/api.w.org\/{rel}","templated":true}]}}