{"id":103546,"date":"2025-05-16T04:14:11","date_gmt":"2025-05-16T04:14:11","guid":{"rendered":"https:\/\/www.europesays.com\/fr\/103546\/"},"modified":"2025-05-16T04:14:11","modified_gmt":"2025-05-16T04:14:11","slug":"on-sattend-a-vivre-un-gros-week-end","status":"publish","type":"post","link":"https:\/\/www.europesays.com\/fr\/103546\/","title":{"rendered":"\u00ab\u00a0On s\u2019attend \u00e0 vivre un gros week-end\u00a0\u00bb"},"content":{"rendered":"<p>La tension sera palpable samedi dans les bars st\u00e9phanois o\u00f9 les supporters des Verts ont l\u2019habitude de se retrouver les soirs de match. Dans le sprint final des joueurs de l\u2019ASSE, les supporters sont formels\u00a0: une victoire est imp\u00e9rative face \u00e0 Toulouse. Et pour obtenir la 16 e place, synonyme des barrages, il faut que Le\u00a0Havre perde ou fasse un nul \u00e0 Strasbourg.<\/p>\n<p>Se maintenir et surtout ne pas redescendre\u00a0: l\u2019enjeu est donc de taille. Et pas seulement sportivement. Samedi, dans les bars st\u00e9phanois, on se pr\u00e9pare \u00e0 vivre une grosse soir\u00e9e. Le Chaudron sera blind\u00e9, le match contre Toulouse se jouera aussi dans les rues de Saint-Etienne.<\/p>\n<p>\u00ab C\u2019est important pour l\u2019image de la ville et pour une partie de son \u00e9conomie \u00bb<\/p>\n<p>Au Lipopette, rue Saint-Fran\u00e7ois,&#8230;<\/p>\n","protected":false},"excerpt":{"rendered":"La tension sera palpable samedi dans les bars st\u00e9phanois o\u00f9 les supporters des Verts ont l\u2019habitude de se&hellip;\n","protected":false},"author":2,"featured_media":103547,"comment_status":"","ping_status":"","sticky":false,"template":"","format":"standard","meta":{"footnotes":""},"categories":[9653],"tags":[1111,11,2430,4406,33,7539,1777,674,107,63,1011,27,3367,12,25,4001,7538,4604,104,517],"class_list":{"0":"post-103546","1":"post","2":"type-post","3":"status-publish","4":"format-standard","5":"has-post-thumbnail","7":"category-saint-etienne","8":"tag-actu","9":"tag-actualites","10":"tag-auvergne-rhone-alpes","11":"tag-commerce-et-services","12":"tag-economie","13":"tag-edition-loire-sud","14":"tag-eu","15":"tag-europe","16":"tag-fil-info","17":"tag-football","18":"tag-fr","19":"tag-france","20":"tag-loire","21":"tag-news","22":"tag-republique-francaise","23":"tag-saint-etienne","24":"tag-saint-etienne-ville","25":"tag-selection-abonne","26":"tag-societe","27":"tag-sport"},"share_on_mastodon":{"url":"https:\/\/pubeurope.com\/@fr\/114515572448520858","error":""},"_links":{"self":[{"href":"https:\/\/www.europesays.com\/fr\/wp-json\/wp\/v2\/posts\/103546","targetHints":{"allow":["GET"]}}],"collection":[{"href":"https:\/\/www.europesays.com\/fr\/wp-json\/wp\/v2\/posts"}],"about":[{"href":"https:\/\/www.europesays.com\/fr\/wp-json\/wp\/v2\/types\/post"}],"author":[{"embeddable":true,"href":"https:\/\/www.europesays.com\/fr\/wp-json\/wp\/v2\/users\/2"}],"replies":[{"embeddable":true,"href":"https:\/\/www.europesays.com\/fr\/wp-json\/wp\/v2\/comments?post=103546"}],"version-history":[{"count":0,"href":"https:\/\/www.europesays.com\/fr\/wp-json\/wp\/v2\/posts\/103546\/revisions"}],"wp:featuredmedia":[{"embeddable":true,"href":"https:\/\/www.europesays.com\/fr\/wp-json\/wp\/v2\/media\/103547"}],"wp:attachment":[{"href":"https:\/\/www.europesays.com\/fr\/wp-json\/wp\/v2\/media?parent=103546"}],"wp:term":[{"taxonomy":"category","embeddable":true,"href":"https:\/\/www.europesays.com\/fr\/wp-json\/wp\/v2\/categories?post=103546"},{"taxonomy":"post_tag","embeddable":true,"href":"https:\/\/www.europesays.com\/fr\/wp-json\/wp\/v2\/tags?post=103546"}],"curies":[{"name":"wp","href":"https:\/\/api.w.org\/{rel}","templated":true}]}}