{"id":103560,"date":"2025-05-16T04:24:07","date_gmt":"2025-05-16T04:24:07","guid":{"rendered":"https:\/\/www.europesays.com\/fr\/103560\/"},"modified":"2025-05-16T04:24:07","modified_gmt":"2025-05-16T04:24:07","slug":"grenoble-cette-celebre-enseigne-mondiale-a-ouvert-a-grandplace-voici-laquelle","status":"publish","type":"post","link":"https:\/\/www.europesays.com\/fr\/103560\/","title":{"rendered":"Grenoble. Cette c\u00e9l\u00e8bre enseigne mondiale a ouvert \u00e0 Grand&rsquo;Place, voici laquelle"},"content":{"rendered":"<p>            Par<br \/>\n        <strong><br \/>\n            <a href=\"https:\/\/actu.fr\/auteur\/julien-sournies\" title=\"Consulter tous les articles de Julien Sournies\" rel=\"nofollow noopener\" target=\"_blank\">Julien Sournies<\/a><br \/>\n        <\/strong><\/p>\n<p>        Publi\u00e9 le<\/p>\n<p>            16 mai 2025 \u00e0 6h02        <\/p>\n<p>Sa venue avait \u00e9t\u00e9 annonc\u00e9e lors de <a href=\"https:\/\/actu.fr\/auvergne-rhone-alpes\/grenoble_38185\/extension-de-grand-place-a-grenoble-ces-restaurants-ouvrent-bientot_60418081.html\" rel=\"nofollow noopener\" target=\"_blank\">l\u2019inauguration de l\u2019extension du centre commercial<\/a> fin 2023, mais sans pour autant pr\u00e9ciser la date exacte\u2009: la c\u00e9l\u00e8bre enseigne de bubble tea d\u00e9barqu\u00e9e tout droit de Ta\u00efwan, <strong>Gong Cha<\/strong>, a finalement ouvert ses portes \u00e0 Grand\u2019Place \u00e0 <a href=\"https:\/\/actu.fr\/grenoble\/\" rel=\"nofollow noopener\" target=\"_blank\">Grenoble<\/a> (<a href=\"https:\/\/actu.fr\/auvergne-rhone-alpes\/isere_38\" rel=\"nofollow noopener\" target=\"_blank\">Is\u00e8re<\/a>) au cours du mois d\u2019avril\u00a02025.<\/p>\n<p>Plus de 600 combinaisons de recettes<\/p>\n<p class=\" wall-content\">Dans ce petit kiosque situ\u00e9 au sein du corner food, les clients venus faire quelques emplettes ont encore plus l\u2019embarras du choix. Et pour cause\u2009: l\u2019enseigne ta\u00efwanaise, fond\u00e9e en 1996, propose plus de <strong>600 combinaisons de recettes<\/strong>.<\/p>\n<p class=\" wall-content\">\u00ab\u2009Chaque client peut personnaliser son th\u00e9 (glac\u00e9, chaud, milk tea, fruit tea, smoothie), choisir son topping (perles de tapioca, mousse de lait, gel\u00e9e de coco\u2026) ainsi que le dosage du sucre et de la glace\u2009\u00bb, d\u00e9taille Gong Cha dans un communiqu\u00e9.<\/p>\n<p>Un concept in\u00e9dit<\/p>\n<p class=\" wall-content\">Mais celui fra\u00eechement install\u00e9 dans la capitale des Alpes n\u2019est pas comme tous les autres. En effet, le nouveau point de vente \u00e0 Grenoble propose un<strong> concept in\u00e9dit\u2009<\/strong>: l\u2019alliance de Gong Cha et Guapa, sp\u00e9cialiste des jus frais press\u00e9s sur place.<\/p>\n<blockquote class=\"ac-article-quote wall-content\">\n<p>Les consommateurs peuvent ainsi choisir entre une large vari\u00e9t\u00e9 de bubble teas et des jus vitamin\u00e9s pour r\u00e9pondre \u00e0 toutes les envies de boissons saines et gourmandes.<\/p>\n<p>    <strong>Gong Cha<\/strong>\n            <\/p><\/blockquote>\n<p>Vid\u00e9os : en ce moment sur Actu<\/p>\n<p class=\" wall-content\">\u00c0 noter qu\u2019il s\u2019agit de la neuvi\u00e8me boutique du leader mondial du bubble tea dans l\u2019Hexagone, mais surtout le <strong>premier de la r\u00e9gion<\/strong> Auvergne-Rh\u00f4ne-Alpes.<\/p>\n<p class=\" wall-content\">Suivez toute l\u2019actualit\u00e9 de vos villes et m\u00e9dias favoris en vous inscrivant \u00e0 <a href=\"https:\/\/moncompte.actu.fr\" title=\"D\u00e9couvez Mon Actu\" rel=\"nofollow noopener\" data-trk=\"{&quot;cta&quot;:{&quot;action&quot;:&quot;https:\\\/\\\/moncompte.actu.fr&quot;,&quot;category&quot;:&quot;mon compte&quot;,&quot;from&quot;:&quot;article footer&quot;,&quot;name&quot;:&quot;Mon actu&quot;,&quot;type&quot;:&quot;cta&quot;}}\" target=\"_blank\">Mon Actu<\/a>.<\/p>\n","protected":false},"excerpt":{"rendered":"Par Julien Sournies Publi\u00e9 le 16 mai 2025 \u00e0 6h02 Sa venue avait \u00e9t\u00e9 annonc\u00e9e lors de l\u2019inauguration&hellip;\n","protected":false},"author":2,"featured_media":103561,"comment_status":"","ping_status":"","sticky":false,"template":"","format":"standard","meta":{"footnotes":""},"categories":[9566],"tags":[1111,11,258,2430,215,1777,674,1011,27,2731,12,25,104],"class_list":{"0":"post-103560","1":"post","2":"type-post","3":"status-publish","4":"format-standard","5":"has-post-thumbnail","7":"category-grenoble","8":"tag-actu","9":"tag-actualites","10":"tag-alimentation","11":"tag-auvergne-rhone-alpes","12":"tag-commerce","13":"tag-eu","14":"tag-europe","15":"tag-fr","16":"tag-france","17":"tag-grenoble","18":"tag-news","19":"tag-republique-francaise","20":"tag-societe"},"share_on_mastodon":{"url":"https:\/\/pubeurope.com\/@fr\/114515611662673103","error":""},"_links":{"self":[{"href":"https:\/\/www.europesays.com\/fr\/wp-json\/wp\/v2\/posts\/103560","targetHints":{"allow":["GET"]}}],"collection":[{"href":"https:\/\/www.europesays.com\/fr\/wp-json\/wp\/v2\/posts"}],"about":[{"href":"https:\/\/www.europesays.com\/fr\/wp-json\/wp\/v2\/types\/post"}],"author":[{"embeddable":true,"href":"https:\/\/www.europesays.com\/fr\/wp-json\/wp\/v2\/users\/2"}],"replies":[{"embeddable":true,"href":"https:\/\/www.europesays.com\/fr\/wp-json\/wp\/v2\/comments?post=103560"}],"version-history":[{"count":0,"href":"https:\/\/www.europesays.com\/fr\/wp-json\/wp\/v2\/posts\/103560\/revisions"}],"wp:featuredmedia":[{"embeddable":true,"href":"https:\/\/www.europesays.com\/fr\/wp-json\/wp\/v2\/media\/103561"}],"wp:attachment":[{"href":"https:\/\/www.europesays.com\/fr\/wp-json\/wp\/v2\/media?parent=103560"}],"wp:term":[{"taxonomy":"category","embeddable":true,"href":"https:\/\/www.europesays.com\/fr\/wp-json\/wp\/v2\/categories?post=103560"},{"taxonomy":"post_tag","embeddable":true,"href":"https:\/\/www.europesays.com\/fr\/wp-json\/wp\/v2\/tags?post=103560"}],"curies":[{"name":"wp","href":"https:\/\/api.w.org\/{rel}","templated":true}]}}