{"id":103562,"date":"2025-05-16T04:25:10","date_gmt":"2025-05-16T04:25:10","guid":{"rendered":"https:\/\/www.europesays.com\/fr\/103562\/"},"modified":"2025-05-16T04:25:10","modified_gmt":"2025-05-16T04:25:10","slug":"hockey-sur-glace-grenoble-jouera-un-tournoi-amical-en-suisse","status":"publish","type":"post","link":"https:\/\/www.europesays.com\/fr\/103562\/","title":{"rendered":"Hockey sur glace. Grenoble jouera un tournoi amical en Suisse"},"content":{"rendered":"<p>  Pr\u00e9paration \u00e0 la CHL<\/p>\n<p>Ce tournoi constitue une \u00e9tape strat\u00e9gique pour les Br\u00fbleurs de Loups, qui y trouveront une opposition relev\u00e9e et une visibilit\u00e9 accrue pour pr\u00e9parer la future Ligue des Champions (CHL) qui d\u00e9butera le dernier week-end du mois d\u2019ao\u00fbt. Grenoble ne conna\u00eet pas encore ses adversaires et attend le tirage au sort, qui se d\u00e9roulera le 17\u00a0mai prochain \u00e0 Stockholm, en Su\u00e8de, en marge des championnats du monde de hockey sur glace.<\/p>\n<p class=\"note\">Le programme de Grenoble\u00a0: Mardi 19\u00a0ao\u00fbt\u00a0: Fribourg &#8211; Grenoble (19h30) \u00e0 Guin. Mercredi 20\u00a0ao\u00fbt\u00a0: Gen\u00e8ve &#8211; Grenoble (19h30) \u00e0 Th\u00f4nex.<\/p>\n","protected":false},"excerpt":{"rendered":"Pr\u00e9paration \u00e0 la CHL Ce tournoi constitue une \u00e9tape strat\u00e9gique pour les Br\u00fbleurs de Loups, qui y trouveront&hellip;\n","protected":false},"author":2,"featured_media":103563,"comment_status":"","ping_status":"","sticky":false,"template":"","format":"standard","meta":{"footnotes":""},"categories":[9566],"tags":[1111,11,2430,112,1777,674,1701,1011,27,2731,2732,4133,10145,108,12,25,517],"class_list":{"0":"post-103562","1":"post","2":"type-post","3":"status-publish","4":"format-standard","5":"has-post-thumbnail","7":"category-grenoble","8":"tag-actu","9":"tag-actualites","10":"tag-auvergne-rhone-alpes","11":"tag-edition-grenoble-agglomeration","12":"tag-eu","13":"tag-europe","14":"tag-fil-info-sport","15":"tag-fr","16":"tag-france","17":"tag-grenoble","18":"tag-grenoble-bassin","19":"tag-hockey-sur-glace","20":"tag-hockey-sur-glace-grenoble","21":"tag-isere","22":"tag-news","23":"tag-republique-francaise","24":"tag-sport"},"share_on_mastodon":{"url":"https:\/\/pubeurope.com\/@fr\/114515615717230878","error":""},"_links":{"self":[{"href":"https:\/\/www.europesays.com\/fr\/wp-json\/wp\/v2\/posts\/103562","targetHints":{"allow":["GET"]}}],"collection":[{"href":"https:\/\/www.europesays.com\/fr\/wp-json\/wp\/v2\/posts"}],"about":[{"href":"https:\/\/www.europesays.com\/fr\/wp-json\/wp\/v2\/types\/post"}],"author":[{"embeddable":true,"href":"https:\/\/www.europesays.com\/fr\/wp-json\/wp\/v2\/users\/2"}],"replies":[{"embeddable":true,"href":"https:\/\/www.europesays.com\/fr\/wp-json\/wp\/v2\/comments?post=103562"}],"version-history":[{"count":0,"href":"https:\/\/www.europesays.com\/fr\/wp-json\/wp\/v2\/posts\/103562\/revisions"}],"wp:featuredmedia":[{"embeddable":true,"href":"https:\/\/www.europesays.com\/fr\/wp-json\/wp\/v2\/media\/103563"}],"wp:attachment":[{"href":"https:\/\/www.europesays.com\/fr\/wp-json\/wp\/v2\/media?parent=103562"}],"wp:term":[{"taxonomy":"category","embeddable":true,"href":"https:\/\/www.europesays.com\/fr\/wp-json\/wp\/v2\/categories?post=103562"},{"taxonomy":"post_tag","embeddable":true,"href":"https:\/\/www.europesays.com\/fr\/wp-json\/wp\/v2\/tags?post=103562"}],"curies":[{"name":"wp","href":"https:\/\/api.w.org\/{rel}","templated":true}]}}