{"id":103567,"date":"2025-05-16T04:28:16","date_gmt":"2025-05-16T04:28:16","guid":{"rendered":"https:\/\/www.europesays.com\/fr\/103567\/"},"modified":"2025-05-16T04:28:16","modified_gmt":"2025-05-16T04:28:16","slug":"strasbourg-au-chateau-de-pourtales-une-plongee-musicale-dans-lelegance-des-salons-viennois","status":"publish","type":"post","link":"https:\/\/www.europesays.com\/fr\/103567\/","title":{"rendered":"Strasbourg. Au ch\u00e2teau de Pourtal\u00e8s, une plong\u00e9e musicale dans l\u2019\u00e9l\u00e9gance des salons viennois"},"content":{"rendered":"<p>La soir\u00e9e Salon viennois sera port\u00e9e par <a href=\"https:\/\/www.dna.fr\/culture-loisirs\/2022\/05\/20\/variations-en-concert-pour-le-don-d-organes\" target=\"_blank\" rel=\"nofollow noopener\">l\u2019ensemble vocal Variations<\/a>, avec Matthieu Schweiger au pianoforte et Damien Simon \u00e0 la direction musicale. \u00c0 travers un programme consacr\u00e9 aux pi\u00e8ces vocales polyphoniques de Joseph Haydn puis de Franz Schubert, le public est invit\u00e9 \u00e0 red\u00e9couvrir l\u2019\u00e9l\u00e9gance et la vivacit\u00e9 de cette musique tendre et espi\u00e8gle.<\/p>\n<p>  Un concert dans l\u2019esprit du salon<\/p>\n<p>V\u00e9ritable immersion dans l\u2019ambiance d\u2019un salon viennois du XIXe \u00a0si\u00e8cle, cette performance musicale nous plonge dans une \u00e9poque o\u00f9 la musique se vivait dans l\u2019intimit\u00e9 et l\u2019\u00e9change. Comme une promenade \u00e0 travers une Vienne en pleine effervescence artistique, cette prestation fait revivre l\u2019atmosph\u00e8re feutr\u00e9e des salons o\u00f9 l\u2019on savourait chaque m\u00e9lodie.<\/p>\n<p>Deux repr\u00e9sentations seront donn\u00e9es\u00a0: d\u2019abord \u00e0 Offenburg, dans la salle Schillersaal du Schiller-Gymnasium, le samedi 17\u00a0mai \u00e0 19\u00a0h\u00a0; puis au ch\u00e2teau de Pourtal\u00e8s, \u00e0 Strasbourg-Robertsau, le dimanche 18\u00a0mai \u00e0 17\u00a0h. L\u2019occasion de vivre une soir\u00e9e musicale hors du temps, dans deux lieux empreints de charme.<\/p>\n<p class=\"note\">Samedi 17\u00a0mai \u00e0 19\u00a0h, Schillersaal, Schiller-Gymnasium, Zeller Str. 33, Offenburg. Dimanche 18\u00a0mai \u00e0 17\u00a0h. Ch\u00e2teau de Pourtal\u00e8s, salle Le Parc, 161 rue M\u00e9lanie, Strasbourg-Robertsau. Tarifs\u00a0: plein 12\u00a0\u20ac, r\u00e9duit 8\u00a0\u20ac. Pr\u00e9vente avec placement pr\u00e9f\u00e9rentiel\u00a0: 10\u00a0\u20ac (tarif unique) sur ensemblevariations.fr. Entr\u00e9e gratuite pour les enfants de moins de 16 ans accompagn\u00e9s. R\u00e9servation conseill\u00e9e. Placement prioritaire jusqu\u2019\u00e0 15 minutes avant le concert.<\/p>\n","protected":false},"excerpt":{"rendered":"La soir\u00e9e Salon viennois sera port\u00e9e par l\u2019ensemble vocal Variations, avec Matthieu Schweiger au pianoforte et Damien Simon&hellip;\n","protected":false},"author":2,"featured_media":103568,"comment_status":"","ping_status":"","sticky":false,"template":"","format":"standard","meta":{"footnotes":""},"categories":[2820],"tags":[1111,11,1687,2880,1777,674,107,1011,27,775,12,25,3140,640,2879],"class_list":{"0":"post-103567","1":"post","2":"type-post","3":"status-publish","4":"format-standard","5":"has-post-thumbnail","7":"category-strasbourg","8":"tag-actu","9":"tag-actualites","10":"tag-culture-loisirs","11":"tag-edition-strasbourg","12":"tag-eu","13":"tag-europe","14":"tag-fil-info","15":"tag-fr","16":"tag-france","17":"tag-grand-est","18":"tag-news","19":"tag-republique-francaise","20":"tag-spectacle","21":"tag-strasbourg","22":"tag-strasbourg-ville"},"share_on_mastodon":{"url":"https:\/\/pubeurope.com\/@fr\/114515627460131286","error":""},"_links":{"self":[{"href":"https:\/\/www.europesays.com\/fr\/wp-json\/wp\/v2\/posts\/103567","targetHints":{"allow":["GET"]}}],"collection":[{"href":"https:\/\/www.europesays.com\/fr\/wp-json\/wp\/v2\/posts"}],"about":[{"href":"https:\/\/www.europesays.com\/fr\/wp-json\/wp\/v2\/types\/post"}],"author":[{"embeddable":true,"href":"https:\/\/www.europesays.com\/fr\/wp-json\/wp\/v2\/users\/2"}],"replies":[{"embeddable":true,"href":"https:\/\/www.europesays.com\/fr\/wp-json\/wp\/v2\/comments?post=103567"}],"version-history":[{"count":0,"href":"https:\/\/www.europesays.com\/fr\/wp-json\/wp\/v2\/posts\/103567\/revisions"}],"wp:featuredmedia":[{"embeddable":true,"href":"https:\/\/www.europesays.com\/fr\/wp-json\/wp\/v2\/media\/103568"}],"wp:attachment":[{"href":"https:\/\/www.europesays.com\/fr\/wp-json\/wp\/v2\/media?parent=103567"}],"wp:term":[{"taxonomy":"category","embeddable":true,"href":"https:\/\/www.europesays.com\/fr\/wp-json\/wp\/v2\/categories?post=103567"},{"taxonomy":"post_tag","embeddable":true,"href":"https:\/\/www.europesays.com\/fr\/wp-json\/wp\/v2\/tags?post=103567"}],"curies":[{"name":"wp","href":"https:\/\/api.w.org\/{rel}","templated":true}]}}