{"id":10357,"date":"2025-04-08T13:57:12","date_gmt":"2025-04-08T13:57:12","guid":{"rendered":"https:\/\/www.europesays.com\/fr\/10357\/"},"modified":"2025-04-08T13:57:12","modified_gmt":"2025-04-08T13:57:12","slug":"un-homme-de-53-ans-tue-par-balle-dans-une-maison-a-45-km-de-strasbourg","status":"publish","type":"post","link":"https:\/\/www.europesays.com\/fr\/10357\/","title":{"rendered":"Un homme de 53 ans tu\u00e9 par balle dans une maison \u00e0 45\u00a0km de Strasbourg"},"content":{"rendered":"<p>Un violent drame s\u2019est produit lundi \u00e0 Muttersholtz dans le <a href=\"https:\/\/www.20minutes.fr\/dossier\/bas_rhin\" target=\"_blank\" class=\"color-ultramarine c-link\" rel=\"noopener\">Bas-Rhin<\/a>. Un homme de 53 ans a \u00e9t\u00e9 tu\u00e9 par balle et son fr\u00e8re bless\u00e9 au bras a \u00e9t\u00e9 hospitalis\u00e9, a annonc\u00e9 le parquet de Colmar.<\/p>\n<p>\u00ab\u00a0Le p\u00e8re d\u2019une femme a manifestement tir\u00e9 avec une arme \u00e0 feu sur son ex-gendre, le blessant au bras, et tu\u00e9 le fr\u00e8re\u00a0\u00bb de cet ex-gendre, a d\u00e9clar\u00e9 le procureur de la R\u00e9publique de <a href=\"https:\/\/www.20minutes.fr\/dossier\/colmar\" target=\"_blank\" class=\"color-ultramarine c-link\" rel=\"noopener\">Colmar<\/a>, Jean Richert. \u00ab\u00a0Il s\u2019agit des \u00e9l\u00e9ments dont on dispose, mais c\u2019est encore extr\u00eamement confus, cela vient d\u2019arriver et les personnes impliqu\u00e9es sont bien s\u00fbr extr\u00eamement choqu\u00e9es\u00a0\u00bb, a-t-il ajout\u00e9.<\/p>\n<p>Un suspect en garde \u00e0 vue<\/p>\n<p>Le tireur a \u00e9t\u00e9 interpell\u00e9 peu avant 22\u00a0heures, toujours selon le parquet, et plac\u00e9 en garde \u00e0 vue.<\/p>\n<\/p>\n<p>Les faits se sont d\u00e9roul\u00e9s dans une maison divis\u00e9e en deux appartements, en d\u00e9but de soir\u00e9e, dans ce village de 2.300 habitants situ\u00e9e \u00e0 45\u00a0km au sud de <a href=\"https:\/\/www.20minutes.fr\/sport\/rc_strasbourg\/\" target=\"_blank\" class=\"color-ultramarine c-link\" rel=\"noopener\">Strasbourg<\/a>. Le magistrat a pr\u00e9cis\u00e9 que le couple occupant la maison \u00e9tait s\u00e9par\u00e9, et \u00ab\u00a0vivait apparemment chacun de son c\u00f4t\u00e9\u00a0\u00bb dans la maison. La femme \u00e9tait \u00e0 la recherche d\u2019un autre logement.<\/p>\n<p><a href=\"https:\/\/www.20minutes.fr\/strasbourg\/\" target=\"_blank\" class=\"c-link c-btn c-btn--primary\" rel=\"noopener\">Nos articles sur Strasbourg<\/a><\/p>\n<p>Une enqu\u00eate judiciaire a \u00e9t\u00e9 ouverte \u00ab\u00a0pour meurtre et tentative de meurtre\u00a0\u00bb. Elle a \u00e9t\u00e9 confi\u00e9e \u00e0 la brigade de recherches de S\u00e9lestat, avec le soutien des gendarmes de la section de recherches de Strasbourg. Une \u00e9quipe cynophile s\u2019est rapidement rendue sur place pour apporter son concours aux investigations.<\/p>\n","protected":false},"excerpt":{"rendered":"Un violent drame s\u2019est produit lundi \u00e0 Muttersholtz dans le Bas-Rhin. Un homme de 53 ans a \u00e9t\u00e9&hellip;\n","protected":false},"author":2,"featured_media":10358,"comment_status":"","ping_status":"","sticky":false,"template":"","format":"standard","meta":{"footnotes":""},"categories":[2820],"tags":[1111,47,11,2389,2649,5065,1777,674,118,1011,27,775,1637,777,12,25,640,133],"class_list":{"0":"post-10357","1":"post","2":"type-post","3":"status-publish","4":"format-standard","5":"has-post-thumbnail","7":"category-strasbourg","8":"tag-actu","9":"tag-actualite","10":"tag-actualites","11":"tag-alsace","12":"tag-bas-rhin","13":"tag-colmar","14":"tag-eu","15":"tag-europe","16":"tag-faits-divers","17":"tag-fr","18":"tag-france","19":"tag-grand-est","20":"tag-haut-rhin","21":"tag-meurtre","22":"tag-news","23":"tag-republique-francaise","24":"tag-strasbourg","25":"tag-video"},"share_on_mastodon":{"url":"https:\/\/pubeurope.com\/@fr\/114302697079351011","error":""},"_links":{"self":[{"href":"https:\/\/www.europesays.com\/fr\/wp-json\/wp\/v2\/posts\/10357","targetHints":{"allow":["GET"]}}],"collection":[{"href":"https:\/\/www.europesays.com\/fr\/wp-json\/wp\/v2\/posts"}],"about":[{"href":"https:\/\/www.europesays.com\/fr\/wp-json\/wp\/v2\/types\/post"}],"author":[{"embeddable":true,"href":"https:\/\/www.europesays.com\/fr\/wp-json\/wp\/v2\/users\/2"}],"replies":[{"embeddable":true,"href":"https:\/\/www.europesays.com\/fr\/wp-json\/wp\/v2\/comments?post=10357"}],"version-history":[{"count":0,"href":"https:\/\/www.europesays.com\/fr\/wp-json\/wp\/v2\/posts\/10357\/revisions"}],"wp:featuredmedia":[{"embeddable":true,"href":"https:\/\/www.europesays.com\/fr\/wp-json\/wp\/v2\/media\/10358"}],"wp:attachment":[{"href":"https:\/\/www.europesays.com\/fr\/wp-json\/wp\/v2\/media?parent=10357"}],"wp:term":[{"taxonomy":"category","embeddable":true,"href":"https:\/\/www.europesays.com\/fr\/wp-json\/wp\/v2\/categories?post=10357"},{"taxonomy":"post_tag","embeddable":true,"href":"https:\/\/www.europesays.com\/fr\/wp-json\/wp\/v2\/tags?post=10357"}],"curies":[{"name":"wp","href":"https:\/\/api.w.org\/{rel}","templated":true}]}}