{"id":1035935,"date":"2026-07-01T06:53:17","date_gmt":"2026-07-01T06:53:17","guid":{"rendered":"https:\/\/www.europesays.com\/fr\/1035935\/"},"modified":"2026-07-01T06:53:17","modified_gmt":"2026-07-01T06:53:17","slug":"eurockeennes-de-belfort-le-dico-des-eurocks-ces-5-mots-a-connaitre-avant-de-venir-au-festival","status":"publish","type":"post","link":"https:\/\/www.europesays.com\/fr\/1035935\/","title":{"rendered":"Eurock\u00e9ennes de Belfort. Le Dico des Eurocks\u00a0: ces 5 mots \u00e0 conna\u00eetre avant de venir au festival"},"content":{"rendered":"<p>Les mauvais esprits diront que la \u00ab\u00a0novlangue\u00a0\u00bb (ou nouveau langage) est d\u00e9pourvue de charme. D\u2019autres adorent ces petites expressions qui permettent de reconna\u00eetre imm\u00e9diatement la patte d\u2019un artiste.<\/p>\n<p class=\"chiffre\">1. \u00ab\u00a0Pookie\u00a0\u00bb, la balance d\u2019<a href=\"https:\/\/www.estrepublicain.fr\/p\/aya-nakamura\" target=\"_blank\" rel=\"nofollow noopener\">Aya Nakamura<\/a><\/p>\n<p>Qui plus qu\u2019Aya Nakamura, t\u00eate d\u2019affiche du dimanche 5 juillet, incarne ces artistes dont les morceaux sont gorg\u00e9s de vocabulaire bien \u00e0 eux\u00a0? Parmi ces mots, \u00ab\u00a0Pookie\u00a0\u00bb qui est le titre d\u2019un de ses morceaux les plus \u00e9cout\u00e9s (<a href=\"https:\/\/www.estrepublicain.fr\/culture-loisirs\/2025\/10\/31\/aya-nakamura-ecoule-240-000-billets-pour-ses-trois-premiers-concerts-au-stade-de-france\" target=\"_blank\" rel=\"nofollow noopener\">plus de 240 millions d\u2019\u00e9coutes<\/a> rien que sur Spotify). Et cette \u00ab\u00a0Pookie\u00a0\u00bb est une \u00ab\u00a0balance\u00a0\u00bb (au sens d\u2019une personne qui d\u00e9nonce quelque chose). Avec un brin d\u2019animosit\u00e9 puisque le terme n\u2019a rien d\u2019un compliment.<\/p>\n<p class=\"chiffre\">2. \u00ab\u00a0Yoro\u00ef\u00a0\u00bb d\u2019un <a href=\"https:\/\/www.estrepublicain.fr\/p\/orelsan\" target=\"_blank\" rel=\"nofollow noopener\">Orelsan<\/a> tr\u00e8s japonais<\/p>\n<p>Orelsan ne cache pas sa passion pour le Japon. Il l\u2019a d\u2019ailleurs transpos\u00e9e dans un film baptis\u00e9 \u00ab\u00a0Yoro\u00ef\u00a0\u00bb et sorti en 2025. Long-m\u00e9trage largement pr\u00e9sent dans la sc\u00e9nographie grandiose de la derni\u00e8re tourn\u00e9e du rappeur. Il sera aux Eurocks vendredi 4 juillet. En \u00ab\u00a0Yoro\u00ef\u00a0\u00bb, donc, puisqu\u2019en japonais cela signifie \u00ab\u00a0l\u2019armure\u00a0\u00bb.<\/p>\n<p class=\"chiffre\">3. La Malinche, figure r\u00e9habilit\u00e9e par Feu! Chatterton<\/p>\n<p>Changement de continent pour \u00e9voquer la Malinche, figure historique qui a donn\u00e9 lieu \u00e0 <a href=\"https:\/\/www.estrepublicain.fr\/culture-loisirs\/2025\/07\/18\/revivez-le-concert-de-feu-chatterton-aux-pluralies-de-luxeuil-les-bains\" target=\"_blank\" rel=\"nofollow noopener\">un morceau superbe du groupe Feu! Chatterton<\/a> (ils joueront aux Eurocks dimanche 5 juillet). Cette femme, figure au Mexique au XVIe si\u00e8cle, \u00e9tait une indig\u00e8ne am\u00e9rindienne qui, parce qu\u2019elle ma\u00eetrisait plusieurs langues, a jou\u00e9 les interm\u00e9diaires entre les Conquistadors espagnols et son peuple.<\/p>\n<p>Un acte qui lui vaut aujourd\u2019hui encore d\u2019\u00eatre qualifi\u00e9e de tra\u00eetresse par certains. Petite info en plus, le \u00ab malinchisme \u00bb d\u00e9signe aujourd\u2019hui une pr\u00e9f\u00e9rence excessive pour ce qui vient de l\u2019\u00e9tranger au d\u00e9triment de sa propre culture.<\/p>\n<p class=\"chiffre\">4. Les \u00ab\u00a0dream tracks\u00a0\u00bb de Mosimann<\/p>\n<p>Le <a href=\"https:\/\/www.estrepublicain.fr\/culture-loisirs\/2025\/08\/03\/nuit-blanche-a-colmar-mosimann-don-diablo-tchami-et-sam-feldt-assurent-le-show-a-la-foire-aux-vins\" target=\"_blank\" rel=\"nofollow noopener\">DJ franco-suisse Mosimann<\/a>, vainqueur de la Star Academy en 2008, a connu une popularit\u00e9 XXL ces derni\u00e8res ann\u00e9es gr\u00e2ce \u00e0 son concept de \u00ab\u00a0dream tracks\u00a0\u00bb qui ont m\u00eame trouv\u00e9 une case sur France Inter. Quelle est l\u2019id\u00e9e\u00a0? Recevoir des artistes, leur demander tout ce qui leur passe par la t\u00eate, comme son, comme chant, comme bruit ou autre et tout mixer pour en faire le \u00ab\u00a0morceau de leurs r\u00eaves\u00a0\u00bb. Il fallait y penser et c\u2019est un carton.<\/p>\n<p class=\"chiffre\">5. \u00ab\u00a0Mboka ya bisengo\u00a0\u00bb, le bonheur du Congo<\/p>\n<p>Apr\u00e8s l\u2019anglais, le congolais. Une soir\u00e9e sera consacr\u00e9e au pays d\u2019Afrique dimanche 5 juillet avec le \u00ab\u00a0fullmix Kinshasa\u00a0\u00bb. Et ce sous-titre\u00a0: \u00ab\u00a0Mboka ya bisengo \u00bb. En congolais, il signifie \u00ab\u00a0le pays de la joie\u00a0\u00bb. Une bien belle d\u00e9finition pour cette nation dignement repr\u00e9sent\u00e9e aux Eurocks.<\/p>\n","protected":false},"excerpt":{"rendered":"Les mauvais esprits diront que la \u00ab\u00a0novlangue\u00a0\u00bb (ou nouveau langage) est d\u00e9pourvue de charme. D\u2019autres adorent ces petites&hellip;\n","protected":false},"author":2,"featured_media":1035936,"comment_status":"","ping_status":"","sticky":false,"template":"","format":"standard","meta":{"footnotes":"","_share_on_mastodon":"0"},"categories":[1355],"tags":[22758,1687,58,10332,14383,14384,8698,59,34762,1011,27,1757,1361,873,11058,104,3140,55891],"class_list":["post-1035935","post","type-post","status-publish","format-standard","has-post-thumbnail","category-musique","tag-belfort","tag-culture-loisirs","tag-divertissement","tag-edition-belfort-hericourt-montbeliard","tag-edition-besancon","tag-edition-pontarlier-haut-doubs","tag-edition-vesoul-haute-saone","tag-entertainment","tag-eurockeennes","tag-fr","tag-france","tag-insolite","tag-music","tag-musique","tag-region-franche-comte","tag-societe","tag-spectacle","tag-territoire-de-belfort"],"share_on_mastodon":{"url":"https:\/\/pubeurope.com\/@fr\/116843407438862157","error":""},"_links":{"self":[{"href":"https:\/\/www.europesays.com\/fr\/wp-json\/wp\/v2\/posts\/1035935","targetHints":{"allow":["GET"]}}],"collection":[{"href":"https:\/\/www.europesays.com\/fr\/wp-json\/wp\/v2\/posts"}],"about":[{"href":"https:\/\/www.europesays.com\/fr\/wp-json\/wp\/v2\/types\/post"}],"author":[{"embeddable":true,"href":"https:\/\/www.europesays.com\/fr\/wp-json\/wp\/v2\/users\/2"}],"replies":[{"embeddable":true,"href":"https:\/\/www.europesays.com\/fr\/wp-json\/wp\/v2\/comments?post=1035935"}],"version-history":[{"count":0,"href":"https:\/\/www.europesays.com\/fr\/wp-json\/wp\/v2\/posts\/1035935\/revisions"}],"wp:featuredmedia":[{"embeddable":true,"href":"https:\/\/www.europesays.com\/fr\/wp-json\/wp\/v2\/media\/1035936"}],"wp:attachment":[{"href":"https:\/\/www.europesays.com\/fr\/wp-json\/wp\/v2\/media?parent=1035935"}],"wp:term":[{"taxonomy":"category","embeddable":true,"href":"https:\/\/www.europesays.com\/fr\/wp-json\/wp\/v2\/categories?post=1035935"},{"taxonomy":"post_tag","embeddable":true,"href":"https:\/\/www.europesays.com\/fr\/wp-json\/wp\/v2\/tags?post=1035935"}],"curies":[{"name":"wp","href":"https:\/\/api.w.org\/{rel}","templated":true}]}}