{"id":1035958,"date":"2026-07-01T07:07:23","date_gmt":"2026-07-01T07:07:23","guid":{"rendered":"https:\/\/www.europesays.com\/fr\/1035958\/"},"modified":"2026-07-01T07:07:23","modified_gmt":"2026-07-01T07:07:23","slug":"football-franck-boschetti-devoile-ses-plans-pour-le-pole-espoirs-fff-de-nancy","status":"publish","type":"post","link":"https:\/\/www.europesays.com\/fr\/1035958\/","title":{"rendered":"Football. Franck Boschetti d\u00e9voile ses plans pour le P\u00f4le Espoirs FFF de Nancy"},"content":{"rendered":"<p><a href=\"https:\/\/www.estrepublicain.fr\/sport\/2026\/05\/07\/une-visite-de-la-dtn-au-pole-espoirs-pour-preparer-le-passage-de-temoin-entre-jean-robert-faucher-et-franck-boschetti\" target=\"_blank\" rel=\"nofollow noopener\">Le P\u00f4le Espoirs FFF de Nancy<\/a> a 16 ans. Le bel \u00e2ge\u2026 \u00ab\u00a0A 16 ans, le P\u00f4le est devenu un adolescent tr\u00e8s bien \u00e9lev\u00e9. Maintenant, on veut le faire encore grandir pour qu\u2019il devienne un adulte en pleine forme\u00a0!\u00a0\u00bb. Quelle jolie formule trouv\u00e9e par le nouveau directeur, Franck Boschetti, pour r\u00e9sumer le challenge qui l\u2019attend \u00e0 la t\u00eate du P\u00f4le Espoirs nanc\u00e9ien, apr\u00e8s le d\u00e9part de Jean-Robert Faucher en poste depuis 2010. \u00ab\u00a0Il faut rendre hommage \u00e0 Jean-Robert\u00a0\u00bb insiste Franck Boschetti, \u00ab\u00a0On va tout faire pour \u00eatre \u00e0 la hauteur de cet h\u00e9ritage\u00a0\u00bb.<\/p>\n<p>Pierre Metzger \u00e0 ses c\u00f4t\u00e9s<\/p>\n<p>Franck Boschetti en profite pour remercier le pr\u00e9sident de la Ligue du Grand Est Yann Leroy, le Directeur Technique R\u00e9gional Patrice Grethen et tous les collaborateurs de l\u2019instance r\u00e9gionale qui lui donnent les moyens d\u2019organiser le P\u00f4le Espoirs comme les meilleurs centres de formation de clubs professionnels. Avec un staff comp\u00e9tent et \u00e9toff\u00e9\u00a0: \u00ab\u00a0Pierre Metzger&#8230;<\/p>\n","protected":false},"excerpt":{"rendered":"Le P\u00f4le Espoirs FFF de Nancy a 16 ans. Le bel \u00e2ge\u2026 \u00ab\u00a0A 16 ans, le P\u00f4le est&hellip;\n","protected":false},"author":2,"featured_media":1035959,"comment_status":"","ping_status":"","sticky":false,"template":"","format":"standard","meta":{"footnotes":"","_share_on_mastodon":"0"},"categories":[9635],"tags":[1111,11,3703,1704,11361,1777,674,1701,63,1011,27,775,1702,1703,12,25,517,1700],"class_list":["post-1035958","post","type-post","status-publish","format-standard","has-post-thumbnail","category-nancy","tag-actu","tag-actualites","tag-asnl","tag-edition-nancy-et-agglomeration","tag-essey-les-nancy","tag-eu","tag-europe","tag-fil-info-sport","tag-football","tag-fr","tag-france","tag-grand-est","tag-nancy","tag-nancy-ville-54b","tag-news","tag-republique-francaise","tag-sport","tag-sport-lorrain"],"share_on_mastodon":{"url":"https:\/\/pubeurope.com\/@fr\/116843462295697186","error":""},"_links":{"self":[{"href":"https:\/\/www.europesays.com\/fr\/wp-json\/wp\/v2\/posts\/1035958","targetHints":{"allow":["GET"]}}],"collection":[{"href":"https:\/\/www.europesays.com\/fr\/wp-json\/wp\/v2\/posts"}],"about":[{"href":"https:\/\/www.europesays.com\/fr\/wp-json\/wp\/v2\/types\/post"}],"author":[{"embeddable":true,"href":"https:\/\/www.europesays.com\/fr\/wp-json\/wp\/v2\/users\/2"}],"replies":[{"embeddable":true,"href":"https:\/\/www.europesays.com\/fr\/wp-json\/wp\/v2\/comments?post=1035958"}],"version-history":[{"count":0,"href":"https:\/\/www.europesays.com\/fr\/wp-json\/wp\/v2\/posts\/1035958\/revisions"}],"wp:featuredmedia":[{"embeddable":true,"href":"https:\/\/www.europesays.com\/fr\/wp-json\/wp\/v2\/media\/1035959"}],"wp:attachment":[{"href":"https:\/\/www.europesays.com\/fr\/wp-json\/wp\/v2\/media?parent=1035958"}],"wp:term":[{"taxonomy":"category","embeddable":true,"href":"https:\/\/www.europesays.com\/fr\/wp-json\/wp\/v2\/categories?post=1035958"},{"taxonomy":"post_tag","embeddable":true,"href":"https:\/\/www.europesays.com\/fr\/wp-json\/wp\/v2\/tags?post=1035958"}],"curies":[{"name":"wp","href":"https:\/\/api.w.org\/{rel}","templated":true}]}}