{"id":103599,"date":"2025-05-16T04:46:09","date_gmt":"2025-05-16T04:46:09","guid":{"rendered":"https:\/\/www.europesays.com\/fr\/103599\/"},"modified":"2025-05-16T04:46:09","modified_gmt":"2025-05-16T04:46:09","slug":"rassemblement-handicap-a-paris-stop-a-lapartheid-social","status":"publish","type":"post","link":"https:\/\/www.europesays.com\/fr\/103599\/","title":{"rendered":"Rassemblement handicap \u00e0 Paris : \u00ab\u00a0Stop \u00e0 l&rsquo;apartheid social\u00a0\u00bb"},"content":{"rendered":"<p style=\"font-style: italic\" itemprop=\"description\">Plusieurs centaines de manifestants se sont r\u00e9unis le 15 mai 2025 \u00e0 Paris pour d\u00e9noncer l&rsquo;inapplication de la loi handicap de 2005. Vingt ans apr\u00e8s sa mise en vigueur, l&rsquo;accessibilit\u00e9 reste un \u00ab\u00a0mirage\u00a0\u00bb pour des millions de Fran\u00e7ais.<\/p>\n<p>\u00ab Libert\u00e9, \u00e9galit\u00e9, accessibilit\u00e9. \u00bb Plusieurs centaines de personnes se sont rassembl\u00e9es le 15 mai 2025 \u00e0 Paris pour d\u00e9noncer l&rsquo;application \u00ab parcellaire \u00bb de la loi historique de 2005 sur le handicap et la r\u00e9ponse \u00ab d\u00e9cevante \u00bb du gouvernement, appelant \u00e0 un \u00ab sursaut citoyen \u00bb.<\/p>\n<p><strong>\u00ab La R\u00e9publique c&rsquo;est nous aussi\u00a0! \u00bb<\/strong><\/p>\n<p>\u00ab Handicap, stop \u00e0 l&rsquo;apartheid social. \u00bb \u00ab Pour une R\u00e9publique qui respecte les droits qu&rsquo;elle vote. \u00bb \u00ab La R\u00e9publique c&rsquo;est nous aussi \u00bb, peut-on lire sur les pancartes brandies par les manifestants, dont une grande partie en fauteuil roulant, r\u00e9unis place de la R\u00e9publique \u00e0 l&rsquo;appel d&rsquo;APF France handicap. \u00ab Pour la huiti\u00e8me ann\u00e9e cons\u00e9cutive, le handicap reste la premi\u00e8re cause de discrimination en France et on s&rsquo;\u00e9tonne de notre impatience \u00bb, a d\u00e9clar\u00e9 la pr\u00e9sidente de l&rsquo;association Pascale Ribes (<a href=\"https:\/\/informations.handicap.fr\/a-le-handicap-1er-motif-de-discriminations-depuis-8-ans-37885.php\" onclick=\"javascript:tracking_innerlink(&#039;38049&#039;,&#039;&#039;,&#039;Lien_page&#039;,&#039;https:\/\/informations.handicap.fr\/a-le-handicap-1er-motif-de-discriminations-depuis-8-ans-37885.php&#039;,&#039;https:\/\/www.handicap.fr\/tracking.php?s=1&#039;);\" rel=\"nofollow noopener\" target=\"_blank\">Le handicap, 1er motif de discriminations depuis 8 ans<\/a>).<\/p>\n<p><strong>L&rsquo;accessibilit\u00e9, un enjeu collectif<\/strong><\/p>\n<p>\u00ab Il faudrait nous satisfaire de promesses, de morceaux de libert\u00e9 ? \u00c7a suffit ! \u00bb, a-t-elle ajout\u00e9, appelant la soci\u00e9t\u00e9 civile \u00e0 se mobiliser sur cette question. \u00ab C&rsquo;est un probl\u00e8me qui concerne l&rsquo;ensemble de la soci\u00e9t\u00e9 \u00bb, abonde Claire, Bordelaise de 53 ans. \u00ab Quand on met un euro dans l&rsquo;accessibilit\u00e9, c&rsquo;est \u00e9galement dans l&rsquo;accessibilit\u00e9 pour les personnes \u00e2g\u00e9es, pour les parents qui ont des poussettes, pour la personne qui a un accident du travail et qui se retrouve momentan\u00e9ment en fauteuil. \u00bb<\/p>\n<p><strong>Une loi ambitieuse insuffisamment impliqu\u00e9e\u00a0?<\/strong><\/p>\n<p>Principale loi sur le handicap depuis 1975, la loi du 11 f\u00e9vrier 2005 \u00ab pour l&rsquo;\u00e9galit\u00e9 des droits et des chances, la participation et la citoyennet\u00e9 des personnes handicap\u00e9es \u00bb vise notamment \u00e0 rendre les lieux publics et transports accessibles dans un d\u00e9lai de 10 ans. Elle cr\u00e9e \u00e9galement un droit \u00e0 compensation, permettant la prise en charge par la collectivit\u00e9 de d\u00e9penses li\u00e9es au handicap et comporte des mesures pour l&rsquo;int\u00e9gration scolaire et l&rsquo;insertion professionnelle. Vingt ans apr\u00e8s, ces mesures sont pourtant loin d&rsquo;\u00eatre appliqu\u00e9es, d\u00e9plorent les associations, qui s&rsquo;\u00e9taient d\u00e9j\u00e0 mobilis\u00e9es le 10 f\u00e9vrier dernier (<a href=\"https:\/\/informations.handicap.fr\/a-20-ans-loi-handicap-une-manif-contre-les-droits-bafoues-37757.php\" onclick=\"javascript:tracking_innerlink(&#039;38049&#039;,&#039;&#039;,&#039;Lien_page&#039;,&#039;https:\/\/informations.handicap.fr\/a-20-ans-loi-handicap-une-manif-contre-les-droits-bafoues-37757.php&#039;,&#039;https:\/\/www.handicap.fr\/tracking.php?s=1&#039;);\" rel=\"nofollow noopener\" target=\"_blank\">20 ans loi handicap : une manif contre les \u00ab\u00a0droits bafou\u00e9s\u00a0\u00bb<\/a>).<\/p>\n<p>Face aux critiques, le gouvernement a assur\u00e9 qu&rsquo;il allait donner un coup \u00ab d&rsquo;acc\u00e9l\u00e9rateur \u00bb en mati\u00e8re d&rsquo;accessibilit\u00e9, promettant une \u00ab \u00e8re de rupture \u00bb et la fin des \u00ab d\u00e9rogations \u00bb.<\/p>\n<p><strong>L&rsquo;exigence de droits \u00e9gaux<\/strong><\/p>\n<p>\u00a0\u00ab On se mobilisera jusqu&rsquo;\u00e0 ce que toutes les personnes handicap\u00e9es aient les m\u00eames droits que les autres dans notre pays \u00bb, a pr\u00e9venu Micha\u00ebl Jeremiasz, champion paralympique de tennis fauteuil et pr\u00e9sident de l&rsquo;association Comme les autres. \u00ab Nous exigeons l&rsquo;acc\u00e8s libre et entier \u00e0 la cit\u00e9, on exige d&rsquo;avoir acc\u00e8s au logement, \u00e0 la sant\u00e9, \u00e0 l&rsquo;\u00e9ducation, \u00e0 l&#8217;emploi, au sport, \u00e0 la culture, au loisir, \u00e0 la sexualit\u00e9 \u00bb, a-t-il martel\u00e9.<\/p>\n<p>En France, entre 5,7 millions et 18,2 millions de personnes de cinq ans et plus pr\u00e9sentent un handicap, allant d&rsquo;une limitation fonctionnelle \u00e0 des pathologies tr\u00e8s lourdes, selon les derniers chiffres officiels publi\u00e9s en novembre 2024.<\/p>\n<p>\u00a9 Instagram michaeljeremiasz<\/p>\n<p>\u00ab Tous droits de reproduction et de repr\u00e9sentation r\u00e9serv\u00e9s.\u00a9 (2025) Agence France-Presse.Toutes les informations reproduites sur cette page sont prot\u00e9g\u00e9es par des droits de propri\u00e9t\u00e9 intellectuelle d\u00e9tenus par l&rsquo;AFP. Par cons\u00e9quent, aucune de ces informations ne peut \u00eatre reproduite, modifi\u00e9e, rediffus\u00e9e, traduite, exploit\u00e9e commercialement ou r\u00e9utilis\u00e9e de quelque mani\u00e8re que ce soit sans l&rsquo;accord pr\u00e9alable \u00e9crit de l&rsquo;AFP. L&rsquo;AFP ne pourra \u00eatre tenue pour responsable des d\u00e9lais, erreurs, omissions qui ne peuvent \u00eatre exclus, ni des cons\u00e9quences des actions ou transactions effectu\u00e9es sur la base de ces informations \u00bb.<\/p>\n<p>\n\t\tTh\u00e8mes : <\/p>\n","protected":false},"excerpt":{"rendered":"Plusieurs centaines de manifestants se sont r\u00e9unis le 15 mai 2025 \u00e0 Paris pour d\u00e9noncer l&rsquo;inapplication de la&hellip;\n","protected":false},"author":2,"featured_media":103600,"comment_status":"","ping_status":"","sticky":false,"template":"","format":"standard","meta":{"footnotes":""},"categories":[1888],"tags":[1111,1928,11,1927,22010,2483,1777,674,1011,27,1943,21273,22011,10234,12,1926,626,1925,3919,25],"class_list":{"0":"post-103599","1":"post","2":"type-post","3":"status-publish","4":"format-standard","5":"has-post-thumbnail","7":"category-paris","8":"tag-actu","9":"tag-actu-paris","10":"tag-actualites","11":"tag-actualites-paris","12":"tag-apf-france-handicap","13":"tag-droits","14":"tag-eu","15":"tag-europe","16":"tag-fr","17":"tag-france","18":"tag-handicap","19":"tag-manif","20":"tag-michael-jeremiasz","21":"tag-mobilisation","22":"tag-news","23":"tag-news-paris","24":"tag-paris","25":"tag-paris-news","26":"tag-rassemblement","27":"tag-republique-francaise"},"share_on_mastodon":{"url":"https:\/\/pubeurope.com\/@fr\/114515698177859221","error":""},"_links":{"self":[{"href":"https:\/\/www.europesays.com\/fr\/wp-json\/wp\/v2\/posts\/103599","targetHints":{"allow":["GET"]}}],"collection":[{"href":"https:\/\/www.europesays.com\/fr\/wp-json\/wp\/v2\/posts"}],"about":[{"href":"https:\/\/www.europesays.com\/fr\/wp-json\/wp\/v2\/types\/post"}],"author":[{"embeddable":true,"href":"https:\/\/www.europesays.com\/fr\/wp-json\/wp\/v2\/users\/2"}],"replies":[{"embeddable":true,"href":"https:\/\/www.europesays.com\/fr\/wp-json\/wp\/v2\/comments?post=103599"}],"version-history":[{"count":0,"href":"https:\/\/www.europesays.com\/fr\/wp-json\/wp\/v2\/posts\/103599\/revisions"}],"wp:featuredmedia":[{"embeddable":true,"href":"https:\/\/www.europesays.com\/fr\/wp-json\/wp\/v2\/media\/103600"}],"wp:attachment":[{"href":"https:\/\/www.europesays.com\/fr\/wp-json\/wp\/v2\/media?parent=103599"}],"wp:term":[{"taxonomy":"category","embeddable":true,"href":"https:\/\/www.europesays.com\/fr\/wp-json\/wp\/v2\/categories?post=103599"},{"taxonomy":"post_tag","embeddable":true,"href":"https:\/\/www.europesays.com\/fr\/wp-json\/wp\/v2\/tags?post=103599"}],"curies":[{"name":"wp","href":"https:\/\/api.w.org\/{rel}","templated":true}]}}