{"id":103605,"date":"2025-05-16T04:49:08","date_gmt":"2025-05-16T04:49:08","guid":{"rendered":"https:\/\/www.europesays.com\/fr\/103605\/"},"modified":"2025-05-16T04:49:08","modified_gmt":"2025-05-16T04:49:08","slug":"immobilier-a-paris-dans-le-quartier-maison-blanche-des-prix-aussi-attractifs-que-la-nouvelle-ligne-14","status":"publish","type":"post","link":"https:\/\/www.europesays.com\/fr\/103605\/","title":{"rendered":"Immobilier \u00e0 Paris\u00a0: dans le quartier Maison-Blanche, des prix aussi attractifs que la nouvelle ligne 14"},"content":{"rendered":"<p class=\"paragraph text_align_left\">\u00ab Au niveau praticit\u00e9, c\u2019est g\u00e9nial. \u00bb Devant la flambant neuve station de m\u00e9tro Maison-Blanche (Paris XIIIe) inaugur\u00e9e en juin 2024, Sylvie, habitante du quartier depuis 25 ans, savoure la pr\u00e9sence de la ligne 14 au pied de son immeuble. Pour elle, c\u2019est 20 minutes de moins dans le m\u00e9tro pour aller au travail chaque matin. Et son fils, expatri\u00e9 aux \u00c9tats-Unis, peut lui rendre visite plus facilement, gr\u00e2ce \u00e0 la connexion directe <a href=\"https:\/\/www.leparisien.fr\/economie\/aerien-grace-au-metro-laeroport-dorly-est-le-nouvel-eldorado-des-compagnies-11-05-2025-LFH6EYZMPBB6NLI4RLZBYD4FMM.php\" target=\"_self\" rel=\"nofollow noopener\">vers l\u2019a\u00e9roport d\u2019Orly<\/a>.<\/p>\n<p class=\"paragraph text_align_left\">Seul b\u00e9mol : \u00ab il y a beaucoup plus de passages devant chez moi \u00bb, reconna\u00eet-elle. Mais son attachement au secteur reste intact. \u00ab J\u2019aime sa mixit\u00e9, le quartier chinois, les commerces de l\u2019avenue d\u2019Italie, l\u2019enseigne Ikea \u00e0 proximit\u00e9\u2026 Et le parc Montsouris juste \u00e0 c\u00f4t\u00e9 \u00bb, poursuit Sylvie.<\/p>\n","protected":false},"excerpt":{"rendered":"\u00ab Au niveau praticit\u00e9, c\u2019est g\u00e9nial. \u00bb Devant la flambant neuve station de m\u00e9tro Maison-Blanche (Paris XIIIe) inaugur\u00e9e&hellip;\n","protected":false},"author":2,"featured_media":103606,"comment_status":"","ping_status":"","sticky":false,"template":"","format":"standard","meta":{"footnotes":""},"categories":[1888],"tags":[11,1777,674,1011,27,1116,12,626,25],"class_list":{"0":"post-103605","1":"post","2":"type-post","3":"status-publish","4":"format-standard","5":"has-post-thumbnail","7":"category-paris","8":"tag-actualites","9":"tag-eu","10":"tag-europe","11":"tag-fr","12":"tag-france","13":"tag-immobilier","14":"tag-news","15":"tag-paris","16":"tag-republique-francaise"},"share_on_mastodon":{"url":"https:\/\/pubeurope.com\/@fr\/114515710052064758","error":""},"_links":{"self":[{"href":"https:\/\/www.europesays.com\/fr\/wp-json\/wp\/v2\/posts\/103605","targetHints":{"allow":["GET"]}}],"collection":[{"href":"https:\/\/www.europesays.com\/fr\/wp-json\/wp\/v2\/posts"}],"about":[{"href":"https:\/\/www.europesays.com\/fr\/wp-json\/wp\/v2\/types\/post"}],"author":[{"embeddable":true,"href":"https:\/\/www.europesays.com\/fr\/wp-json\/wp\/v2\/users\/2"}],"replies":[{"embeddable":true,"href":"https:\/\/www.europesays.com\/fr\/wp-json\/wp\/v2\/comments?post=103605"}],"version-history":[{"count":0,"href":"https:\/\/www.europesays.com\/fr\/wp-json\/wp\/v2\/posts\/103605\/revisions"}],"wp:featuredmedia":[{"embeddable":true,"href":"https:\/\/www.europesays.com\/fr\/wp-json\/wp\/v2\/media\/103606"}],"wp:attachment":[{"href":"https:\/\/www.europesays.com\/fr\/wp-json\/wp\/v2\/media?parent=103605"}],"wp:term":[{"taxonomy":"category","embeddable":true,"href":"https:\/\/www.europesays.com\/fr\/wp-json\/wp\/v2\/categories?post=103605"},{"taxonomy":"post_tag","embeddable":true,"href":"https:\/\/www.europesays.com\/fr\/wp-json\/wp\/v2\/tags?post=103605"}],"curies":[{"name":"wp","href":"https:\/\/api.w.org\/{rel}","templated":true}]}}