{"id":103623,"date":"2025-05-16T04:58:13","date_gmt":"2025-05-16T04:58:13","guid":{"rendered":"https:\/\/www.europesays.com\/fr\/103623\/"},"modified":"2025-05-16T04:58:13","modified_gmt":"2025-05-16T04:58:13","slug":"les-bonnes-affaires-de-donald-trump-au-moyen-orient","status":"publish","type":"post","link":"https:\/\/www.europesays.com\/fr\/103623\/","title":{"rendered":"Les bonnes affaires de Donald Trump au Moyen-Orient"},"content":{"rendered":"<p><strong>D\u00c9CRYPTAGE &#8211; <\/strong>Privil\u00e9giant le business, le pr\u00e9sident am\u00e9ricain a engrang\u00e9 une impressionnante moisson de contrats lors de sa tourn\u00e9e dans les pays du Golfe.<\/p>\n<p class=\"fig-paragraph\">Une moisson de contrats,\u00a0<a href=\"http:\/\/www.lefigaro.fr\/international\/bonne-chance-a-la-syrie-donald-trump-adoube-ahmed-al-charaa-et-leve-les-sanctions-contre-damas-20250514\" target=\"_blank\" data-fig-type=\"Article\" rel=\"noopener nofollow\" data-gtm-custom-categorie=\"navigation\" data-gtm-custom-action=\"crossclick\" data-gtm-custom-label=\"Contextuel\" data-gtm-event=\"customEventSPE\" data-fig-domain=\"LEFIGARO\">une spectaculaire avanc\u00e9e diplomatique vers la Syrie<\/a>\u00a0et un faste d\u00e9bordant qui a r\u00e9joui\u00a0<a href=\"http:\/\/www.lefigaro.fr\/international\/on-s-achemine-vers-l-etat-de-surveillance-comment-trump-a-fait-entrer-big-brother-dans-la-vie-des-americains-20250513\" target=\"_blank\" data-fig-type=\"Article\" rel=\"noopener nofollow\" data-gtm-custom-categorie=\"navigation\" data-gtm-custom-action=\"crossclick\" data-gtm-custom-label=\"Contextuel\" data-gtm-event=\"customEventSPE\" data-fig-domain=\"LEFIGARO\">Donald Trump<\/a>\u00a0\u00e0 chaque \u00e9tape de sa tourn\u00e9e dans le Golfe, qui s\u2019ach\u00e8ve ce vendredi par une halte \u00e0 Abu Dhabi, la capitale des \u00c9mirats arabes unis. Mais au-del\u00e0 des petits fours au menu du d\u00eener offert en son honneur par l\u2019\u00e9mir du Qatar ou des F-35 qui ont escort\u00e9 le Boeing Air Force One du pr\u00e9sident des \u00c9tats-Unis \u00e0 son atterrissage \u00e0 Riyad, le premier d\u00e9placement \u00e0 l\u2019\u00e9tranger de Donald Trump a confirm\u00e9 un changement strat\u00e9gique am\u00e9ricain au Moyen-Orient par rapport \u00e0\u00a0<a href=\"http:\/\/www.lefigaro.fr\/international\/triste-fin-de-mandat-pour-joe-biden-20250102\" target=\"_blank\" data-fig-type=\"Article\" rel=\"noopener nofollow\" data-gtm-custom-categorie=\"navigation\" data-gtm-custom-action=\"crossclick\" data-gtm-custom-label=\"Contextuel\" data-gtm-event=\"customEventSPE\" data-fig-domain=\"LEFIGARO\">la pr\u00e9sidence Biden<\/a>.<\/p>\n<p class=\"fig-paragraph\">\u00ab\u00a0Le commerce remplace l\u2019intervention militaire, les puissances r\u00e9gionales contr\u00f4lent leur propre destin, et l\u2019Am\u00e9rique soutient sans occuper\u00a0\u00bb, r\u00e9sume sur son compte X l\u2019homme d\u2019affaires am\u00e9ricain Karl Mehta, pour qui \u00ab\u00a0cette approche co\u00fbte des milliards de dollars en moins tout en produisant de meilleurs r\u00e9sultats\u00a0\u00bb.<\/p>\n<p>Liste de \u00abdeals\u00bb impressionnante<\/p>\n<p class=\"fig-paragraph\">Devant des dirigeants \u2013 aussi peu id\u00e9ologues que lui \u2013 l\u2019ancien promoteur immobilier\u2026<\/p>\n<p class=\"fig-premium-paywall__infos\">\n        Cet article est r\u00e9serv\u00e9 aux abonn\u00e9s.        Il vous reste 75% \u00e0 d\u00e9couvrir.\n    <\/p>\n<p>                <img  data- alt=\"Le Figaro\" class=\"fig-img--complete fig-img\"\/><\/p>\n<p class=\"fig-premium-paywall__title\">Vente Flash<\/p>\n<p class=\"fig-premium-paywall__subtitle\">4,99\u20ac par mois pendant 12 mois. Sans engagement.<\/p>\n<p class=\"fig-premium-paywall__connect\">\n                D\u00e9j\u00e0 abonn\u00e9\u00a0?                <a class=\"fig-premium-paywall__connect-link\" href=\"https:\/\/connect.lefigaro.fr\/login?client=horizon_web&amp;type=main&amp;redirect_uri=https%3A%2F%2Fwww.lefigaro.fr%2Finternational%2Fles-bonnes-affaires-de-donald-trump-au-moyen-orient-20250515\" data-js-gtm=\"{&quot;customCategorie&quot;: &quot;conversion&quot;, &quot;customAction&quot;: &quot;before_Landing_Connexion_paywall_auto&quot;, &quot;customLabel&quot;: &quot;bGVmaWdhcm8uZnJfXzFmMDMxOTU3LTZkZTAtNjYzYy1hNmQ1LTk1YzgyNjU3M2M5Ml9fQXJ0aWNsZQ==_Les bonnes affaires de Donald Trump au Moyen-Orient_75&quot;, &quot;customIDSPE&quot;: &quot;bGVmaWdhcm8uZnJfXzFmMDMxOTU3LTZkZTAtNjYzYy1hNmQ1LTk1YzgyNjU3M2M5Ml9fQXJ0aWNsZQ==&quot;, &quot;event&quot;: &quot;customEventSPE&quot;}\" rel=\"nofollow noopener\" target=\"_blank\"><br \/>\n                    Connectez-vous<br \/>\n                <\/a>\n            <\/p>\n","protected":false},"excerpt":{"rendered":"D\u00c9CRYPTAGE &#8211; Privil\u00e9giant le business, le pr\u00e9sident am\u00e9ricain a engrang\u00e9 une impressionnante moisson de contrats lors de sa&hellip;\n","protected":false},"author":2,"featured_media":103624,"comment_status":"","ping_status":"","sticky":false,"template":"","format":"standard","meta":{"footnotes":""},"categories":[2],"tags":[259,11,260,3448,75,1011,27,14,261,20521,3257,12,262,25],"class_list":{"0":"post-103623","1":"post","2":"type-post","3":"status-publish","4":"format-standard","5":"has-post-thumbnail","7":"category-actualites","8":"tag-actualite-internationale","9":"tag-actualites","10":"tag-affaires-etrangeres","11":"tag-benjamin-netanyahou","12":"tag-donald-trump","13":"tag-fr","14":"tag-france","15":"tag-international","16":"tag-ministere-des-affaires-etrangeres","17":"tag-mohamed-ben-salmane","18":"tag-moyen-orient","19":"tag-news","20":"tag-politique-etrangere","21":"tag-republique-francaise"},"share_on_mastodon":{"url":"https:\/\/pubeurope.com\/@fr\/114515745362514039","error":""},"_links":{"self":[{"href":"https:\/\/www.europesays.com\/fr\/wp-json\/wp\/v2\/posts\/103623","targetHints":{"allow":["GET"]}}],"collection":[{"href":"https:\/\/www.europesays.com\/fr\/wp-json\/wp\/v2\/posts"}],"about":[{"href":"https:\/\/www.europesays.com\/fr\/wp-json\/wp\/v2\/types\/post"}],"author":[{"embeddable":true,"href":"https:\/\/www.europesays.com\/fr\/wp-json\/wp\/v2\/users\/2"}],"replies":[{"embeddable":true,"href":"https:\/\/www.europesays.com\/fr\/wp-json\/wp\/v2\/comments?post=103623"}],"version-history":[{"count":0,"href":"https:\/\/www.europesays.com\/fr\/wp-json\/wp\/v2\/posts\/103623\/revisions"}],"wp:featuredmedia":[{"embeddable":true,"href":"https:\/\/www.europesays.com\/fr\/wp-json\/wp\/v2\/media\/103624"}],"wp:attachment":[{"href":"https:\/\/www.europesays.com\/fr\/wp-json\/wp\/v2\/media?parent=103623"}],"wp:term":[{"taxonomy":"category","embeddable":true,"href":"https:\/\/www.europesays.com\/fr\/wp-json\/wp\/v2\/categories?post=103623"},{"taxonomy":"post_tag","embeddable":true,"href":"https:\/\/www.europesays.com\/fr\/wp-json\/wp\/v2\/tags?post=103623"}],"curies":[{"name":"wp","href":"https:\/\/api.w.org\/{rel}","templated":true}]}}