{"id":1036559,"date":"2026-07-01T13:29:15","date_gmt":"2026-07-01T13:29:15","guid":{"rendered":"https:\/\/www.europesays.com\/fr\/1036559\/"},"modified":"2026-07-01T13:29:15","modified_gmt":"2026-07-01T13:29:15","slug":"nous-voulons-offrir-aux-enfants-une-experience-exceptionnelle-a-lanester-le-conservatoire-cherche-des-voix-pour-chanter-a-lopera-de-rennes","status":"publish","type":"post","link":"https:\/\/www.europesays.com\/fr\/1036559\/","title":{"rendered":"\u00ab\u00a0Nous voulons offrir aux enfants une exp\u00e9rience exceptionnelle\u00a0\u00bb\u00a0: \u00e0 Lanester, le conservatoire cherche des voix pour chanter \u00e0 l\u2019Op\u00e9ra de Rennes"},"content":{"rendered":"<p>Le conservatoire de musique de Lanester lance un appel aux jeunes chanteurs. Quinze enfants et adolescents, \u00e2g\u00e9s de 9 \u00e0 16 ans, sont recherch\u00e9s pour int\u00e9grer le ch\u0153ur Korlann. Ils participeront ainsi \u00e0 la deuxi\u00e8me \u00e9dition d\u2019Objectif Ch\u0153urs de jeunes, un projet port\u00e9 par l\u2019Op\u00e9ra de Rennes. Ce projet r\u00e9unira huit ch\u0153urs bretons \u2013 deux par d\u00e9partement \u2013 lors du festival Le Grand Boum, en mai 2027.<\/p>\n<p>L\u2019objectif est de permettre aux jeunes de vivre une aventure artistique collective, qui se conclura par deux repr\u00e9sentations, dont une sur la sc\u00e8ne de l\u2019Op\u00e9ra de Rennes. \u00ab\u00a0Avec Korlann, nous voulons offrir aux enfants une exp\u00e9rience exceptionnelle\u00a0\u00bb, explique Marianne Guernec, professeur de chant choral.<\/p>\n<p>Deux stages \u00e0 Rennes<\/p>\n<p>Deux ch\u0153urs ont \u00e9t\u00e9 s\u00e9lectionn\u00e9s dans le Morbihan\u00a0: celui du conservatoire, qu\u2019il reste \u00e0 constituer, et celui du coll\u00e8ge de Saint-Av\u00e9. Les r\u00e9p\u00e9titions se d\u00e9rouleront chaque mercredi, de 16\u00a0h\u00a015 \u00e0 17\u00a0h\u00a015, au conservatoire. Les choristes b\u00e9n\u00e9ficieront \u00e9galement de l\u2019intervention de professionnels \u2013 chanteurs, pianistes, danseurs ou encore chefs de ch\u0153ur \u2013 avant plusieurs rassemblements avec les autres ensembles bretons. Deux stages \u00e0 Rennes et des r\u00e9p\u00e9titions d\u00e9partementales pr\u00e9pareront les jeunes au spectacle final. Pour Marina Quivooij, la directrice du conservatoire, \u00ab\u00a0ce ch\u0153ur est l\u2019occasion d\u2019ouvrir les portes du conservatoire \u00e0 un public qui n\u2019en est pas familier\u00a0\u00bb.<\/p>\n<p>Le projet est ouvert aux d\u00e9butants comme aux chanteurs plus exp\u00e9riment\u00e9s. Le co\u00fbt de l\u2019inscription annuelle n\u2019exc\u00e8de pas 60 \u20ac, tandis que les d\u00e9placements \u00e0 Rennes seront pris en charge. Le conservatoire esp\u00e8re constituer un groupe de quinze \u00e0 trente jeunes pour repr\u00e9senter le pays de Lorient lors de cette grande f\u00eate chorale r\u00e9gionale. Les inscriptions sont d\u2019ores et d\u00e9j\u00e0 ouvertes.<\/p>\n<p>Pratique<\/p>\n<p class=\"note\">Renseignements au conservatoire, t\u00e9l. 02\u00a097\u00a076\u00a003\u00a028.<\/p>\n","protected":false},"excerpt":{"rendered":"Le conservatoire de musique de Lanester lance un appel aux jeunes chanteurs. Quinze enfants et adolescents, \u00e2g\u00e9s de&hellip;\n","protected":false},"author":2,"featured_media":1036560,"comment_status":"","ping_status":"","sticky":false,"template":"","format":"standard","meta":{"footnotes":"","_share_on_mastodon":"0"},"categories":[2821],"tags":[1111,11,829,1777,674,1011,27,6349,12,584,25],"class_list":["post-1036559","post","type-post","status-publish","format-standard","has-post-thumbnail","category-rennes","tag-actu","tag-actualites","tag-bretagne","tag-eu","tag-europe","tag-fr","tag-france","tag-lanester","tag-news","tag-rennes","tag-republique-francaise"],"share_on_mastodon":{"url":"https:\/\/pubeurope.com\/@fr\/116844964463398193","error":""},"_links":{"self":[{"href":"https:\/\/www.europesays.com\/fr\/wp-json\/wp\/v2\/posts\/1036559","targetHints":{"allow":["GET"]}}],"collection":[{"href":"https:\/\/www.europesays.com\/fr\/wp-json\/wp\/v2\/posts"}],"about":[{"href":"https:\/\/www.europesays.com\/fr\/wp-json\/wp\/v2\/types\/post"}],"author":[{"embeddable":true,"href":"https:\/\/www.europesays.com\/fr\/wp-json\/wp\/v2\/users\/2"}],"replies":[{"embeddable":true,"href":"https:\/\/www.europesays.com\/fr\/wp-json\/wp\/v2\/comments?post=1036559"}],"version-history":[{"count":0,"href":"https:\/\/www.europesays.com\/fr\/wp-json\/wp\/v2\/posts\/1036559\/revisions"}],"wp:featuredmedia":[{"embeddable":true,"href":"https:\/\/www.europesays.com\/fr\/wp-json\/wp\/v2\/media\/1036560"}],"wp:attachment":[{"href":"https:\/\/www.europesays.com\/fr\/wp-json\/wp\/v2\/media?parent=1036559"}],"wp:term":[{"taxonomy":"category","embeddable":true,"href":"https:\/\/www.europesays.com\/fr\/wp-json\/wp\/v2\/categories?post=1036559"},{"taxonomy":"post_tag","embeddable":true,"href":"https:\/\/www.europesays.com\/fr\/wp-json\/wp\/v2\/tags?post=1036559"}],"curies":[{"name":"wp","href":"https:\/\/api.w.org\/{rel}","templated":true}]}}