{"id":103665,"date":"2025-05-16T05:24:09","date_gmt":"2025-05-16T05:24:09","guid":{"rendered":"https:\/\/www.europesays.com\/fr\/103665\/"},"modified":"2025-05-16T05:24:09","modified_gmt":"2025-05-16T05:24:09","slug":"ligue-1-un-dernier-billet-pour-la-ligue-des-champions-saint-etienne-veut-se-maintenir-les-enjeux-du-multiplex-de-la-34e-et-derniere-journee","status":"publish","type":"post","link":"https:\/\/www.europesays.com\/fr\/103665\/","title":{"rendered":"Ligue 1 &#8211; Un dernier billet pour la Ligue des champions, Saint-\u00c9tienne veut se maintenir&#8230; Les enjeux du multiplex de la 34e et derni\u00e8re journ\u00e9e"},"content":{"rendered":"<p class=\"article-p mdl\">Clap de fin sur la saison 2024-2025 de\u00a0<a class=\"link\" href=\"https:\/\/www.rtl.fr\/sujet\/ligue-1\" target=\"_blank\" rel=\"noopener\">Ligue 1<\/a>. La 34e et derni\u00e8re journ\u00e9e du championnat de France a lieu ce samedi 17 mai avec neuf rencontres disput\u00e9es simultan\u00e9ment, sous la forme d&rsquo;<strong>un traditionnel multiplex<\/strong>, \u00e0 21 heures.<\/p>\n<p class=\"article-p mdl\">Le week-end pass\u00e9,\u00a0<a class=\"link\" href=\"https:\/\/www.rtl.fr\/sport\/football\/ligue-1-monaco-et-marseille-en-ligue-des-champions-saint-etienne-entretient-l-espoir-retour-sur-le-multiplex-de-la-33e-journee-7900503183\" target=\"_blank\" rel=\"noopener\">l&rsquo;Olympique de Marseille et l&rsquo;AS Monaco ont valid\u00e9 leur qualification directe<\/a>\u00a0pour la phase r\u00e9guli\u00e8re de la prochaine Ligue des champions, rejoignant ainsi le Paris Saint-Germain d\u00e9j\u00e0 aur\u00e9ol\u00e9 depuis un mois de son 13e titre. Mais toutes les incertitudes ne sont pas lev\u00e9es au classement.<\/p>\n<p class=\"article-p mdl\"><strong>On attend toujours de conna\u00eetre l&rsquo;identit\u00e9 du 4e<\/strong>, qui aura \u00e0 passer par deux tours pr\u00e9liminaires cet \u00e9t\u00e9 pour disputer la C1, tandis qu&rsquo;une bataille acharn\u00e9e s&rsquo;annonce \u00e9galement en bas de tableau pour le maintien. Focus sur les diff\u00e9rents enjeux de cette derni\u00e8re journ\u00e9e.<\/p>\n<p>            Nice, Lille, Strasbourg et Lyon r\u00eavent de la 4e place pour la Ligue des champions<\/p>\n<p class=\"article-p mdl\">Ils ont tous perdu samedi dernier, voyant ainsi leurs espoirs d&rsquo;accrocher le podium r\u00e9duits \u00e0 n\u00e9ant. Mais la messe n&rsquo;est pas encore dite pour <strong>Nice, Lille et Strasbourg<\/strong> dans la course \u00e0 la Ligue des champions. L&rsquo;\u00e9quipe qui terminera 4e disputera deux tours pr\u00e9liminaires en ao\u00fbt pour esp\u00e9rer int\u00e9grer la phase principale de la comp\u00e9tition. La 34e journ\u00e9e promet de nous tenir en haleine : avec 57 points chacun, les trois clubs devront absolument l&#8217;emporter en soignant la diff\u00e9rence de buts, crit\u00e8re pour les d\u00e9partager en cas d&rsquo;\u00e9galit\u00e9.<\/p>\n<p class=\"article-p mdl\">Les Ni\u00e7ois disposent du meilleur bilan en la mati\u00e8re (+19) et semblent donc ma\u00eetres de leurs destins avant de recevoir Brest. M\u00eame en cas de victoire des deux autres, le Gym a de bonnes chances de conserver cette 4e place puisque le Losc (+15) et le Racing (+13) devront signer des cartons, respectivement contre Reims et Le Havre, pour esp\u00e9rer combler l&rsquo;\u00e9cart au goal average.<\/p>\n<p class=\"article-p mdl\">En l&rsquo;\u00e9tat, il faudrait un sacr\u00e9 concours de circonstances pour que <strong>Lyon<\/strong>, qui c\u00e9l\u00e9brera Alexandre Lacazette pour sa tr\u00e8s probable derni\u00e8re alors qu&rsquo;il est en fin de contrat, puisse se m\u00ealer \u00e0 la discussion pour la C1. Avec 54 unit\u00e9s, ils sont dans l&rsquo;obligation de battre Angers \u00e0 domicile en attendant trois d\u00e9faites des autres candidats \u00e0 l&rsquo;Europe. En cas de revers d&rsquo;une \u00e9quipe de devant combin\u00e9 \u00e0 un succ\u00e8s, l&rsquo;OL accrocherait la Ligue Conf\u00e9rence. M\u00eame chose pour la Ligue Europa si deux concurrents perdent. Autrement, le club rhodanien devra attendre une semaine de plus pour savoir s&rsquo;il jouera l&rsquo;Europe l&rsquo;an prochain : sa 7e place ne deviendra qualificative pour la C4 que si le PSG remporte la finale de la Coupe de France contre Reims.<\/p>\n<p class=\"article-p mdl\">\u00c0\u00a0noter que les Gones, toujours sous le coup d&rsquo;une r\u00e9trogradation administrative en Ligue 2 en raison de\u00a0<a class=\"link\" href=\"https:\/\/www.rtl.fr\/programmes\/on-refait-le-match\/7900501523-la-qutodienne-l-ol-en-danger-de-mort\" target=\"_blank\" rel=\"noopener\">leur situation financi\u00e8re<\/a>, seraient remplac\u00e9s par le mieux class\u00e9 entre Brest (8e, 50 points) et Lens (9e, 49 points) s&rsquo;ils \u00e9taient emp\u00each\u00e9s par les instances de postuler \u00e0 une Coupe d&rsquo;Europe.<\/p>\n<p>            Saint-\u00c9tienne, Le Havre, Nantes et Reims en qu\u00eate du maintien<\/p>\n<p class=\"article-p mdl\">En bas de classement, <strong>Saint-<\/strong><strong>\u00c9<\/strong><strong>tienne n&rsquo;a pas rendu les armes<\/strong>\u00a0(17e, 30 points). Alors qu&rsquo;on les voyait d\u00e9j\u00e0 en Ligue 2, les Verts l&rsquo;ont emport\u00e9 \u00e0 Reims (2-0) et ont profit\u00e9 du revers du Havre contre Marseille (1-2) pour revenir \u00e0 un petit point de la 16e place de barragiste, actuellement d\u00e9tenue par les Normands. Ils jouent leur survie dans l&rsquo;\u00e9lite ce samedi en recevant Toulouse &#8211; qui n&rsquo;a plus rien \u00e0 jouer &#8211; dans un stade Geoffroy-Guichard qui s&rsquo;annonce bouillant. Mais il faudra esp\u00e9rer un faux pas des formations qui les pr\u00e9c\u00e8dent, m\u00eame en cas de victoire.<\/p>\n<p>Pour s&rsquo;\u00e9viter le maximum de calculs, <strong>Le Havre<\/strong> (16e, 31 points) doit s&rsquo;imposer en Alsace afin d&rsquo;assurer a minima un barrage contre le vainqueur des play-offs de Ligue 2 (Metz ou Dunkerque). Mais le club doyen a m\u00eame la possibilit\u00e9 de d\u00e9passer, <strong>Nantes et Reims<\/strong> qui comptent deux points de plus qu&rsquo;eux. Les Canaris re\u00e7oivent la lanterne rouge montpelli\u00e9raine, quand les Marnais s&rsquo;attaquent au gros morceau lillois. Au vu de la diff\u00e9rence de buts largement en leur faveur par rapport \u00e0 Saint-\u00c9tienne, il faudrait en revanche un s\u00e9isme pour qu&rsquo;ils h\u00e9ritent du strapontin direct pour la division inf\u00e9rieure.<\/p>\n<p>    Qui pour finir meilleur buteur et meilleur passeur du championnat ?<\/p>\n<p class=\"article-p mdl\">Sacr\u00e9 meilleur joueur de Ligue 1 lors des Troph\u00e9es UNFP, le Parisien\u00a0<strong><a class=\"link\" href=\"https:\/\/www.rtl.fr\/sport\/football\/foot-ousmane-dembele-elu-meilleur-joueur-de-la-saison-aux-trophees-unfp-7900503293\" target=\"_blank\" rel=\"noopener\">Ousmane Demb\u00e9l\u00e9<\/a>\u00a0tient la corde pour le titre de meilleur buteur<\/strong> avec 21 r\u00e9alisations. Mais rien ne dit que le Fran\u00e7ais sera align\u00e9 par Luis Enrique pour la r\u00e9ception d&rsquo;Auxerre, alors que le PSG entend reposer ses forces vives en vue des finales de Coupe de France (le 24 contre Reims) mais surtout de Ligue des champions (le 31 contre l&rsquo;Inter Milan). Le Marseillais Mason Greenwood pourrait donc avoir une opportunit\u00e9 de combler ses deux buts de retard au classement.<\/p>\n<p class=\"article-p mdl\">En ce qui concerne le titre honorifique de meilleur passeur, la course est tr\u00e8s serr\u00e9e : Bradley Barcola (PSG) et Rayan Cherki (OL) comptent chacun 10 passes d\u00e9cisives. Mais un quatuor compos\u00e9 de\u00a0Maghnes Akliouche\u00a0(Monaco),\u00a0Ga\u00ebtan Perrin (Auxerre), Dilane Bakwa (Strasbourg) et Moses Simon (Nantes) reste en embuscade avec une offrande de moins seulement. En cas d&rsquo;\u00e9galit\u00e9, le joueur avec le plus de caviars d\u00e9livr\u00e9s dans le jeu sera nomm\u00e9 meilleur passeur. Pour l&rsquo;heure,<strong>\u00a0Barcola m\u00e8ne la danse<\/strong> (10\/10),\u00a0Cherki en ayant distribu\u00e9 deux sur coups de pied arr\u00eat\u00e9s.<\/p>\n<p>    La r\u00e9daction vous recommande<\/p>\n<p class=\"s-newsletter__title\">\n                L\u2019actualit\u00e9 par la r\u00e9daction de RTL dans votre bo\u00eete mail.\n            <\/p>\n<p class=\"s-newsletter__subtitle\">\n                Gr\u00e2ce \u00e0 votre compte RTL abonnez-vous \u00e0 la newsletter RTL info pour suivre toute l&rsquo;actualit\u00e9 au quotidien\n            <\/p>\n<p>\n                                    Lire la suite\n                                <\/p>\n","protected":false},"excerpt":{"rendered":"Clap de fin sur la saison 2024-2025 de\u00a0Ligue 1. La 34e et derni\u00e8re journ\u00e9e du championnat de France&hellip;\n","protected":false},"author":2,"featured_media":103666,"comment_status":"","ping_status":"","sticky":false,"template":"","format":"standard","meta":{"footnotes":""},"categories":[9653],"tags":[1111,11,444,2430,1777,674,107,2619,1011,27,66,2267,22018,12,2268,978,25,4001],"class_list":{"0":"post-103665","1":"post","2":"type-post","3":"status-publish","4":"format-standard","5":"has-post-thumbnail","7":"category-saint-etienne","8":"tag-actu","9":"tag-actualites","10":"tag-as-saint-etienne","11":"tag-auvergne-rhone-alpes","12":"tag-eu","13":"tag-europe","14":"tag-fil-info","15":"tag-fil-sport","16":"tag-fr","17":"tag-france","18":"tag-ligue-1","19":"tag-losc","20":"tag-multiplex-ligue-1","21":"tag-news","22":"tag-ogc-nice","23":"tag-olympique-lyonnais","24":"tag-republique-francaise","25":"tag-saint-etienne"},"share_on_mastodon":{"url":"https:\/\/pubeurope.com\/@fr\/114515847682475314","error":""},"_links":{"self":[{"href":"https:\/\/www.europesays.com\/fr\/wp-json\/wp\/v2\/posts\/103665","targetHints":{"allow":["GET"]}}],"collection":[{"href":"https:\/\/www.europesays.com\/fr\/wp-json\/wp\/v2\/posts"}],"about":[{"href":"https:\/\/www.europesays.com\/fr\/wp-json\/wp\/v2\/types\/post"}],"author":[{"embeddable":true,"href":"https:\/\/www.europesays.com\/fr\/wp-json\/wp\/v2\/users\/2"}],"replies":[{"embeddable":true,"href":"https:\/\/www.europesays.com\/fr\/wp-json\/wp\/v2\/comments?post=103665"}],"version-history":[{"count":0,"href":"https:\/\/www.europesays.com\/fr\/wp-json\/wp\/v2\/posts\/103665\/revisions"}],"wp:featuredmedia":[{"embeddable":true,"href":"https:\/\/www.europesays.com\/fr\/wp-json\/wp\/v2\/media\/103666"}],"wp:attachment":[{"href":"https:\/\/www.europesays.com\/fr\/wp-json\/wp\/v2\/media?parent=103665"}],"wp:term":[{"taxonomy":"category","embeddable":true,"href":"https:\/\/www.europesays.com\/fr\/wp-json\/wp\/v2\/categories?post=103665"},{"taxonomy":"post_tag","embeddable":true,"href":"https:\/\/www.europesays.com\/fr\/wp-json\/wp\/v2\/tags?post=103665"}],"curies":[{"name":"wp","href":"https:\/\/api.w.org\/{rel}","templated":true}]}}