{"id":103667,"date":"2025-05-16T05:25:10","date_gmt":"2025-05-16T05:25:10","guid":{"rendered":"https:\/\/www.europesays.com\/fr\/103667\/"},"modified":"2025-05-16T05:25:10","modified_gmt":"2025-05-16T05:25:10","slug":"le-savez-vous-du-jour-savez-vous-quel-artiste-connu-avait-realise-lancien-logo-du-conseil-regional-de-lorraine","status":"publish","type":"post","link":"https:\/\/www.europesays.com\/fr\/103667\/","title":{"rendered":"Le savez-vous du jour. Savez-vous quel artiste connu avait r\u00e9alis\u00e9 l\u2019ancien logo du conseil r\u00e9gional de Lorraine\u00a0?"},"content":{"rendered":"<p>Trois al\u00e9rions stylis\u00e9s sur un fond jaune dor\u00e9\u2026 Le logo du conseil r\u00e9gional de Lorraine \u00e9tait entr\u00e9 dans la m\u00e9moire graphique des Lorrains avant que la r\u00e9gion administrative ne fusionne avec celles d\u2019Alsace et de Champagne-Ardenne, en 2016, pour former la r\u00e9gion Grand Est.<\/p>\n<p>La nouvelle r\u00e9gion adopta bien \u00e9videmment une nouvelle identit\u00e9 graphique, et le logo r\u00e9gional fut renvoy\u00e9 dans l\u2019armoire aux souvenirs\u2026<\/p>\n<p>Apr\u00e8s avoir servi d&rsquo;identit\u00e9 visuelle \u00e0 la Lorraine pendant quasiment un quart de si\u00e8cle.\u00a0 Alors que le premier logo, adopt\u00e9 en 1986, repr\u00e9sentait un Hexagone d\u2019o\u00f9 sortait un arc-en-ciel avec quatre bandes (les quatre d\u00e9partements de la Lorraine), le dernier \u00e9tait en vigueur depuis 1993.<\/p>\n<p>\u00c0 l\u2019\u00e9poque, la r\u00e9gion s\u2019\u00e9tait tourn\u00e9e vers un artiste lorrain bien connu pour repenser son identit\u00e9 visuelle\u00a0: <a href=\"https:\/\/www.estrepublicain.fr\/p\/charelie-couture\" target=\"_blank\" rel=\"noopener\">CharlElie Couture<\/a>.<\/p>\n<p>  Des armoiries revisit\u00e9es<\/p>\n<p>N\u00e9 \u00e0 Nancy o\u00f9 il a grandi et <a href=\"https:\/\/www.estrepublicain.fr\/education\/2024\/09\/28\/nancy-charlelie-couture-de-retour-a-henri-poincare-son-ancien-lycee\" target=\"_blank\" rel=\"noopener\">fait ses \u00e9tudes<\/a> , l\u2019artiste multicarte avait r\u00e9alis\u00e9 le logo de la Lorraine en reprenant les armoiries de la r\u00e9gion mais avec un nouveau graphisme et un nouveau sens de lecture.<\/p>\n<p>Pr\u00e9sent sur les panneaux d\u2019entr\u00e9e dans la r\u00e9gion, les plaques d\u2019immatriculation des voitures, ce logo est au fil des ann\u00e9es devenu un marqueur indissociable de la Lorraine.<\/p>\n<p>R\u00e9alis\u00e9 par un artiste tr\u00e8s connu dans la r\u00e9gion, et au-del\u00e0.<\/p>\n","protected":false},"excerpt":{"rendered":"Trois al\u00e9rions stylis\u00e9s sur un fond jaune dor\u00e9\u2026 Le logo du conseil r\u00e9gional de Lorraine \u00e9tait entr\u00e9 dans&hellip;\n","protected":false},"author":2,"featured_media":103668,"comment_status":"","ping_status":"","sticky":false,"template":"","format":"standard","meta":{"footnotes":""},"categories":[9635],"tags":[1111,11,1687,3602,1707,1704,1706,1705,10174,1777,674,1011,27,775,937,1702,1703,12,2661,25,104],"class_list":{"0":"post-103667","1":"post","2":"type-post","3":"status-publish","4":"format-standard","5":"has-post-thumbnail","7":"category-nancy","8":"tag-actu","9":"tag-actualites","10":"tag-culture-loisirs","11":"tag-edition-bar-le-duc","12":"tag-edition-luneville","13":"tag-edition-nancy-et-agglomeration","14":"tag-edition-pont-a-mousson","15":"tag-edition-toul","16":"tag-edition-verdun","17":"tag-eu","18":"tag-europe","19":"tag-fr","20":"tag-france","21":"tag-grand-est","22":"tag-histoire","23":"tag-nancy","24":"tag-nancy-ville-54b","25":"tag-news","26":"tag-patrimoine-culturel","27":"tag-republique-francaise","28":"tag-societe"},"share_on_mastodon":{"url":"https:\/\/pubeurope.com\/@fr\/114515851603445431","error":""},"_links":{"self":[{"href":"https:\/\/www.europesays.com\/fr\/wp-json\/wp\/v2\/posts\/103667","targetHints":{"allow":["GET"]}}],"collection":[{"href":"https:\/\/www.europesays.com\/fr\/wp-json\/wp\/v2\/posts"}],"about":[{"href":"https:\/\/www.europesays.com\/fr\/wp-json\/wp\/v2\/types\/post"}],"author":[{"embeddable":true,"href":"https:\/\/www.europesays.com\/fr\/wp-json\/wp\/v2\/users\/2"}],"replies":[{"embeddable":true,"href":"https:\/\/www.europesays.com\/fr\/wp-json\/wp\/v2\/comments?post=103667"}],"version-history":[{"count":0,"href":"https:\/\/www.europesays.com\/fr\/wp-json\/wp\/v2\/posts\/103667\/revisions"}],"wp:featuredmedia":[{"embeddable":true,"href":"https:\/\/www.europesays.com\/fr\/wp-json\/wp\/v2\/media\/103668"}],"wp:attachment":[{"href":"https:\/\/www.europesays.com\/fr\/wp-json\/wp\/v2\/media?parent=103667"}],"wp:term":[{"taxonomy":"category","embeddable":true,"href":"https:\/\/www.europesays.com\/fr\/wp-json\/wp\/v2\/categories?post=103667"},{"taxonomy":"post_tag","embeddable":true,"href":"https:\/\/www.europesays.com\/fr\/wp-json\/wp\/v2\/tags?post=103667"}],"curies":[{"name":"wp","href":"https:\/\/api.w.org\/{rel}","templated":true}]}}