{"id":103677,"date":"2025-05-16T05:31:08","date_gmt":"2025-05-16T05:31:08","guid":{"rendered":"https:\/\/www.europesays.com\/fr\/103677\/"},"modified":"2025-05-16T05:31:08","modified_gmt":"2025-05-16T05:31:08","slug":"sur-les-hauts-de-rouen-il-se-bat-pour-sauver-un-arbre-centenaire-qui-fait-partie-du-paysage","status":"publish","type":"post","link":"https:\/\/www.europesays.com\/fr\/103677\/","title":{"rendered":"Sur les Hauts de Rouen, il se bat pour sauver un arbre centenaire qui \u00ab fait partie du paysage \u00bb"},"content":{"rendered":"<p>            Par<br \/>\n        <strong><br \/>\n            <a href=\"https:\/\/actu.fr\/auteur\/yann-rivallan\" title=\"Consulter tous les articles de Yann Rivallan\" target=\"_blank\" rel=\"noopener\">Yann Rivallan<\/a><br \/>\n        <\/strong><\/p>\n<p>        Publi\u00e9 le<\/p>\n<p>            16 mai 2025 \u00e0 6h57        <\/p>\n<p>\u00ab\u2009J\u2019ai essay\u00e9 de le stopper.\u2009\u00bb Dans la matin\u00e9e du mardi 13\u00a0mai 2025, Rayan, un habitant du quartier des <a href=\"https:\/\/actu.fr\/tag\/hauts-de-rouen\" target=\"_blank\" rel=\"noopener\">Hauts de Rouen<\/a>, a \u00e9t\u00e9 \u00e9tonn\u00e9. Sous ses yeux, un prestataire du bailleur Logeo Seine commen\u00e7ait \u00e0 <strong>\u00e9laguer \u00ab\u2009un arbre centenaire\u2009\u00bb<\/strong> dans la rue Colette. Apr\u00e8s avoir \u00e9chang\u00e9 avec le paysagiste, Rayan a appris qu\u2019il \u00e9tait missionn\u00e9 pour \u00ab\u2009l\u2019abattre\u2009\u00bb.<\/p>\n<p>\u00ab\u2009Il fait partie du paysage\u2009\u00bb<\/p>\n<p class=\" wall-content\">Ce ch\u00eane, qui \u00ab\u2009fait partie du paysage du quartier\u2009\u00bb, selon Rayan est propri\u00e9t\u00e9 du bailleur social. En effet, le long de la rue Colette, Logeo Seine construit depuis plusieurs mois de petites maisons individuelles.<\/p>\n<p class=\" wall-content\">Et l\u2019une d\u2019elles se trouve <strong>tout proche de ce ch\u00eane centenaire<\/strong>. S\u2019il s\u2019agit d\u2019une propri\u00e9t\u00e9 priv\u00e9e et, qu\u2019en th\u00e9orie, rien n\u2019emp\u00eache le bailleur de couper cet arbre, c\u2019est un certain \u00e9moi qui r\u00e8gne dans le quartier, selon Rayan.<\/p>\n<blockquote class=\"ac-article-quote wall-content\">\n<p>Les gens qui passaient devant [le chantier, NDLR] avaient l&rsquo;air atterr\u00e9s.<\/p>\n<p>    <strong>Rayan<\/strong><br \/>\n        Un habitant des Hauts de Rouen    <\/p><\/blockquote>\n<p class=\" wall-content\">Pour tenter d\u2019arr\u00eater le chantier, il contacte la mairie de Rouen et<strong> le groupe \u00e9cologiste local<\/strong>. \u00ab\u2009En 10 minutes ils ont r\u00e9ussi \u00e0 tout stopper\u2009\u00bb, se f\u00e9licite Rayan. Mais toujours selon lui, ce r\u00e9pit risque de n\u2019\u00eatre que de courte dur\u00e9e. \u00ab\u2009C\u2019est une question d\u2019heures ou de jours avant que \u00e7a ne reprenne\u2009\u00bb, pense-t-il.<\/p>\n<p>\u00ab\u2009Des \u00e9changes sont en cours\u2009\u00bb<\/p>\n<p class=\" wall-content\">Dans ce dossier, l\u2019adjoint au maire Jean-Michel B\u00e9r\u00e9govoy est tout de suite intervenu, nous apprend Ma\u00ebl Dubuc, collaborateur du groupe \u00e9cologiste local. L\u2019\u00e9lagage a bien \u00e9t\u00e9 interrompu pour le moment et <strong>\u00ab\u2009des \u00e9changes sont en cours<\/strong> avec le bailleur\u2009\u00bb, poursuit le collaborateur.<\/p>\n<p class=\" wall-content\">Visiblement, Logeo Seine n\u2019est pas oppos\u00e9 \u00e0 l\u2019id\u00e9e de revenir sur sa d\u00e9cision. \u00ab\u2009Un \u00e9lagage pourrait suffire\u2009\u00bb, pense le collaborateur \u00e9cologiste. Car malgr\u00e9 la proximit\u00e9 entre l\u2019une des maisons et le ch\u00eane, l\u2019abattage appara\u00eet l\u00e9g\u00e8rement excessif.<\/p>\n<p class=\" wall-content\">De son c\u00f4t\u00e9, le service communication de Logeo Seine confirme simplement\u2009: \u00ab\u2009Des travaux d\u2019\u00e9lagage sur quatre arbres de cette parcelle ont d\u00e9but\u00e9 mardi 13 mai. Un riverain a exprim\u00e9 une vive opposition aupr\u00e8s de l\u2019entreprise qui, dans un souci d\u2019apaisement, a pr\u00e9f\u00e9r\u00e9<strong> suspendre ses travaux<\/strong>\u2009\u00bb. En attendant la suite.<\/p>\n<p>Suivez l\u2019actualit\u00e9 de Rouen sur <a href=\"https:\/\/www.whatsapp.com\/channel\/0029VaKfnf99hXF2ddApFB1D\" target=\"_blank\" rel=\"noopener\">notre cha\u00eene WhatsApp<\/a> et sur <a href=\"https:\/\/www.tiktok.com\/@76actu.fr?lang=fr\" target=\"_blank\" rel=\"noopener\">notre compte TikTok<\/a><\/p>\n<p class=\" wall-content\">Suivez toute l\u2019actualit\u00e9 de vos villes et m\u00e9dias favoris en vous inscrivant \u00e0 <a href=\"https:\/\/moncompte.actu.fr\" title=\"D\u00e9couvez Mon Actu\" rel=\"nofollow noopener\" data-trk=\"{&quot;cta&quot;:{&quot;action&quot;:&quot;https:\\\/\\\/moncompte.actu.fr&quot;,&quot;category&quot;:&quot;mon compte&quot;,&quot;from&quot;:&quot;article footer&quot;,&quot;name&quot;:&quot;Mon actu&quot;,&quot;type&quot;:&quot;cta&quot;}}\" target=\"_blank\">Mon Actu<\/a>.<\/p>\n<p>                    <script async src=\"\/\/www.tiktok.com\/embed.js\"><\/script><\/p>\n","protected":false},"excerpt":{"rendered":"Par Yann Rivallan Publi\u00e9 le 16 mai 2025 \u00e0 6h57 \u00ab\u2009J\u2019ai essay\u00e9 de le stopper.\u2009\u00bb Dans la matin\u00e9e&hellip;\n","protected":false},"author":2,"featured_media":103678,"comment_status":"","ping_status":"","sticky":false,"template":"","format":"standard","meta":{"footnotes":""},"categories":[9587],"tags":[1111,11,436,1777,674,1011,27,12028,6459,12,5161,52,25,9590],"class_list":{"0":"post-103677","1":"post","2":"type-post","3":"status-publish","4":"format-standard","5":"has-post-thumbnail","7":"category-rouen","8":"tag-actu","9":"tag-actualites","10":"tag-environnement","11":"tag-eu","12":"tag-europe","13":"tag-fr","14":"tag-france","15":"tag-hauts-de-rouen","16":"tag-logements-sociaux","17":"tag-news","18":"tag-normandie","19":"tag-planete","20":"tag-republique-francaise","21":"tag-rouen"},"share_on_mastodon":{"url":"https:\/\/pubeurope.com\/@fr\/114515875179600372","error":""},"_links":{"self":[{"href":"https:\/\/www.europesays.com\/fr\/wp-json\/wp\/v2\/posts\/103677","targetHints":{"allow":["GET"]}}],"collection":[{"href":"https:\/\/www.europesays.com\/fr\/wp-json\/wp\/v2\/posts"}],"about":[{"href":"https:\/\/www.europesays.com\/fr\/wp-json\/wp\/v2\/types\/post"}],"author":[{"embeddable":true,"href":"https:\/\/www.europesays.com\/fr\/wp-json\/wp\/v2\/users\/2"}],"replies":[{"embeddable":true,"href":"https:\/\/www.europesays.com\/fr\/wp-json\/wp\/v2\/comments?post=103677"}],"version-history":[{"count":0,"href":"https:\/\/www.europesays.com\/fr\/wp-json\/wp\/v2\/posts\/103677\/revisions"}],"wp:featuredmedia":[{"embeddable":true,"href":"https:\/\/www.europesays.com\/fr\/wp-json\/wp\/v2\/media\/103678"}],"wp:attachment":[{"href":"https:\/\/www.europesays.com\/fr\/wp-json\/wp\/v2\/media?parent=103677"}],"wp:term":[{"taxonomy":"category","embeddable":true,"href":"https:\/\/www.europesays.com\/fr\/wp-json\/wp\/v2\/categories?post=103677"},{"taxonomy":"post_tag","embeddable":true,"href":"https:\/\/www.europesays.com\/fr\/wp-json\/wp\/v2\/tags?post=103677"}],"curies":[{"name":"wp","href":"https:\/\/api.w.org\/{rel}","templated":true}]}}