{"id":103680,"date":"2025-05-16T05:33:10","date_gmt":"2025-05-16T05:33:10","guid":{"rendered":"https:\/\/www.europesays.com\/fr\/103680\/"},"modified":"2025-05-16T05:33:10","modified_gmt":"2025-05-16T05:33:10","slug":"en-image-west-side-story-sinvite-a-grenoble","status":"publish","type":"post","link":"https:\/\/www.europesays.com\/fr\/103680\/","title":{"rendered":"En image. West Side Story s&rsquo;invite \u00e0 Grenoble"},"content":{"rendered":"<p>Tony, Maria, les Jets, et les Sharks, des noms plus que connus pour les fans de com\u00e9dies musicales. Du 16 au 20 mai, la Fabrique Op\u00e9ra propose de faire voyager les spectateurs au c\u0153ur du New-York des ann\u00e9es 1950 avec \u00ab\u00a0West Side Story\u00a0\u00bb, la fameuse \u0153uvre de L\u00e9onard Bernstein. L&rsquo;occasion de profiter d&rsquo;un spectacle haut en couleurs avec des chor\u00e9graphies r\u00e9alis\u00e9es par des danseurs qui\u00a0performent\u00a0dans les plus grandes com\u00e9dies musicales du moment. D\u00e9couverte en images lors de la g\u00e9n\u00e9rale qui s&rsquo;est d\u00e9roul\u00e9e ce jeudi 16 mai.<\/p>\n","protected":false},"excerpt":{"rendered":"Tony, Maria, les Jets, et les Sharks, des noms plus que connus pour les fans de com\u00e9dies musicales.&hellip;\n","protected":false},"author":2,"featured_media":103681,"comment_status":"","ping_status":"","sticky":false,"template":"","format":"standard","meta":{"footnotes":""},"categories":[9566],"tags":[1111,11,2430,1687,1777,674,107,17649,1795,1011,27,2797,2798,2731,108,12,25,3140],"class_list":{"0":"post-103680","1":"post","2":"type-post","3":"status-publish","4":"format-standard","5":"has-post-thumbnail","7":"category-grenoble","8":"tag-actu","9":"tag-actualites","10":"tag-auvergne-rhone-alpes","11":"tag-culture-loisirs","12":"tag-eu","13":"tag-europe","14":"tag-fil-info","15":"tag-fil-print","16":"tag-fil-web","17":"tag-fr","18":"tag-france","19":"tag-galerie-loisirs","20":"tag-galerie-photo","21":"tag-grenoble","22":"tag-isere","23":"tag-news","24":"tag-republique-francaise","25":"tag-spectacle"},"share_on_mastodon":{"url":"https:\/\/pubeurope.com\/@fr\/114515883157355765","error":""},"_links":{"self":[{"href":"https:\/\/www.europesays.com\/fr\/wp-json\/wp\/v2\/posts\/103680","targetHints":{"allow":["GET"]}}],"collection":[{"href":"https:\/\/www.europesays.com\/fr\/wp-json\/wp\/v2\/posts"}],"about":[{"href":"https:\/\/www.europesays.com\/fr\/wp-json\/wp\/v2\/types\/post"}],"author":[{"embeddable":true,"href":"https:\/\/www.europesays.com\/fr\/wp-json\/wp\/v2\/users\/2"}],"replies":[{"embeddable":true,"href":"https:\/\/www.europesays.com\/fr\/wp-json\/wp\/v2\/comments?post=103680"}],"version-history":[{"count":0,"href":"https:\/\/www.europesays.com\/fr\/wp-json\/wp\/v2\/posts\/103680\/revisions"}],"wp:featuredmedia":[{"embeddable":true,"href":"https:\/\/www.europesays.com\/fr\/wp-json\/wp\/v2\/media\/103681"}],"wp:attachment":[{"href":"https:\/\/www.europesays.com\/fr\/wp-json\/wp\/v2\/media?parent=103680"}],"wp:term":[{"taxonomy":"category","embeddable":true,"href":"https:\/\/www.europesays.com\/fr\/wp-json\/wp\/v2\/categories?post=103680"},{"taxonomy":"post_tag","embeddable":true,"href":"https:\/\/www.europesays.com\/fr\/wp-json\/wp\/v2\/tags?post=103680"}],"curies":[{"name":"wp","href":"https:\/\/api.w.org\/{rel}","templated":true}]}}