{"id":103684,"date":"2025-05-16T05:35:17","date_gmt":"2025-05-16T05:35:17","guid":{"rendered":"https:\/\/www.europesays.com\/fr\/103684\/"},"modified":"2025-05-16T05:35:17","modified_gmt":"2025-05-16T05:35:17","slug":"le-bar-la-place-accueille-pour-la-premiere-fois-le-ducky-comedy-club","status":"publish","type":"post","link":"https:\/\/www.europesays.com\/fr\/103684\/","title":{"rendered":"le bar La Place accueille pour la premi\u00e8re fois le Ducky Comedy Club"},"content":{"rendered":"<p>            Par<br \/>\n        <strong><br \/>\n            <a href=\"https:\/\/actu.fr\/auteur\/lou-batteux\" title=\"Consulter tous les articles de Lou Batteux\" target=\"_blank\" rel=\"noopener\">Lou Batteux<\/a><br \/>\n        <\/strong><\/p>\n<p>        Publi\u00e9 le<\/p>\n<p>            16 mai 2025 \u00e0 6h32        <\/p>\n<p>Le <strong>Ducky Comedy Club<\/strong>, comedy club rennais, vient faire un tour au bar <strong>La Place<\/strong>, au <strong>7, place du Champ Jacquet<\/strong>, \u00e0 Rennes, <strong>mercredi 21 mai 2025<\/strong> \u00e0<strong> 20 h 30<\/strong>.<\/p>\n<p class=\" wall-content\">Pour cette premi\u00e8re soir\u00e9e \u00e0 La Place, <strong>six humoristes<\/strong> se succ\u00e8deront pendant <strong>une heure<\/strong> de spectacle, avec entracte.\u00a0<\/p>\n<p class=\" wall-content\">Cet \u00e9v\u00e8nement organis\u00e9 par <a href=\"https:\/\/linktr.ee\/alexkamo?fbclid=PAZXh0bgNhZW0CMTEAAacUz5YCBlfRciWO9bQltN95GNaGE9os9XidNQVapqS7gogzKQ7K7uN7W2cSqw_aem_g8G-JH_LP3B1TANZEfqllg\" target=\"_blank\" rel=\"noopener\">Alex Kamo<\/a> et r\u00e9servable <strong>gratuitement<\/strong> n\u2019est accessible qu\u2019\u00e0 un <strong>public averti<\/strong> (plus de 18 ans). La sortie se fait \u00e0<strong> prix libre<\/strong>.<\/p>\n<p class=\" wall-content\"><a href=\"https:\/\/www.instagram.com\/p\/DI6QNC0sorV\/embed\" title=\"Ouvrir le lien sur Instagram\" target=\"_blank\" rel=\"noopener\">Visualiser le contenu sur Instagram<\/a><\/p>\n<p class=\" wall-content\">Envie de <strong>rire<\/strong> autour d\u2019un verre ? R\u00e9serve ta place <a href=\"https:\/\/www.eventbrite.fr\/e\/comedy-club-a-la-place-tickets-1339506141929?utm-campaign=social&amp;utm-content=attendeeshare&amp;utm-medium=discovery&amp;utm-term=listing&amp;utm-source=cp&amp;aff=ebdsshcopyurl&amp;fbclid=IwY2xjawKOwIxleHRuA2FlbQIxMABicmlkETFnQVk0MmtPazYzTmtTbEFKAR63LhZny7fl6AWFWPhXo5HE9mcfUYez-Fv3he-7hXux6grHkkycrfRrdOW3nw_aem_CJFHkAc2hp0RQPOObVsLQA\" target=\"_blank\" rel=\"noopener\">ici<\/a>. Pour plus d\u2019informations sur <strong>l\u2019\u00e9v\u00e8nement<\/strong>, retrouve-le sur <a href=\"https:\/\/fb.me\/e\/3kCqzlCAB\" target=\"_blank\" rel=\"noopener\">Facebook<\/a>.<\/p>\n<p>Plus d\u2019infos et d\u2019\u00e9v\u00e8nements du Ducky Comedy Club <a href=\"https:\/\/linktr.ee\/duckycomedie?fbclid=PAZXh0bgNhZW0CMTEAAacm9EAmwHWBtGiTEyPqhsBZggovRvb5vKCEsJDde-U5XFWwBAnlem8VdjShUw_aem_yL-pWFX3JlI5OLd4UdNXog\" target=\"_blank\" rel=\"noopener\">sur ce site<\/a>.Vid\u00e9os : en ce moment sur Actu<\/p>\n<p class=\" wall-content\">Suivez toute l\u2019actualit\u00e9 de vos villes et m\u00e9dias favoris en vous inscrivant \u00e0 <a href=\"https:\/\/moncompte.actu.fr\" title=\"D\u00e9couvez Mon Actu\" rel=\"nofollow noopener\" data-trk=\"{&quot;cta&quot;:{&quot;action&quot;:&quot;https:\\\/\\\/moncompte.actu.fr&quot;,&quot;category&quot;:&quot;mon compte&quot;,&quot;from&quot;:&quot;article footer&quot;,&quot;name&quot;:&quot;Mon actu&quot;,&quot;type&quot;:&quot;cta&quot;}}\" target=\"_blank\">Mon Actu<\/a>.<\/p>\n<p>                    <script async src=\"\/\/www.instagram.com\/embed.js\"><\/script><\/p>\n","protected":false},"excerpt":{"rendered":"Par Lou Batteux Publi\u00e9 le 16 mai 2025 \u00e0 6h32 Le Ducky Comedy Club, comedy club rennais, vient&hellip;\n","protected":false},"author":2,"featured_media":103685,"comment_status":"","ping_status":"","sticky":false,"template":"","format":"standard","meta":{"footnotes":""},"categories":[2821],"tags":[1111,11,829,9782,1777,674,1011,27,708,1652,12,584,25,853],"class_list":{"0":"post-103684","1":"post","2":"type-post","3":"status-publish","4":"format-standard","5":"has-post-thumbnail","7":"category-rennes","8":"tag-actu","9":"tag-actualites","10":"tag-bretagne","11":"tag-dans-les-bars","12":"tag-eu","13":"tag-europe","14":"tag-fr","15":"tag-france","16":"tag-humour","17":"tag-loisirs-culture","18":"tag-news","19":"tag-rennes","20":"tag-republique-francaise","21":"tag-spectacles"},"share_on_mastodon":{"url":"https:\/\/pubeurope.com\/@fr\/114515890903002014","error":""},"_links":{"self":[{"href":"https:\/\/www.europesays.com\/fr\/wp-json\/wp\/v2\/posts\/103684","targetHints":{"allow":["GET"]}}],"collection":[{"href":"https:\/\/www.europesays.com\/fr\/wp-json\/wp\/v2\/posts"}],"about":[{"href":"https:\/\/www.europesays.com\/fr\/wp-json\/wp\/v2\/types\/post"}],"author":[{"embeddable":true,"href":"https:\/\/www.europesays.com\/fr\/wp-json\/wp\/v2\/users\/2"}],"replies":[{"embeddable":true,"href":"https:\/\/www.europesays.com\/fr\/wp-json\/wp\/v2\/comments?post=103684"}],"version-history":[{"count":0,"href":"https:\/\/www.europesays.com\/fr\/wp-json\/wp\/v2\/posts\/103684\/revisions"}],"wp:featuredmedia":[{"embeddable":true,"href":"https:\/\/www.europesays.com\/fr\/wp-json\/wp\/v2\/media\/103685"}],"wp:attachment":[{"href":"https:\/\/www.europesays.com\/fr\/wp-json\/wp\/v2\/media?parent=103684"}],"wp:term":[{"taxonomy":"category","embeddable":true,"href":"https:\/\/www.europesays.com\/fr\/wp-json\/wp\/v2\/categories?post=103684"},{"taxonomy":"post_tag","embeddable":true,"href":"https:\/\/www.europesays.com\/fr\/wp-json\/wp\/v2\/tags?post=103684"}],"curies":[{"name":"wp","href":"https:\/\/api.w.org\/{rel}","templated":true}]}}