{"id":103686,"date":"2025-05-16T05:36:28","date_gmt":"2025-05-16T05:36:28","guid":{"rendered":"https:\/\/www.europesays.com\/fr\/103686\/"},"modified":"2025-05-16T05:36:28","modified_gmt":"2025-05-16T05:36:28","slug":"maman-on-a-vu-un-homme-qui-voulait-tuer-quelquun-a-rennes-les-enfants-en-premiere-ligne-face-au-narcotrafic","status":"publish","type":"post","link":"https:\/\/www.europesays.com\/fr\/103686\/","title":{"rendered":"\u00ab\u00a0Maman, on a vu un homme qui voulait tuer quelqu\u2019un\u00a0\u00bb\u00a0: \u00e0 Rennes, les enfants en premi\u00e8re ligne face au narcotrafic"},"content":{"rendered":"<p>\u00ab On \u00e9tait dehors avec trois enfants, devant notre immeuble, et on a entendu les rafales. J\u2019ai vu le voisin, compl\u00e8tement paniqu\u00e9, essayer de r\u00e9cup\u00e9rer ses enfants et on est rentr\u00e9 en courant dans notre immeuble. \u00bb La sc\u00e8ne, racont\u00e9e par une habitante de Villejean, \u00e0 Rennes, se passe le 3 mai. \u00c0 une centaine de m\u00e8tres de l\u00e0, rue du Nivernais, <a href=\"https:\/\/www.letelegramme.fr\/ille-et-vilaine\/rennes-35000\/fusillade-a-villejean-trois-jeunes-de-19-a-21-ans-mis-en-examen-et-incarceres-6812991.php\" target=\"_blank\" rel=\"nofollow noopener\">trois individus tirent \u00e0 l\u2019arme automatique<\/a> et blessent trois hommes.<\/p>\n<p>Le dernier \u00e9pisode en date de la guerre \u00e0 laquelle se livrent des bandes de narcotrafiquants dans ce quartier sensible du nord-ouest de la capitale bretonne. Comme lors de la <a href=\"https:\/\/www.letelegramme.fr\/ille-et-vilaine\/rennes-35000\/a-rennes-une-fusillade-eclate-dans-le-quartier-de-villejean-et-fait-plusieurs-blesses-6801036.php\" target=\"_blank\" rel=\"nofollow noopener\">pr\u00e9c\u00e9dente fusillade du Subway<\/a>, o\u00f9 se trouvait une petite fille de six ans, c\u2019est en plein jour que les assaillants ont d\u00e9cid\u00e9 d\u2019op\u00e9rer. Au milieu, des familles, spectatrices h\u00e9b\u00e9t\u00e9es de cette guerre de territoire. Les violences sur fond de trafic de drogue, les habitants de Villejean, mais aussi de Maurepas, th\u00e9\u00e2tre d\u2019une autre guerre de clans fin 2024, ou encore du Blosne, sont contraints de vivre avec. Pour d\u2019autres, ces violences ont un impact beaucoup plus lourd, comme cet enfant, fils de dealer \u00e0 Maurepas, <a href=\"https:\/\/www.letelegramme.fr\/ille-et-vilaine\/rennes-35000\/lenfant-de-5-ans-blesse-par-balles-pres-de-rennes-risque-une-infirmite-permanente-6698048.php\" target=\"_blank\" rel=\"nofollow noopener\">bless\u00e9 d\u2019une balle dans la t\u00eate<\/a> entre Vezin-le-Coquet et Pac\u00e9 apr\u00e8s une course-poursuite en d\u00e9cembre 2024.<\/p>\n<p>\u00c0 Villejean, l\u2019\u00e9v\u00e8nement du 3 mai \u00e9tait le 7e \u00e9pisode de tirs depuis fin 2024. \u00ab Plus t\u00f4t dans la semaine qui a pr\u00e9c\u00e9d\u00e9 ces tirs, mes enfants et leur papa, en allant au parc, sont tomb\u00e9s nez \u00e0 nez avec un gars arm\u00e9 qui en mena\u00e7ait un autre, raconte, encore abasourdie, une autre habitante de Villejean. Ils sont rentr\u00e9s \u00e0 la maison effray\u00e9s en me disant : \u00ab\u00a0Maman, on a vu un homme qui voulait tuer quelqu\u2019un\u00a0\u00bb \u00bb.<\/p>\n<p>\u00ab Je n\u2019ai pas les mots pour leur parler de ce sujet-l\u00e0 \u00bb<\/p>\n<p>Cette m\u00eame famille \u00e9tait \u00e9galement pr\u00e9sente non loin de la dalle, le 3 mai. \u00ab On a vu la police et les pompiers arriver, des gens courir et ils ont entendu qu\u2019il y avait une fusillade. Ma fille m\u2019a alors dit : \u00ab\u00a0Je ne me sens pas en s\u00e9curit\u00e9, on rentre\u00a0\u00bb. Au d\u00e9but, ils ne parlaient que de \u00e7a, m\u00eame dans leurs dessins. Mon fils de 5 ans dessinait des camions de pompiers tout le temps, alors qu\u2019il n\u2019en faisait jamais avant. \u00bb<\/p>\n<p>\u00ab Mes filles aussi ont peur \u00bb, ajoute Lady, r\u00e9sidente \u00e0 Villejean. Pour elle, cette fusillade a \u00e9t\u00e9 celle de trop. Son seul but aujourd\u2019hui : quitter Rennes. \u00ab Je n\u2019ai pas les mots pour leur parler de ce sujet-l\u00e0, on n\u2019a pas forc\u00e9ment les outils en tant que parent. \u00bb Laura, elle, a choisi de ne rien dire \u00e0 son fils de 5 ans : \u00ab Il n\u2019est pas au courant, on \u00e9vite de parler de \u00e7a \u00e0 la maison. \u00bb Pourtant, lui aussi est impact\u00e9. Car depuis ces fusillades, il a interdiction de retourner sur la dalle. \u00bb Avant, il m\u2019accompagnait quand j\u2019avais des courses \u00e0 faire au Carrefour de la dalle Kennedy, mais c\u2019est termin\u00e9. Il ne comprenait pas, je lui ai dit : \u00ab\u00a0Tu restes avec papa, parce que l\u00e0-bas, il y a des m\u00e9chants.\u00a0\u00bb \u00bb<\/p>\n<blockquote><p>Je dis \u00e0 mon fils de ne plus s\u2019habiller tout en noir pour ne pas \u00eatre confondu avec un dealer<\/p><\/blockquote>\n<p>Pour les plus grands, dont le quotidien est d\u2019aller \u00e9tudier au coll\u00e8ge Rosa-Parks, les parents se montrent aussi plus attentifs\u2026 aux tenues vestimentaires de leurs enfants. \u00ab Moi, je dis \u00e0 mon fils de ne plus s\u2019habiller tout en noir pour ne pas \u00eatre confondu avec un dealer \u00bb, affirme cette maman. Qui lui d\u00e9conseille aussi \u00ab de ne pas cacher son visage sous une capuche, surtout sur la dalle. C\u2019est surtout par rapport aux policiers, j\u2019ai peur qu\u2019il se fasse contr\u00f4ler. C\u2019est parfois traumatisant pour eux aussi quand on fouille leur sac, la palpation et la fa\u00e7on dont ils s\u2019adressent \u00e0 nos enfants \u00bb.<\/p>\n<p>\u00ab On sent que c\u2019est devenu banal \u00bb<\/p>\n<p>Reste une peur. En plus de celle des balles et des violences. Celle de la banalisation. \u00ab Mon fils de 24 ans m\u2019a dit qu\u2019on \u00e9tait dans GTA (un jeu vid\u00e9o). Il en a rigol\u00e9 un petit peu. Mon autre fils de 15 ans, il a des copains qui dealent \u00e0 Cleunay. Il n\u2019est pas surpris de ce qui arrive, pointe Michelle. Pour lui, \u00e0 partir du moment o\u00f9 il y a du deal, il y a des fusillades \u00bb. Cette autre habitante constate, elle, que ses enfants \u00ab n\u2019en parlent m\u00eame plus, on sent que c\u2019est devenu banal. Ils ont d\u00e9j\u00e0 \u00e9t\u00e9 confront\u00e9s \u00e0 \u00e7a \u00e0 plusieurs reprises. \u00c0 5 ans, ils sont conscients que c\u2019est un \u00e9v\u00e8nement possible et ils vivent avec. \u00c0 un moment, on en viendra \u00e0 dire : \u00ab\u00a0Oh bah \u00e7a a encore tir\u00e9. C\u2019est comme \u00e7a\u00a0\u00bb. C\u2019est \u00e7a qui m\u2019inqui\u00e8te. \u00bb<\/p>\n","protected":false},"excerpt":{"rendered":"\u00ab On \u00e9tait dehors avec trois enfants, devant notre immeuble, et on a entendu les rafales. J\u2019ai vu&hellip;\n","protected":false},"author":2,"featured_media":103687,"comment_status":"","ping_status":"","sticky":false,"template":"","format":"standard","meta":{"footnotes":""},"categories":[2821],"tags":[1111,11,829,1777,674,118,3383,1011,27,848,12,584,25],"class_list":{"0":"post-103686","1":"post","2":"type-post","3":"status-publish","4":"format-standard","5":"has-post-thumbnail","7":"category-rennes","8":"tag-actu","9":"tag-actualites","10":"tag-bretagne","11":"tag-eu","12":"tag-europe","13":"tag-faits-divers","14":"tag-faits-divers-a-rennes","15":"tag-fr","16":"tag-france","17":"tag-ille-et-vilaine","18":"tag-news","19":"tag-rennes","20":"tag-republique-francaise"},"share_on_mastodon":{"url":"https:\/\/pubeurope.com\/@fr\/114515894884303824","error":""},"_links":{"self":[{"href":"https:\/\/www.europesays.com\/fr\/wp-json\/wp\/v2\/posts\/103686","targetHints":{"allow":["GET"]}}],"collection":[{"href":"https:\/\/www.europesays.com\/fr\/wp-json\/wp\/v2\/posts"}],"about":[{"href":"https:\/\/www.europesays.com\/fr\/wp-json\/wp\/v2\/types\/post"}],"author":[{"embeddable":true,"href":"https:\/\/www.europesays.com\/fr\/wp-json\/wp\/v2\/users\/2"}],"replies":[{"embeddable":true,"href":"https:\/\/www.europesays.com\/fr\/wp-json\/wp\/v2\/comments?post=103686"}],"version-history":[{"count":0,"href":"https:\/\/www.europesays.com\/fr\/wp-json\/wp\/v2\/posts\/103686\/revisions"}],"wp:featuredmedia":[{"embeddable":true,"href":"https:\/\/www.europesays.com\/fr\/wp-json\/wp\/v2\/media\/103687"}],"wp:attachment":[{"href":"https:\/\/www.europesays.com\/fr\/wp-json\/wp\/v2\/media?parent=103686"}],"wp:term":[{"taxonomy":"category","embeddable":true,"href":"https:\/\/www.europesays.com\/fr\/wp-json\/wp\/v2\/categories?post=103686"},{"taxonomy":"post_tag","embeddable":true,"href":"https:\/\/www.europesays.com\/fr\/wp-json\/wp\/v2\/tags?post=103686"}],"curies":[{"name":"wp","href":"https:\/\/api.w.org\/{rel}","templated":true}]}}