{"id":103688,"date":"2025-05-16T05:37:08","date_gmt":"2025-05-16T05:37:08","guid":{"rendered":"https:\/\/www.europesays.com\/fr\/103688\/"},"modified":"2025-05-16T05:37:08","modified_gmt":"2025-05-16T05:37:08","slug":"vieux-de-plus-de-100-ans-ce-kiosque-a-ete-renove-pour-accueillir-de-nouveau-du-public","status":"publish","type":"post","link":"https:\/\/www.europesays.com\/fr\/103688\/","title":{"rendered":"vieux de plus de 100 ans, ce kiosque a \u00e9t\u00e9 r\u00e9nov\u00e9 pour accueillir de nouveau du public"},"content":{"rendered":"<p>            Par<br \/>\n        <strong><br \/>\n            <a href=\"https:\/\/actu.fr\/auteur\/margot-fournie\" title=\"Consulter tous les articles de Margot Fournie\" rel=\"nofollow noopener\" target=\"_blank\">Margot Fournie<\/a><br \/>\n        <\/strong><\/p>\n<p>        Publi\u00e9 le<\/p>\n<p>            16 mai 2025 \u00e0 7h10        <\/p>\n<p>\u00c0 <a href=\"https:\/\/actu.fr\/strasbourg\/\" rel=\"nofollow noopener\" target=\"_blank\">Strasbourg<\/a>, le cimeti\u00e8re ouest conna\u00eet quelques petits changements.<\/p>\n<p class=\" wall-content\">D\u00e8s le 16\u00a0mai, on pourra y <a href=\"https:\/\/actu.fr\/grand-est\/strasbourg_67482\/obseques-a-strasbourg-vous-pourrez-bientot-enterrer-les-cendres-de-vos-defunts-au-pied-des-arbres_61768221.html\" rel=\"nofollow noopener\" target=\"_blank\">enterrer des d\u00e9funts sous des arbres<\/a>. Ou bien admirer l\u2019ancien kiosque, vieux d\u2019<strong>un peu plus de 100\u00a0ans<\/strong>, totalement r\u00e9nov\u00e9. Sa transformation a \u00e9t\u00e9 d\u00e9voil\u00e9e le 15\u00a0mai lors d\u2019une conf\u00e9rence de presse.<\/p>\n<p>Une structure insolite<\/p>\n<p class=\" wall-content\">Situ\u00e9 \u00e0 l\u2019entr\u00e9e Est du quartier de Cronenbourg, serti d\u2019une cl\u00f4ture en fer forg\u00e9, de forme hexagonale, ce kiosque appara\u00eet comme <strong>insolite<\/strong>.<\/p>\n<p class=\" wall-content\">Lors des <strong>travaux qui ont d\u00e9but\u00e9 durant l\u2019\u00e9t\u00e9 2024<\/strong>, des r\u00e9parations ont \u00e9t\u00e9 faites sur la charpente et les menuiseries int\u00e9rieures, mais aussi sur les menuiseries ext\u00e9rieures et les volets roulants. Il a b\u00e9n\u00e9fici\u00e9 d\u2019un <strong>coup de peinture<\/strong> pour retrouver sa couleur d\u2019antan. Le tout pour 157\u2009000\u00a0euros.<\/p>\n<p>Vid\u00e9os : en ce moment sur ActuOn ignore toujours son ancienne fonction<\/p>\n<p class=\" wall-content\">Cette r\u00e9novation est issue de la <a href=\"https:\/\/actu.fr\/grand-est\/strasbourg_67482\/strasbourg-voici-10-projets-qui-vont-fleurir-un-peu-partout-en-ville-des-2022_47381138.html\" rel=\"nofollow noopener\" target=\"_blank\">deuxi\u00e8me saison du budget participatif<\/a> de la Ville.<\/p>\n<p class=\" wall-content\">Le projet a \u00e9t\u00e9 port\u00e9 par Louis Holder, habitant du quartier convaincu de <strong>l\u2019int\u00e9r\u00eat patrimonial<\/strong> et <strong>historique du kiosque<\/strong>.\u00a0Ce dernier garde, m\u00eame pour lui, un <strong>certain myst\u00e8re<\/strong>. \u00ab\u2009On ne sait pas \u00e0 quoi il a pu servir. Peut-\u00eatre \u00e0 un fleuriste\u2009\u00bb, lance-t-il.<\/p>\n<p class=\" wall-content\">En tout cas, il esp\u00e8re que le kiosque pourra maintenant servir \u00e0<strong> accueillir des familles endeuill\u00e9es<\/strong>, de petites expositions, voire <strong>des concerts<\/strong>.<\/p>\n<p class=\" wall-content\">Suivez toute l\u2019actualit\u00e9 de vos villes et m\u00e9dias favoris en vous inscrivant \u00e0 <a href=\"https:\/\/moncompte.actu.fr\" title=\"D\u00e9couvez Mon Actu\" rel=\"nofollow noopener\" data-trk=\"{&quot;cta&quot;:{&quot;action&quot;:&quot;https:\\\/\\\/moncompte.actu.fr&quot;,&quot;category&quot;:&quot;mon compte&quot;,&quot;from&quot;:&quot;article footer&quot;,&quot;name&quot;:&quot;Mon actu&quot;,&quot;type&quot;:&quot;cta&quot;}}\" target=\"_blank\">Mon Actu<\/a>.<\/p>\n","protected":false},"excerpt":{"rendered":"Par Margot Fournie Publi\u00e9 le 16 mai 2025 \u00e0 7h10 \u00c0 Strasbourg, le cimeti\u00e8re ouest conna\u00eet quelques petits&hellip;\n","protected":false},"author":2,"featured_media":103689,"comment_status":"","ping_status":"","sticky":false,"template":"","format":"standard","meta":{"footnotes":""},"categories":[2820],"tags":[1111,11,1777,674,1011,27,775,937,12,2551,25,104,640,2086],"class_list":{"0":"post-103688","1":"post","2":"type-post","3":"status-publish","4":"format-standard","5":"has-post-thumbnail","7":"category-strasbourg","8":"tag-actu","9":"tag-actualites","10":"tag-eu","11":"tag-europe","12":"tag-fr","13":"tag-france","14":"tag-grand-est","15":"tag-histoire","16":"tag-news","17":"tag-patrimoine","18":"tag-republique-francaise","19":"tag-societe","20":"tag-strasbourg","21":"tag-travaux"},"share_on_mastodon":{"url":"https:\/\/pubeurope.com\/@fr\/114515898792481374","error":""},"_links":{"self":[{"href":"https:\/\/www.europesays.com\/fr\/wp-json\/wp\/v2\/posts\/103688","targetHints":{"allow":["GET"]}}],"collection":[{"href":"https:\/\/www.europesays.com\/fr\/wp-json\/wp\/v2\/posts"}],"about":[{"href":"https:\/\/www.europesays.com\/fr\/wp-json\/wp\/v2\/types\/post"}],"author":[{"embeddable":true,"href":"https:\/\/www.europesays.com\/fr\/wp-json\/wp\/v2\/users\/2"}],"replies":[{"embeddable":true,"href":"https:\/\/www.europesays.com\/fr\/wp-json\/wp\/v2\/comments?post=103688"}],"version-history":[{"count":0,"href":"https:\/\/www.europesays.com\/fr\/wp-json\/wp\/v2\/posts\/103688\/revisions"}],"wp:featuredmedia":[{"embeddable":true,"href":"https:\/\/www.europesays.com\/fr\/wp-json\/wp\/v2\/media\/103689"}],"wp:attachment":[{"href":"https:\/\/www.europesays.com\/fr\/wp-json\/wp\/v2\/media?parent=103688"}],"wp:term":[{"taxonomy":"category","embeddable":true,"href":"https:\/\/www.europesays.com\/fr\/wp-json\/wp\/v2\/categories?post=103688"},{"taxonomy":"post_tag","embeddable":true,"href":"https:\/\/www.europesays.com\/fr\/wp-json\/wp\/v2\/tags?post=103688"}],"curies":[{"name":"wp","href":"https:\/\/api.w.org\/{rel}","templated":true}]}}