{"id":103696,"date":"2025-05-16T05:41:14","date_gmt":"2025-05-16T05:41:14","guid":{"rendered":"https:\/\/www.europesays.com\/fr\/103696\/"},"modified":"2025-05-16T05:41:14","modified_gmt":"2025-05-16T05:41:14","slug":"une-soiree-organisee-pour-sauver-cette-radio-associative-locale","status":"publish","type":"post","link":"https:\/\/www.europesays.com\/fr\/103696\/","title":{"rendered":"une soir\u00e9e organis\u00e9e pour sauver cette radio associative locale"},"content":{"rendered":"<p>            Par<br \/>\n        <strong><br \/>\n            <a href=\"https:\/\/actu.fr\/auteur\/clemence-pays02-actu-fr\" title=\"Consulter tous les articles de Cl\u00e9mence Pays\" rel=\"nofollow noopener\" target=\"_blank\">Cl\u00e9mence Pays<\/a><br \/>\n        <\/strong><\/p>\n<p>        Publi\u00e9 le<\/p>\n<p>            16 mai 2025 \u00e0 6h50        <\/p>\n<p>Bonne nouvelle pour la <strong>radio Jet FM.<\/strong> Apr\u00e8s avoir <a href=\"https:\/\/actu.fr\/pays-de-la-loire\/saint-herblain_44162\/nantes-cette-radio-pourrait-disparaitre-du-paysage-mediatique-cet-l-ete_62579641.html\" rel=\"nofollow noopener\" target=\"_blank\">lanc\u00e9 un appel \u00e0 l\u2019aide fin avril\u00a02025<\/a>, le m\u00e9dia associatif de <a href=\"https:\/\/actu.fr\/pays-de-la-loire\/saint-herblain_44162\" rel=\"nofollow noopener\" target=\"_blank\">Saint-Herblain<\/a> a annonc\u00e9 avoir \u00ab\u2009quasiment atteint\u2009\u00bb le premier objectif de sa campagne de don. Un <strong>nouvel objectif<\/strong> a \u00e9t\u00e9 fix\u00e9 \u00e0 8\u2009000\u00a0euros.<\/p>\n<p class=\" wall-content\">Dans cette optique, une<strong> soir\u00e9e de soutien<\/strong> \u00e0 Jet FM est organis\u00e9e mercredi 28\u00a0mai, au Petit caf\u00e9 de <a href=\"https:\/\/actu.fr\/pays-de-la-loire\/reze_44143\" rel=\"nofollow noopener\" target=\"_blank\">Rez\u00e9<\/a>. Au programme, des ateliers et performances, des blind tests, concerts et DJ Set. Le tout \u00e0 <strong>tarif libre.<\/strong><\/p>\n<p class=\" wall-content\"><strong>\u00ab\u2009Tous les b\u00e9n\u00e9fices seront revers\u00e9s \u00e0 Jet\u2009\u00bb,<\/strong> pr\u00e9cisent les organisateurs.<\/p>\n<p class=\" wall-content\"><a href=\"https:\/\/www.instagram.com\/p\/DJVsLBis3zg\/embed\" title=\"Ouvrir le lien sur Instagram\" rel=\"nofollow noopener\" target=\"_blank\">Visualiser le contenu sur Instagram<\/a><\/p>\n<p>Des difficult\u00e9s financi\u00e8res importantes<\/p>\n<p class=\" wall-content\">Pour rappel, la radio associative, dont l\u2019\u00e9quilibre financier \u00e9tait fragile, rencontre d\u2019importantes difficult\u00e9s depuis les <a href=\"https:\/\/actu.fr\/pays-de-la-loire\/nantes_44109\/c-est-un-sabordage-a-nantes-les-radios-associatives-mobilisees-pour-leur-survie_61834803.html\" rel=\"nofollow noopener\" target=\"_blank\">coupes budg\u00e9taires survenues dans le monde de la culture<\/a>.<\/p>\n<p class=\" wall-content\">En raison de ces <strong>baisses brutales de subventions,<\/strong> en particulier celles de la R\u00e9gion Pays de la Loire, Jet FM pourrait cesser toutes ses activit\u00e9s \u00ab\u2009d\u2019ici trois mois\u2009\u00bb.<\/p>\n<p>Vid\u00e9os : en ce moment sur Actu<\/p>\n<p class=\" wall-content\">Pour franchir ce cap difficile, la radio a lanc\u00e9 une <a href=\"https:\/\/www.helloasso.com\/associations\/association-jet\/collectes\/sauvons-les-oreilles-soutenons-jet?_gl=1%2a196k41b%2a_gcl_aw%2aR0NMLjE3NDQ4MTEzNzAuQ2owS0NRandxdjJfQmhDMEFSSXNBRmI1QWM4ODd0QUUyeFNFMTNodE1CeUd1bFlua0JIUlRsa3psdi02cm1vWG5KbDFFeDVTQUM1SUR1b2FBcXNHRUFMd193Y0I.%2a_gcl_au%2aMTU0MjM3NzUyNS4xNzQzNjA3MzAw&amp;fbclid=IwY2xjawKReu9leHRuA2FlbQIxMQBicmlkETBrVm5ISFZ5ZXYya1ZQeWM1AR5BViSYr5zUYp866V3Xx8NyPFdTlPfPkAmPQ8gZPqbLqQtUk8V8dL_nVmZVqQ_aem_V2nY27ehKcvv3cobIjRv9Q\" rel=\"nofollow noopener\" target=\"_blank\">campagne exceptionnelle de dons<\/a>, ouverte jusqu\u2019au 30\u00a0mai.<\/p>\n<p class=\" wall-content\">Si l\u2019association parvient \u00e0 collecter 8\u2009000\u00a0euros, cela pourrait lui <strong>\u00ab\u2009\u00e9viter d\u2019avoir \u00e0 vendre le mat\u00e9riel de [son] studio de production\u2009\u00bb.<\/strong><\/p>\n<p><strong>Infos pratiques\u2009:<\/strong><br \/>Mercredi 28 mai 2025, \u00e0 partir de 17\u2009h, soir\u00e9e de soutien \u00e0 Jet FM, au Petit caf\u00e9 de Rez\u00e9, 7, rue Maurice-Lagathu. Entr\u00e9e libre.<\/p>\n<p class=\" wall-content\">Suivez toute l\u2019actualit\u00e9 de vos villes et m\u00e9dias favoris en vous inscrivant \u00e0 <a href=\"https:\/\/moncompte.actu.fr\" title=\"D\u00e9couvez Mon Actu\" rel=\"nofollow noopener\" data-trk=\"{&quot;cta&quot;:{&quot;action&quot;:&quot;https:\\\/\\\/moncompte.actu.fr&quot;,&quot;category&quot;:&quot;mon compte&quot;,&quot;from&quot;:&quot;article footer&quot;,&quot;name&quot;:&quot;Mon actu&quot;,&quot;type&quot;:&quot;cta&quot;}}\" target=\"_blank\">Mon Actu<\/a>.<\/p>\n<p>                    <script async src=\"\/\/www.instagram.com\/embed.js\"><\/script><\/p>\n","protected":false},"excerpt":{"rendered":"Par Cl\u00e9mence Pays Publi\u00e9 le 16 mai 2025 \u00e0 6h50 Bonne nouvelle pour la radio Jet FM. Apr\u00e8s&hellip;\n","protected":false},"author":2,"featured_media":103697,"comment_status":"","ping_status":"","sticky":false,"template":"","format":"standard","meta":{"footnotes":""},"categories":[2818],"tags":[1111,11,1777,674,1011,27,1652,500,766,12,2636,1825,25],"class_list":{"0":"post-103696","1":"post","2":"type-post","3":"status-publish","4":"format-standard","5":"has-post-thumbnail","7":"category-nantes","8":"tag-actu","9":"tag-actualites","10":"tag-eu","11":"tag-europe","12":"tag-fr","13":"tag-france","14":"tag-loisirs-culture","15":"tag-medias","16":"tag-nantes","17":"tag-news","18":"tag-pays-de-la-loire","19":"tag-radio","20":"tag-republique-francaise"},"share_on_mastodon":{"url":"https:\/\/pubeurope.com\/@fr\/114515914464257745","error":""},"_links":{"self":[{"href":"https:\/\/www.europesays.com\/fr\/wp-json\/wp\/v2\/posts\/103696","targetHints":{"allow":["GET"]}}],"collection":[{"href":"https:\/\/www.europesays.com\/fr\/wp-json\/wp\/v2\/posts"}],"about":[{"href":"https:\/\/www.europesays.com\/fr\/wp-json\/wp\/v2\/types\/post"}],"author":[{"embeddable":true,"href":"https:\/\/www.europesays.com\/fr\/wp-json\/wp\/v2\/users\/2"}],"replies":[{"embeddable":true,"href":"https:\/\/www.europesays.com\/fr\/wp-json\/wp\/v2\/comments?post=103696"}],"version-history":[{"count":0,"href":"https:\/\/www.europesays.com\/fr\/wp-json\/wp\/v2\/posts\/103696\/revisions"}],"wp:featuredmedia":[{"embeddable":true,"href":"https:\/\/www.europesays.com\/fr\/wp-json\/wp\/v2\/media\/103697"}],"wp:attachment":[{"href":"https:\/\/www.europesays.com\/fr\/wp-json\/wp\/v2\/media?parent=103696"}],"wp:term":[{"taxonomy":"category","embeddable":true,"href":"https:\/\/www.europesays.com\/fr\/wp-json\/wp\/v2\/categories?post=103696"},{"taxonomy":"post_tag","embeddable":true,"href":"https:\/\/www.europesays.com\/fr\/wp-json\/wp\/v2\/tags?post=103696"}],"curies":[{"name":"wp","href":"https:\/\/api.w.org\/{rel}","templated":true}]}}