{"id":103704,"date":"2025-05-16T05:46:11","date_gmt":"2025-05-16T05:46:11","guid":{"rendered":"https:\/\/www.europesays.com\/fr\/103704\/"},"modified":"2025-05-16T05:46:11","modified_gmt":"2025-05-16T05:46:11","slug":"video-de-labege-a-ramonville-le-nouveau-viaduc-du-metro-de-toulouse-comme-vous-ne-lavez-jamais-vu","status":"publish","type":"post","link":"https:\/\/www.europesays.com\/fr\/103704\/","title":{"rendered":"VIDEO. De Lab\u00e8ge \u00e0 Ramonville, le nouveau viaduc du m\u00e9tro de Toulouse comme vous ne l&rsquo;avez jamais vu"},"content":{"rendered":"<p>            Par<br \/>\n        <strong><br \/>\n            <a href=\"https:\/\/actu.fr\/auteur\/david-saint-sernin\" title=\"Consulter tous les articles de David Saint-Sernin\" target=\"_blank\" rel=\"noopener\">David Saint-Sernin<\/a><br \/>\n        <\/strong><\/p>\n<p>        Publi\u00e9 le<\/p>\n<p>            16 mai 2025 \u00e0 6h46        <\/p>\n<p>C\u2019est jusqu\u2019ici la r\u00e9alisation la plus visible, et la plus spectaculaire du chantier du <a href=\"https:\/\/actu.fr\/tag\/ligne-c-du-metro-de-toulouse\" target=\"_blank\" rel=\"noopener\">nouveau m\u00e9tro de Toulouse<\/a>. Depuis l\u2019automne 2024 <a href=\"https:\/\/actu.fr\/occitanie\/labege_31254\/un-premier-troncon-de-metro-va-ouvrir-en-2027-pres-de-toulouse-le-plus-spectaculaire-des-chantiers-s-acheve_61913830.html\" target=\"_blank\" rel=\"noopener\">le viaduc de 2,125 km qui va prolonger la ligne B entre l\u2019actuel terminus de Ramonville et Lab\u00e8ge<\/a>, est bien avanc\u00e9.\u00a0<\/p>\n<p class=\" wall-content\">En long, en large et en travers, il est possible d\u2019observer l\u2019imposant ouvrage depuis le p\u00e9riph\u00e9rique de Toulouse et l\u2019autoroute A 61. Et pourtant, depuis ce mercredi 14 mai 2025,<strong> Tiss\u00e9o<\/strong> propose une autre perpective de ce<strong> viaduc XXL.<\/strong><\/p>\n<p>Une vid\u00e9o spectaculaire du viaduc du nouveau m\u00e9tro<\/p>\n<p class=\" wall-content\">Sur sa cha\u00eene You Tube, l\u2019autorit\u00e9 organisatrice des transports de Toulouse a en effet diffus\u00e9 une <strong>vid\u00e9o spectaculaire, <\/strong>mercredi 14 mai 2025<strong>,<\/strong> permettant de d\u00e9couvrir le viaduc sous un nouvel angle.<\/p>\n<p class=\" wall-content\">Une vid\u00e9o qu\u2018Actu Toulouse partage avec vous ce vendredi matin.\u00a0<\/p>\n<p class=\" wall-content\">\n<p>Le trajet en version acc\u00e9l\u00e9r\u00e9e<\/p>\n<p class=\" wall-content\">En version acc\u00e9l\u00e9r\u00e9e, en \u00e0 peine 35 secondes pour relier<strong> Lab\u00e8ge \u00e0 Ramonville<\/strong> (il faudra 3 \u00e03 min30 dans la vraie vie pour r\u00e9aliser le trajet, NDLR), la vid\u00e9o nous permet de survoler la jonction entre la ligne B et la ligne C au niveau de la station Lab\u00e8ge Madron, situ\u00e9e face au <a href=\"https:\/\/actu.fr\/occitanie\/labege_31254\/pres-de-toulouse-le-chantier-d-extension-d-un-gros-centre-commercial-avance-une-enseigne-va-voir-plus-grand_61692138.html\" target=\"_blank\" rel=\"noopener\">centre commercial Lab\u00e8ge 2.\u00a0<\/a><\/p>\n<p>Vid\u00e9os : en ce moment sur ActuSurvol du Parc Canal et passage sous le canal du Midi<\/p>\n<p class=\" wall-content\">On survole ensuite le plan d\u2019eau de Lab\u00e8ge pour rejoindre le seul espace encore naturel sur le trac\u00e9 de la future ligne B prolong\u00e9e. C\u2019est \u00e0 cet endroit que la future ligne C effectue une courbe sur la droite, pour rejoindre le quartier Montaudran.\u00a0<\/p>\n<p class=\" wall-content\">Puis, on retrouve l\u2019avenue de l\u2019Europe, au coeur du p\u00f4le \u00e9conomique du Parc Canal, dont <a href=\"https:\/\/actu.fr\/occitanie\/ramonville-saint-agne_31446\/aux-portes-de-toulouse-cette-grande-zone-economique-va-connaitre-un-nouvel-essor_62599489.html\" target=\"_blank\" rel=\"noopener\">l\u2019agrandissement est \u00e0 l\u2019\u00e9tude<\/a>, pour enfin rentrer sous terre au moment de passer sous le canal du Midi. Un tunnel que les Toulousains ont pu <a href=\"https:\/\/actu.fr\/occitanie\/ramonville-saint-agne_31446\/chantier-du-futur-metro-pres-de-toulouse-il-va-etre-possible-de-visiter-le-tunnel-en-cours-de-creusement_61617532.html\" target=\"_blank\" rel=\"noopener\">visiter lors des journ\u00e9es du patimoine il y a quelques mois.\u00a0<\/a><\/p>\n<p>Une caract\u00e9ristique \u00e0 rep\u00e9rer<\/p>\n<p class=\" wall-content\">Cette vid\u00e9o a\u00e9rienne du viaduc permet aussi de relever l\u2019une des sp\u00e9cificit\u00e9s de ce prolongement. Le viaduc en construction ne fait pas la m\u00eame largeur sur l\u2019ensemble du trac\u00e9. Cela appara\u00eet bien sur le vid\u00e9o.<\/p>\n<p class=\" wall-content\">Pourquoi il ne fera pas la m\u00eame largeur partout?\u00a0<\/p>\n<p class=\" wall-content\">Entre les stations Ramonville et Parc Technologique du Canal, le m\u00e9tro circulera sur une voie double. Entre le Parc Technologique du Canal et la station Lab\u00e8ge Madron, il fonctionnera sur une voie unique. Le m\u00e9tro sera alors monorail. Entre ces deux stations, la fr\u00e9quence de passage des rames sera moins importante.<\/p>\n<p>      <img   decoding=\"async\" loading=\"lazy\" src=\"https:\/\/www.europesays.com\/fr\/wp-content\/uploads\/2025\/05\/capture-decran-2025-05-15-210104-960x640.png\" alt=\"Sur cette image, l'on distngue bien que le viaduc ne fera pas la m\u00eame largeur sur tout le trac\u00e9 entre Ramonville et Lab\u00e8ge. C'est \u00e0 cet endrroit qu'il passera de voies en une voie. Une solution choisie pour rendre le projet moins couteux et jug\u00e9 suffisant pour r\u00e9pondre \u00e0 la future fr\u00e9quentation. C'est apr\u00e8s la station Parc Canal que le viaduc passera en monovoie pour rejoindre Lab\u00e8ge. \" width=\"960\" height=\"640\"\/><br \/>\n    Sur cette image, l\u2019on distngue bien que le viaduc ne fera pas la m\u00eame largeur sur tout le trac\u00e9 entre Ramonville et Lab\u00e8ge. C\u2019est \u00e0 cet endrroit qu\u2019il passera de voies en une voie. Une solution choisie pour rendre le projet moins couteux et jug\u00e9 suffisant pour r\u00e9pondre \u00e0 la future fr\u00e9quentation. C\u2019est apr\u00e8s la station Parc Technologique du Canal que le viaduc passera en monovoie pour rejoindre Lab\u00e8ge. (\u00a9Tiss\u00e9o Ing\u00e9nierie)<\/p>\n<p class=\" wall-content\">Suivez toute l\u2019actualit\u00e9 de vos villes et m\u00e9dias favoris en vous inscrivant \u00e0 <a href=\"https:\/\/moncompte.actu.fr\" title=\"D\u00e9couvez Mon Actu\" rel=\"nofollow noopener\" data-trk=\"{&quot;cta&quot;:{&quot;action&quot;:&quot;https:\\\/\\\/moncompte.actu.fr&quot;,&quot;category&quot;:&quot;mon compte&quot;,&quot;from&quot;:&quot;article footer&quot;,&quot;name&quot;:&quot;Mon actu&quot;,&quot;type&quot;:&quot;cta&quot;}}\" target=\"_blank\">Mon Actu<\/a>.<\/p>\n<ul class=\"ac-article-tag wall-content\">\n<li><a href=\"https:\/\/actu.fr\/tag\/metro-de-toulouse\" data-trk=\"{&quot;cta&quot;:{&quot;action&quot;:&quot;M\\u00e9tro de Toulouse&quot;,&quot;category&quot;:&quot;tag&quot;,&quot;from&quot;:&quot;article footer&quot;,&quot;name&quot;:&quot;M\\u00e9tro de Toulouse&quot;,&quot;type&quot;:&quot;cta&quot;}}\" target=\"_blank\" rel=\"noopener\">#M\u00e9tro de Toulouse<\/a><\/li>\n<li><a href=\"https:\/\/actu.fr\/tag\/transport\" data-trk=\"{&quot;cta&quot;:{&quot;action&quot;:&quot;Transport&quot;,&quot;category&quot;:&quot;tag&quot;,&quot;from&quot;:&quot;article footer&quot;,&quot;name&quot;:&quot;Transport&quot;,&quot;type&quot;:&quot;cta&quot;}}\" target=\"_blank\" rel=\"noopener\">#Transport<\/a><\/li>\n<\/ul>\n","protected":false},"excerpt":{"rendered":"Par David Saint-Sernin Publi\u00e9 le 16 mai 2025 \u00e0 6h46 C\u2019est jusqu\u2019ici la r\u00e9alisation la plus visible, et&hellip;\n","protected":false},"author":2,"featured_media":103705,"comment_status":"","ping_status":"","sticky":false,"template":"","format":"standard","meta":{"footnotes":""},"categories":[2816],"tags":[1111,11,1777,674,1011,27,10596,12,2680,25,104,2312,2803],"class_list":{"0":"post-103704","1":"post","2":"type-post","3":"status-publish","4":"format-standard","5":"has-post-thumbnail","7":"category-toulouse","8":"tag-actu","9":"tag-actualites","10":"tag-eu","11":"tag-europe","12":"tag-fr","13":"tag-france","14":"tag-metro-de-toulouse","15":"tag-news","16":"tag-occitanie","17":"tag-republique-francaise","18":"tag-societe","19":"tag-toulouse","20":"tag-transport"},"share_on_mastodon":{"url":"https:\/\/pubeurope.com\/@fr\/114515934422558428","error":""},"_links":{"self":[{"href":"https:\/\/www.europesays.com\/fr\/wp-json\/wp\/v2\/posts\/103704","targetHints":{"allow":["GET"]}}],"collection":[{"href":"https:\/\/www.europesays.com\/fr\/wp-json\/wp\/v2\/posts"}],"about":[{"href":"https:\/\/www.europesays.com\/fr\/wp-json\/wp\/v2\/types\/post"}],"author":[{"embeddable":true,"href":"https:\/\/www.europesays.com\/fr\/wp-json\/wp\/v2\/users\/2"}],"replies":[{"embeddable":true,"href":"https:\/\/www.europesays.com\/fr\/wp-json\/wp\/v2\/comments?post=103704"}],"version-history":[{"count":0,"href":"https:\/\/www.europesays.com\/fr\/wp-json\/wp\/v2\/posts\/103704\/revisions"}],"wp:featuredmedia":[{"embeddable":true,"href":"https:\/\/www.europesays.com\/fr\/wp-json\/wp\/v2\/media\/103705"}],"wp:attachment":[{"href":"https:\/\/www.europesays.com\/fr\/wp-json\/wp\/v2\/media?parent=103704"}],"wp:term":[{"taxonomy":"category","embeddable":true,"href":"https:\/\/www.europesays.com\/fr\/wp-json\/wp\/v2\/categories?post=103704"},{"taxonomy":"post_tag","embeddable":true,"href":"https:\/\/www.europesays.com\/fr\/wp-json\/wp\/v2\/tags?post=103704"}],"curies":[{"name":"wp","href":"https:\/\/api.w.org\/{rel}","templated":true}]}}