{"id":103710,"date":"2025-05-16T05:49:11","date_gmt":"2025-05-16T05:49:11","guid":{"rendered":"https:\/\/www.europesays.com\/fr\/103710\/"},"modified":"2025-05-16T05:49:11","modified_gmt":"2025-05-16T05:49:11","slug":"la-ligne-1-du-metro-toujours-interrompue-ce-vendredi","status":"publish","type":"post","link":"https:\/\/www.europesays.com\/fr\/103710\/","title":{"rendered":"la ligne 1 du m\u00e9tro toujours interrompue ce vendredi"},"content":{"rendered":"<p>            Par<br \/>\n        <strong><br \/>\n            <a href=\"https:\/\/actu.fr\/auteur\/nicolas-demollien\" title=\"Consulter tous les articles de Nicolas Demollien\" rel=\"nofollow noopener\" target=\"_blank\">Nicolas Demollien<\/a><br \/>\n        <\/strong><\/p>\n<p>        Publi\u00e9 le<\/p>\n<p>            16 mai 2025 \u00e0 7h40        <\/p>\n<p>La gal\u00e8re se poursuit et le probl\u00e8me semble d\u00e9cid\u00e9ment tr\u00e8s s\u00e9rieux. Ce <b>vendredi 16 mai 2025<\/b>, la <b>ligne 1 du m\u00e9tro<\/b> <a href=\"https:\/\/actu.fr\/tag\/ilevia\" rel=\"nofollow noopener\" target=\"_blank\">Il\u00e9via<\/a> est <b>toujours interrompue<\/b> dans la m\u00e9tropole de <a href=\"https:\/\/actu.fr\/hauts-de-france\/lille_59350\" rel=\"nofollow noopener\" target=\"_blank\">Lille<\/a> (Nord). Rappelons que <a href=\"https:\/\/actu.fr\/hauts-de-france\/lille_59350\/metro-de-lille-ilevia-coupures-a-repetition-sur-la-ligne-1-ce-jeudi_62639828.html\" rel=\"nofollow noopener\" target=\"_blank\">c\u2019est le cas depuis jeudi 15 mai.<\/a><\/p>\n<p>La ligne 1 du m\u00e9tro de Lille encore interrompue ce vendredi<\/p>\n<p class=\" wall-content\">Il\u00e9via invoque \u00ab\u00a0un <b>probl\u00e8me informatique li\u00e9 au nouveau pilote automatique<\/b>\u00ab\u00a0. L\u2019entreprise est mobilis\u00e9e pour trouver une solution mais ne trouve pas pour le moment la solution pour un red\u00e9marrage optimal.\u00a0<\/p>\n<p class=\" wall-content\">En attendant, la col\u00e8re gronde chez les usagers, d\u00e9j\u00e0 bien \u00ab\u00a0remont\u00e9s\u00a0\u00bb par les nombreuses perturbations depuis plusieurs mois. A court terme, ce sont \u00ab\u00a0<b>16 bus relais<\/b> qui continuent de circuler sur l\u2019ensemble de l\u2019itin\u00e9raire de la ligne 1\u2033, explique-t-on chez Il\u00e9via. Dans la mesure du possible, l\u2019entreprise \u00ab\u00a0invite les voyageurs \u00e0 privil\u00e9gier un itin\u00e9raire alternatif\u00a0\u00bb. La <b>ligne 2 du m\u00e9tro reste notamment accessible<\/b> entre les stations Porte des Postes et Gare Lille Flandres (GLF).<\/p>\n<p class=\" wall-content\">Il\u00e9via assure que ses \u00e9quipes \u00ab\u00a0restent pleinement mobilis\u00e9es pour r\u00e9tablir le service dans les meilleurs d\u00e9lais\u00a0\u00bb.<\/p>\n<p class=\" wall-content\">Affaire \u00e0 suivre.<\/p>\n<p>Vid\u00e9os : en ce moment sur Actu<\/p>\n<p class=\" wall-content\">Suivez toute l\u2019actualit\u00e9 de vos villes et m\u00e9dias favoris en vous inscrivant \u00e0 <a href=\"https:\/\/moncompte.actu.fr\" title=\"D\u00e9couvez Mon Actu\" rel=\"nofollow noopener\" data-trk=\"{&quot;cta&quot;:{&quot;action&quot;:&quot;https:\\\/\\\/moncompte.actu.fr&quot;,&quot;category&quot;:&quot;mon compte&quot;,&quot;from&quot;:&quot;article footer&quot;,&quot;name&quot;:&quot;Mon actu&quot;,&quot;type&quot;:&quot;cta&quot;}}\" target=\"_blank\">Mon Actu<\/a>.<\/p>\n","protected":false},"excerpt":{"rendered":"Par Nicolas Demollien Publi\u00e9 le 16 mai 2025 \u00e0 7h40 La gal\u00e8re se poursuit et le probl\u00e8me semble&hellip;\n","protected":false},"author":2,"featured_media":103711,"comment_status":"","ping_status":"","sticky":false,"template":"","format":"standard","meta":{"footnotes":""},"categories":[2815],"tags":[1111,11,1777,674,1011,27,811,4288,1307,12,25,104,2803],"class_list":{"0":"post-103710","1":"post","2":"type-post","3":"status-publish","4":"format-standard","5":"has-post-thumbnail","7":"category-lille","8":"tag-actu","9":"tag-actualites","10":"tag-eu","11":"tag-europe","12":"tag-fr","13":"tag-france","14":"tag-hauts-de-france","15":"tag-ilevia","16":"tag-lille","17":"tag-news","18":"tag-republique-francaise","19":"tag-societe","20":"tag-transport"},"share_on_mastodon":{"url":"https:\/\/pubeurope.com\/@fr\/114515945952674610","error":""},"_links":{"self":[{"href":"https:\/\/www.europesays.com\/fr\/wp-json\/wp\/v2\/posts\/103710","targetHints":{"allow":["GET"]}}],"collection":[{"href":"https:\/\/www.europesays.com\/fr\/wp-json\/wp\/v2\/posts"}],"about":[{"href":"https:\/\/www.europesays.com\/fr\/wp-json\/wp\/v2\/types\/post"}],"author":[{"embeddable":true,"href":"https:\/\/www.europesays.com\/fr\/wp-json\/wp\/v2\/users\/2"}],"replies":[{"embeddable":true,"href":"https:\/\/www.europesays.com\/fr\/wp-json\/wp\/v2\/comments?post=103710"}],"version-history":[{"count":0,"href":"https:\/\/www.europesays.com\/fr\/wp-json\/wp\/v2\/posts\/103710\/revisions"}],"wp:featuredmedia":[{"embeddable":true,"href":"https:\/\/www.europesays.com\/fr\/wp-json\/wp\/v2\/media\/103711"}],"wp:attachment":[{"href":"https:\/\/www.europesays.com\/fr\/wp-json\/wp\/v2\/media?parent=103710"}],"wp:term":[{"taxonomy":"category","embeddable":true,"href":"https:\/\/www.europesays.com\/fr\/wp-json\/wp\/v2\/categories?post=103710"},{"taxonomy":"post_tag","embeddable":true,"href":"https:\/\/www.europesays.com\/fr\/wp-json\/wp\/v2\/tags?post=103710"}],"curies":[{"name":"wp","href":"https:\/\/api.w.org\/{rel}","templated":true}]}}