{"id":103712,"date":"2025-05-16T05:50:08","date_gmt":"2025-05-16T05:50:08","guid":{"rendered":"https:\/\/www.europesays.com\/fr\/103712\/"},"modified":"2025-05-16T05:50:08","modified_gmt":"2025-05-16T05:50:08","slug":"le-ministre-des-transports-philippe-tabarot-decouvre-le-futur-metro","status":"publish","type":"post","link":"https:\/\/www.europesays.com\/fr\/103712\/","title":{"rendered":"Le ministre des Transports, Philippe Tabarot, d\u00e9couvre le futur m\u00e9tro"},"content":{"rendered":"\n<p>Apr\u00e8s avoir lanc\u00e9 aux c\u00f4t\u00e9s du Premier ministre Fran\u00e7ois Bayrou \u00ab\u00a0Ambition France Transports\u00a0\u00bb, la conf\u00e9rence nationale de financement des mobilit\u00e9s le 5\u00a0mai, Philippe Tabarot, le ministre des Transports, est de retour \u00e0 Marseille. Au programme ce jeudi 15\u00a0mai, un \u00e9change avec les professionnels des travaux publics mais surtout la pr\u00e9sentation du fleuron de la RTM, le futur m\u00e9tro automatique, Neomma, mis en avant par la M\u00e9tropole comme un bond vers le futur. Quand le pr\u00e9sent reste pour le moment singuli\u00e8rement compliqu\u00e9 pour les Marseillais en mati\u00e8re de transports en commun. \u00ab\u00a0Je suis impressionn\u00e9 par ce que je vois\u00a0\u00bb, l\u00e2che Philippe Tabarot assis dans la rame Neomma sous la station de la Rose. Venu r\u00e9affirmer le soutien de l\u2019\u00c9tat, il estime que \u00ab\u00a0c\u2019est un retard qu\u2019on rattrape gr\u00e2ce \u00e0 une volont\u00e9 forte des \u00e9lus, en particulier de la M\u00e9tropole\u00a0\u00bb.<\/p>\n<p> \u00ab\u00a0Une r\u00e9volution\u00a0\u00bb\n              <\/p>\n<p>Visiblement flatt\u00e9e, Martine Vassal, la pr\u00e9sidente de ladite M\u00e9tropole, s\u2019est dite fi\u00e8re de pr\u00e9senter cette nouvelle rame, \u00ab\u00a0au moment o\u00f9 nous vivons une v\u00e9ritable r\u00e9volution des transports\u00a0\u00bb. Les rames de Neomma devraient \u00eatre visibles en circulation pour des essais d\u2019ici la fin de l\u2019ann\u00e9e a ajout\u00e9 Martine Vassal. En attendant, la visite s\u2019\u00e9tant termin\u00e9e bien largement apr\u00e8s 21h30, une navette a \u00e9t\u00e9 sp\u00e9cialement d\u00e9ploy\u00e9e pour permettre \u00e0 tout le monde de rentrer. Comme les bus de substitution mis en place depuis l\u2019arr\u00eat du m\u00e9tro en soir\u00e9e pour permettre le d\u00e9roulement des travaux sur le r\u00e9seau.<\/p>\n","protected":false},"excerpt":{"rendered":"Apr\u00e8s avoir lanc\u00e9 aux c\u00f4t\u00e9s du Premier ministre Fran\u00e7ois Bayrou \u00ab\u00a0Ambition France Transports\u00a0\u00bb, la conf\u00e9rence nationale de financement&hellip;\n","protected":false},"author":2,"featured_media":103713,"comment_status":"","ping_status":"","sticky":false,"template":"","format":"standard","meta":{"footnotes":""},"categories":[2814],"tags":[1111,11,1777,674,1011,27,884,12,882,25,22019],"class_list":{"0":"post-103712","1":"post","2":"type-post","3":"status-publish","4":"format-standard","5":"has-post-thumbnail","7":"category-marseille","8":"tag-actu","9":"tag-actualites","10":"tag-eu","11":"tag-europe","12":"tag-fr","13":"tag-france","14":"tag-marseille","15":"tag-news","16":"tag-provence-alpes-cote-dazur","17":"tag-republique-francaise","18":"tag-transports-publics"},"share_on_mastodon":{"url":"https:\/\/pubeurope.com\/@fr\/114515949893584446","error":""},"_links":{"self":[{"href":"https:\/\/www.europesays.com\/fr\/wp-json\/wp\/v2\/posts\/103712","targetHints":{"allow":["GET"]}}],"collection":[{"href":"https:\/\/www.europesays.com\/fr\/wp-json\/wp\/v2\/posts"}],"about":[{"href":"https:\/\/www.europesays.com\/fr\/wp-json\/wp\/v2\/types\/post"}],"author":[{"embeddable":true,"href":"https:\/\/www.europesays.com\/fr\/wp-json\/wp\/v2\/users\/2"}],"replies":[{"embeddable":true,"href":"https:\/\/www.europesays.com\/fr\/wp-json\/wp\/v2\/comments?post=103712"}],"version-history":[{"count":0,"href":"https:\/\/www.europesays.com\/fr\/wp-json\/wp\/v2\/posts\/103712\/revisions"}],"wp:featuredmedia":[{"embeddable":true,"href":"https:\/\/www.europesays.com\/fr\/wp-json\/wp\/v2\/media\/103713"}],"wp:attachment":[{"href":"https:\/\/www.europesays.com\/fr\/wp-json\/wp\/v2\/media?parent=103712"}],"wp:term":[{"taxonomy":"category","embeddable":true,"href":"https:\/\/www.europesays.com\/fr\/wp-json\/wp\/v2\/categories?post=103712"},{"taxonomy":"post_tag","embeddable":true,"href":"https:\/\/www.europesays.com\/fr\/wp-json\/wp\/v2\/tags?post=103712"}],"curies":[{"name":"wp","href":"https:\/\/api.w.org\/{rel}","templated":true}]}}