{"id":1037185,"date":"2026-07-01T19:44:26","date_gmt":"2026-07-01T19:44:26","guid":{"rendered":"https:\/\/www.europesays.com\/fr\/1037185\/"},"modified":"2026-07-01T19:44:26","modified_gmt":"2026-07-01T19:44:26","slug":"en-2026-serviciz-sera-toujours-au-meett","status":"publish","type":"post","link":"https:\/\/www.europesays.com\/fr\/1037185\/","title":{"rendered":"En 2026, Serviciz sera toujours au Meett"},"content":{"rendered":"<p>La CCI de Toulouse Haute-Garonne et D\u00e9p\u00eache Events organisent, le 8\u00a0octobre prochain, une nouvelle \u00e9dition de Serviciz, le salon professionnel d\u00e9di\u00e9 au secteur des services aux entreprises. Pr\u00e8s de 2500 professionnels sont attendus lors de cette \u00e9dition, qui s\u2019installe de nouveau au parc des expositions du <a href=\"https:\/\/www.touleco.fr\/A-Toulouse-le-Meett-resiste-a-la-crise-et-reflechit-a-son,50626\" class=\"spip_in\" rel=\"nofollow noopener\" target=\"_blank\">Meett<\/a>, \u00e0 Aussonne, pr\u00e8s de Toulouse. Les visiteurs pourront rencontrer 200 exposants. <a href=\"https:\/\/serviciz.fr\/\" class=\"spip_out\" rel=\"external nofollow noopener\" target=\"_blank\">Plus d\u2019informations<\/a> en ligne.<\/p>\n<p>Serviciz. Le jeudi 8\u00a0octobre 2026, au Meett, avenue Concorde, \u00e0 Aussonne.<\/p>\n","protected":false},"excerpt":{"rendered":"La CCI de Toulouse Haute-Garonne et D\u00e9p\u00eache Events organisent, le 8\u00a0octobre prochain, une nouvelle \u00e9dition de Serviciz, le&hellip;\n","protected":false},"author":2,"featured_media":373637,"comment_status":"","ping_status":"","sticky":false,"template":"","format":"standard","meta":{"footnotes":"","_share_on_mastodon":"0"},"categories":[2816],"tags":[1111,11,50761,1777,674,1011,27,50763,12,2680,25,1858,50762,2312],"class_list":["post-1037185","post","type-post","status-publish","format-standard","has-post-thumbnail","category-toulouse","tag-actu","tag-actualites","tag-cci-de-toulouse","tag-eu","tag-europe","tag-fr","tag-france","tag-la-depeche-events","tag-news","tag-occitanie","tag-republique-francaise","tag-services","tag-serviciz","tag-toulouse"],"share_on_mastodon":{"url":"https:\/\/pubeurope.com\/@fr\/116846439199095757","error":""},"_links":{"self":[{"href":"https:\/\/www.europesays.com\/fr\/wp-json\/wp\/v2\/posts\/1037185","targetHints":{"allow":["GET"]}}],"collection":[{"href":"https:\/\/www.europesays.com\/fr\/wp-json\/wp\/v2\/posts"}],"about":[{"href":"https:\/\/www.europesays.com\/fr\/wp-json\/wp\/v2\/types\/post"}],"author":[{"embeddable":true,"href":"https:\/\/www.europesays.com\/fr\/wp-json\/wp\/v2\/users\/2"}],"replies":[{"embeddable":true,"href":"https:\/\/www.europesays.com\/fr\/wp-json\/wp\/v2\/comments?post=1037185"}],"version-history":[{"count":0,"href":"https:\/\/www.europesays.com\/fr\/wp-json\/wp\/v2\/posts\/1037185\/revisions"}],"wp:featuredmedia":[{"embeddable":true,"href":"https:\/\/www.europesays.com\/fr\/wp-json\/wp\/v2\/media\/373637"}],"wp:attachment":[{"href":"https:\/\/www.europesays.com\/fr\/wp-json\/wp\/v2\/media?parent=1037185"}],"wp:term":[{"taxonomy":"category","embeddable":true,"href":"https:\/\/www.europesays.com\/fr\/wp-json\/wp\/v2\/categories?post=1037185"},{"taxonomy":"post_tag","embeddable":true,"href":"https:\/\/www.europesays.com\/fr\/wp-json\/wp\/v2\/tags?post=1037185"}],"curies":[{"name":"wp","href":"https:\/\/api.w.org\/{rel}","templated":true}]}}