{"id":103719,"date":"2025-05-16T05:55:10","date_gmt":"2025-05-16T05:55:10","guid":{"rendered":"https:\/\/www.europesays.com\/fr\/103719\/"},"modified":"2025-05-16T05:55:10","modified_gmt":"2025-05-16T05:55:10","slug":"medef-idf-retour-de-la-fete-des-metiers-et-de-lalternance-a-montreuil","status":"publish","type":"post","link":"https:\/\/www.europesays.com\/fr\/103719\/","title":{"rendered":"Medef IDF : retour de la F\u00eate des M\u00e9tiers et de l\u2019Alternance \u00e0 Montreuil"},"content":{"rendered":"<p><img loading=\"lazy\" decoding=\"async\" alt=\"AP - Bruno Berthet, pr\u00e9sident du Medef Ile-de-France, qui organise une nouvelle \u00e9dition de la F\u00eate des M\u00e9tiers et de l'Alternance.\" data-zoom-src=\"https:\/\/www.europesays.com\/fr\/wp-content\/uploads\/2025\/05\/initial-medef-idf-bruno-berthet.jpg\" data-zoomable=\"\" height=\"702\" src=\"https:\/\/www.europesays.com\/fr\/wp-content\/uploads\/2025\/05\/initial-medef-idf-bruno-berthet.jpg\" width=\"1248\"\/>  <\/p>\n<p class=\"article-desc\">AP &#8211; Bruno Berthet, pr\u00e9sident du Medef Ile-de-France, qui organise une nouvelle \u00e9dition de la F\u00eate des M\u00e9tiers et de l&rsquo;Alternance. <\/p>\n<p>Le 21 mai prochain, le <strong>Paris Montreuil Expo<\/strong> ouvrira ses portes \u00e0 une nouvelle \u00e9dition de la <a href=\"https:\/\/mesinfos.fr\/93100-montreuil\/une-belle-reussite-pour-la-14eme-fete-des-metiers-et-de-l-alternance-200151.html\" rel=\"noopener\" target=\"_blank\">F\u00eate des M\u00e9tiers et de l\u2019Alternance<\/a>, \u00e9v\u00e9nement annuel organis\u00e9 par le <a href=\"https:\/\/mesinfos.fr\/75000-paris\/bruno-berthet-nouveau-president-du-medef-ile-de-france-212766.html\" rel=\"noopener\" target=\"_blank\">Medef \u00cele-de-France<\/a>. Soutenue par de nombreux partenaires institutionnels, cette journ\u00e9e s\u2019annonce comme un rendez-vous incontournable pour tous ceux qui cherchent \u00e0 construire ou reconstruire leur avenir professionnel. <\/p>\n<p>Une journ\u00e9e d\u00e9di\u00e9e \u00e0 l\u2019orientation, la formation et l\u2019emploi <\/p>\n<p>Coll\u00e9giens, lyc\u00e9ens, \u00e9tudiants, jeunes dipl\u00f4m\u00e9s, demandeurs d\u2019emploi ou personnes en reconversion : tous sont les bienvenus pour d\u00e9couvrir <strong>plus de 10 000 opportunit\u00e9s concr\u00e8tes<\/strong>. Qu\u2019il s\u2019agisse d\u2019emplois, de <strong>contrats en alternance<\/strong>, de stages ou de formations, l\u2019objectif est pos\u00e9 : cr\u00e9er des passerelles directes entre<strong> les talents et les recruteurs<\/strong>. <\/p>\n<p>Au-del\u00e0 des offres d\u2019emploi, les visiteurs pourront participer \u00e0 de nombreuses animations : <strong>ateliers m\u00e9tiers<\/strong>, d\u00e9monstrations pratiques, <strong>dispositifs de r\u00e9alit\u00e9 virtuelle<\/strong> et rencontres avec des professionnels. Autant de moyens ludiques et immersifs pour explorer diff\u00e9rents m\u00e9tiers et affiner son projet professionnel.<\/p>\n<p> <img decoding=\"async\" alt=\"f\u00eate des m\u00e9tiers Medef IDF\" data-zoomable=\"\" height=\"333\" loading=\"lazy\" src=\"https:\/\/www.europesays.com\/fr\/wp-content\/uploads\/2025\/05\/fete-metiers-alternance.jpg\" width=\"800\"\/> \u00a9Medef IDF &#8211; La F\u00eate des M\u00e9tiers et de l&rsquo;Alternance aura lieu le 21 mai prochain.  Un engagement fort pour l\u2019insertion professionnelle <\/p>\n<p>\u00c0 travers cette initiative, le <strong>Medef \u00cele-de-France<\/strong> r\u00e9affirme son engagement en faveur de l\u2019emploi. \u00ab\u00a0La F\u00eate des M\u00e9tiers et de l\u2019Alternance incarne notre volont\u00e9 d\u2019agir concr\u00e8tement pour l\u2019orientation, la formation et l\u2019insertion\u00a0\u00bb, souligne <a href=\"https:\/\/mesinfos.fr\/ile-de-france\/bruno-berthet-nous-devons-transformer-les-risques-en-opportunites-215453.html\" rel=\"noopener\" target=\"_blank\">Bruno Berthet<\/a>, son pr\u00e9sident.<\/p>\n<p>\u00ab\u00a0Nous voulons cr\u00e9er des ponts entre les entreprises et les talents de demain\u00a0\u00bb, ajoute-t-il. <\/p>\n<p>Un \u00e9v\u00e9nement f\u00e9d\u00e9rateur port\u00e9 par de nombreux partenaires <\/p>\n<p>Cette \u00e9dition 2025 b\u00e9n\u00e9ficie d\u2019une mobilisation sans pr\u00e9c\u00e9dent de partenaires publics et priv\u00e9s : la Pr\u00e9fecture et la R\u00e9gion \u00cele-de-France, la CCI Paris, France Travail, l\u2019Apec, la RATP, Carrefour, TotalEnergies, Action Logement, OPCO ainsi que des organismes de formation et des f\u00e9d\u00e9rations professionnelles. <\/p>\n<p>Tous s\u2019engagent \u00e0 faire de cet \u00e9v\u00e9nement une <strong>v\u00e9ritable plateforme au service de l\u2019avenir professionnel<\/strong> des Franciliens. <\/p>\n<p>Informations pratiques <\/p>\n<p>Date : mercredi 21 mai<br \/>Horaires : de 10h \u00e0 18h<br \/>Lieu : Paris Montreuil Expo \u2013 128 rue de Paris, 93100 Montreuil (m\u00e9tro ligne 9 \u2013 Robespierre)<br \/>Entr\u00e9e libre et gratuite <\/p>\n<p>Pour plus d\u2019informations : <a class=\"invalid-link\" href=\"http:\/\/www.fetedelalternance.com\/\" rel=\"noopener\" target=\"_blank\">www.fetedelalternance.com<\/a><\/p>\n<p>\u00a0<\/p>\n","protected":false},"excerpt":{"rendered":"AP &#8211; Bruno Berthet, pr\u00e9sident du Medef Ile-de-France, qui organise une nouvelle \u00e9dition de la F\u00eate des M\u00e9tiers&hellip;\n","protected":false},"author":2,"featured_media":103720,"comment_status":"","ping_status":"","sticky":false,"template":"","format":"standard","meta":{"footnotes":""},"categories":[1592],"tags":[1111,11,1777,674,1011,27,662,4803,12,626,7099,25],"class_list":{"0":"post-103719","1":"post","2":"type-post","3":"status-publish","4":"format-standard","5":"has-post-thumbnail","7":"category-ile-de-france","8":"tag-actu","9":"tag-actualites","10":"tag-eu","11":"tag-europe","12":"tag-fr","13":"tag-france","14":"tag-ile-de-france","15":"tag-medef","16":"tag-news","17":"tag-paris","18":"tag-recrutement","19":"tag-republique-francaise"},"share_on_mastodon":{"url":"https:\/\/pubeurope.com\/@fr\/114515969761111091","error":""},"_links":{"self":[{"href":"https:\/\/www.europesays.com\/fr\/wp-json\/wp\/v2\/posts\/103719","targetHints":{"allow":["GET"]}}],"collection":[{"href":"https:\/\/www.europesays.com\/fr\/wp-json\/wp\/v2\/posts"}],"about":[{"href":"https:\/\/www.europesays.com\/fr\/wp-json\/wp\/v2\/types\/post"}],"author":[{"embeddable":true,"href":"https:\/\/www.europesays.com\/fr\/wp-json\/wp\/v2\/users\/2"}],"replies":[{"embeddable":true,"href":"https:\/\/www.europesays.com\/fr\/wp-json\/wp\/v2\/comments?post=103719"}],"version-history":[{"count":0,"href":"https:\/\/www.europesays.com\/fr\/wp-json\/wp\/v2\/posts\/103719\/revisions"}],"wp:featuredmedia":[{"embeddable":true,"href":"https:\/\/www.europesays.com\/fr\/wp-json\/wp\/v2\/media\/103720"}],"wp:attachment":[{"href":"https:\/\/www.europesays.com\/fr\/wp-json\/wp\/v2\/media?parent=103719"}],"wp:term":[{"taxonomy":"category","embeddable":true,"href":"https:\/\/www.europesays.com\/fr\/wp-json\/wp\/v2\/categories?post=103719"},{"taxonomy":"post_tag","embeddable":true,"href":"https:\/\/www.europesays.com\/fr\/wp-json\/wp\/v2\/tags?post=103719"}],"curies":[{"name":"wp","href":"https:\/\/api.w.org\/{rel}","templated":true}]}}