{"id":103721,"date":"2025-05-16T05:56:11","date_gmt":"2025-05-16T05:56:11","guid":{"rendered":"https:\/\/www.europesays.com\/fr\/103721\/"},"modified":"2025-05-16T05:56:11","modified_gmt":"2025-05-16T05:56:11","slug":"reglement-de-comptes-deals-a-paris-le-quotidien-sacrifie-des-habitants-de-la-porte-de-clignancourt","status":"publish","type":"post","link":"https:\/\/www.europesays.com\/fr\/103721\/","title":{"rendered":"R\u00e8glement de comptes, deals\u2026 \u00c0 Paris, le quotidien \u00ab\u00a0sacrifi\u00e9\u00a0\u00bb des habitants de la porte de Clignancourt"},"content":{"rendered":"<p>            Par<br \/>\n        <strong><br \/>\n            <a href=\"https:\/\/actu.fr\/auteur\/augustin-delaporte\" title=\"Consulter tous les articles de Augustin Delaporte\" target=\"_blank\" rel=\"noopener\">Augustin Delaporte<\/a><br \/>\n        <\/strong><\/p>\n<p>        Publi\u00e9 le<\/p>\n<p>            16 mai 2025 \u00e0 7h12        <\/p>\n<p>\u00ab\u00a0Une ins\u00e9curit\u00e9 g\u00e9n\u00e9ralis\u00e9e.\u00a0\u00bb Trois mots pour r\u00e9sumer la situation de la porte de Clignancourt \u00e0 <strong>Paris (18e)<\/strong>. Trois mots \u00e9crits noir sur blanc par le maire local, \u00c9ric Lejoindre (PS), dans une lettre adress\u00e9e \u00e0 l\u2019ancien pr\u00e9fet de Police de la capitale <a href=\"https:\/\/actu.fr\/ile-de-france\/paris_75056\/didier-lallement-resume-en-cinq-crises-apres-trois-ans-comme-prefet-de-police-de-paris_52558998.html\" target=\"_blank\" rel=\"noopener\">Didier Lallement<\/a>, le 24 janvier 2022. <br \/>Une situation que l\u2019\u00e9dile explique alors par le \u00ab\u00a0report massif de la <a href=\"https:\/\/actu.fr\/ile-de-france\/paris_75056\/jusqu-ou-va-t-on-rentree-sous-tension-dans-cette-rue-de-paris-envahie-par-les-vendeurs-a-la-sauvette_61774386.html\" target=\"_blank\" rel=\"noopener\">vente \u00e0 la sauvette<\/a> de cigarettes\u00a0\u00bb et des \u00ab\u00a0autres trafics opportunistes\u00a0\u00bb \u00e0 partir de 2020, cons\u00e9cutif aux actions men\u00e9es par la police nationale sur le <strong>sud du quartier t\u00e9moin de la Goutte d\u2019Or<\/strong>. Pr\u00e8s de trois ans et demi apr\u00e8s l\u2019envoi du courrier, les riverains du quartier nord ne voient pas d\u2019avanc\u00e9es concr\u00e8tes et certains s\u2019estiment \u00ab\u00a0sacrifi\u00e9s\u00a0\u00bb.<\/p>\n<p>Aux premi\u00e8res loges des drames\u00a0<\/p>\n<p class=\" wall-content\">Sur les six derniers mois, la place des Tirailleurs-S\u00e9n\u00e9galais et ses alentours ont \u00e9t\u00e9 le th\u00e9\u00e2tre de <strong>trois faits divers ayant fait les gros titres<\/strong>. Fin novembre 2024, un r\u00e8glement de comptes se d\u00e9roule dans le restaurant McDonald\u2019s du boulevard Ornano. Avant midi, <a href=\"https:\/\/actu.fr\/ile-de-france\/paris_75056\/mort-d-un-homme-a-paris-pris-pour-cible-dans-un-mcdonald-s-le-tireur-interpelle_61904210.html\" target=\"_blank\" rel=\"noopener\">un septuag\u00e9naire d\u00e9gaine un revolver<\/a> dans le fast-food et ouvre le feu \u00e0 six reprises sur \u00ab\u00a0une vieille connaissance\u00a0\u00bb, pour des histoires de familles concernant une dette d\u2019argent. Il se rendra \u00e0 la police sans protester.\u00a0<\/p>\n<p class=\" wall-content\">Quelques mois plus tard, le 22 avril 2025, de grandes rubalises viennent encercler les forces de l\u2019ordre et les secours au pied du c\u0153ur monumental de Clignancourt. Une foule s\u2019amasse, \u00ab\u00a0scotch\u00e9e\u00a0\u00bb par ce qu\u2019elle voit, relate aupr\u00e8s d\u2019actu Paris un riverain sur place au moment de la sc\u00e8ne. Peu de temps avant l\u2019arriv\u00e9e de la police, un homme s\u2019est \u00ab\u00a0fait \u00e9craser le cr\u00e2ne sur le sol\u00a0\u00bb, il est gravement bless\u00e9. Il faudra que les \u00e9quipes de l<strong>a propret\u00e9 se chargent du sang qui macule le rev\u00eatement<\/strong>.\u00a0\u00a0<\/p>\n<p>      <img   decoding=\"async\" loading=\"lazy\" src=\"https:\/\/www.europesays.com\/fr\/wp-content\/uploads\/2025\/05\/clignancourt-tete-ecrasee-v2-960x640.jpg\" alt=\"agression au pied du coeur \" width=\"960\" height=\"640\"\/><br \/>\n    Le p\u00e9rim\u00e8tre de s\u00e9curit\u00e9 au pied du C\u0153ur, puis le passage des services de propret\u00e9. (\u00a9Montage effectu\u00e9 \u00e0 partir des photos du Collectif Porte de Clignancourt)<\/p>\n<p class=\" wall-content\">Membre du collectif des habitants du secteur, qui s\u2019est mont\u00e9 en mars 2022 et mobilise plusieurs conseils syndicaux d\u2019immeubles repr\u00e9sentant plus de 200 logements, Xavier plante le d\u00e9cor : \u00ab\u00a0Il y a un <strong>glissement constat\u00e9 depuis 2020<\/strong>, avec des trafiquants qui se sont fix\u00e9s pr\u00e8s de la bouche du m\u00e9tro. \u00c7a n\u2019est pas un sentiment, ce sont des faits.\u00a0\u00bb<\/p>\n<p class=\" wall-content\">Une r\u00e9alit\u00e9 connue de tous, qui avait conduit la Ville \u00e0 <strong>renforcer la pr\u00e9sence de la police municipale<\/strong> dans le secteur. \u00ab\u00a0On avait alert\u00e9 le minist\u00e8re de l\u2019Int\u00e9rieur de ces d\u00e9gradations apr\u00e8s le premier confinement, rembobine l\u2019adjoint au maire du 18e charg\u00e9 de la s\u00e9curit\u00e9, K\u00e9vin Havet. Cela fait partie des quartiers prioritaires que nous avons identifi\u00e9s. Tous les soirs, <strong>plusieurs \u00e9quipages de la police municipale<\/strong> y patrouillent et agissent sur ce qui est notre champ de comp\u00e9tences, \u00e0 savoir la saisie de vente \u00e0 la sauvette sur abandon, par exemple.\u00a0\u00bb\u00a0\u00a0<\/p>\n<p>Du mobilier urbain transform\u00e9 en planque de produits illicites\u00a0<\/p>\n<p class=\" wall-content\">Une pr\u00e9sence polici\u00e8re qui ne suffit pas \u00e0 rassurer tous les riverains. Marl\u00e8ne* loge dans un pavillon donnant sur le tiers-lieu La Recyclerie, nich\u00e9 sur la place. Elle retrace l\u2019\u00e9volution du quartier qu\u2019elle habite depuis pr\u00e8s de vingt-cinq ans.<\/p>\n<blockquote class=\"ac-article-quote wall-content\">\n<p>\u00ab\u00a0C&rsquo;\u00e9tait un quartier populaire, mais agr\u00e9able \u00e0 vivre avant, rembobine-t-elle. Aujourd&rsquo;hui, il y a des heures o\u00f9 il ne vaut mieux pas sortir pour \u00e9viter les ennuis. On laisse nos poubelles dehors le moins longtemps possible afin qu&rsquo;elles ne servent pas de cachettes. C&rsquo;est comme \u00e7a pour tous les commerces. La bo\u00eete postale a \u00e9t\u00e9 retir\u00e9e parce qu&rsquo;elle \u00e9tait devenue une table pour les trafiquants. Il y a des Serflex [colliers de serrage] sur le mobilier urbain, parce qu\u2019il sert de planque aux produits illicites. M\u00eame sous les salades des vendeurs \u00e0 la sauvette ou dans les affaires des sans-abris, on trouve de tout.\u00a0\u00bb<\/p>\n<p>    <strong>Monique<\/strong><br \/>\n        Habitante de longue date du quartier    <\/p><\/blockquote>\n<p>      <img   decoding=\"async\" loading=\"lazy\" src=\"https:\/\/www.europesays.com\/fr\/wp-content\/uploads\/2025\/05\/img-2800-960x640.jpg\" alt=\"Une interpellation \u00e0 la sortie du m\u00e9tro porte de Clignancourt. \" width=\"960\" height=\"640\"\/><br \/>\n    Une interpellation \u00e0 la sortie du m\u00e9tro Porte-de-Clignancourt. (\u00a9AD \/ actu Paris )<\/p>\n<p class=\" wall-content\">Celle-ci confie aussi \u00e0 actu Paris avoir retrouv\u00e9 des <strong>plaquettes de psychotropes dans ses fleurs<\/strong>, quand \u00ab\u00a0ils ne sont pas jet\u00e9s \u00e0 la h\u00e2te dans une bo\u00eete aux lettre du quartier pour \u00e9viter un flagrant d\u00e9lit\u00a0\u00bb.<\/p>\n<p class=\" wall-content\">Avant d\u2019imaginer le pire :\u00a0\u00ab\u00a0Il suffirait qu\u2019on escalade pour entrer chez moi et qu\u2019on m\u2019agresse\u2026 Mais je n\u2019ai <strong>pas les moyens d\u2019avoir un pavillon ailleurs<\/strong> et je ne peux pas me r\u00e9signer \u00e0 \u00eatre sacrifi\u00e9e.\u00a0\u00bb\u00a0<\/p>\n<p>Des habitants \u00ab\u00a0sans cesse contraints de s\u2019adapter\u00a0\u00bb<\/p>\n<p class=\" wall-content\">C\u2019est le sentiment de bon nombre d\u2019habitants \u00e0 Clignancourt : <a href=\"https:\/\/actu.fr\/ile-de-france\/paris_75056\/tant-qu-il-n-y-aura-pas-d-accident-personne-ne-bougera-a-chateau-rouge-les-riverains-a-bout-de-souffle_61101671.html\" target=\"_blank\" rel=\"noopener\">comme ceux de Ch\u00e2teau-Rouge<\/a>, ils consid\u00e8rent que le secteur est devenu un \u00ab\u00a0abc\u00e8s de fixation\u00a0\u00bb, o\u00f9 l\u2019on circonscrit le trafic afin de le \u00ab\u00a0contr\u00f4ler\u00a0\u00bb et de le garder \u00e0 un \u00ab\u00a0niveau acceptable\u00a0\u00bb. Xavier reprend : \u00ab\u00a0Il y a une rupture d\u2019\u00e9quit\u00e9 avec les autres quartiers. Ici, les habitants sont sans cesse contraints de s\u2019adapter.\u00a0\u00bb\u00a0<\/p>\n<p>      <img   decoding=\"async\" loading=\"lazy\" src=\"https:\/\/www.europesays.com\/fr\/wp-content\/uploads\/2025\/05\/20240306-174452-1-censored-960x640.jpg\" alt=\"porte-Clignancourt-paris\" width=\"960\" height=\"640\"\/><br \/>\n    Des vendeurs \u00e0 la sauvette en qu\u00eate de clients. (\u00a9AD \/ actu Paris)<\/p>\n<p class=\" wall-content\">En l\u2019\u00e9coutant, Gis\u00e8le*, qui r\u00e9side dans le secteur depuis pr\u00e8s de quarante ans, se souvient d\u2019une anecdote\u2026 qui la fait rire jaune. \u00ab\u00a0Quand ils ont refait le coll\u00e8ge Maurice-Utrillo, il arrivait que les<strong> \u00e9l\u00e8ves soient accompagn\u00e9s par la police<\/strong> municipale jusqu\u2019au restaurant scolaire, \u00e0 cause des trafiquants sur le chemin.\u00a0\u00bb Puis d\u2019ajouter dans un sarcasme : \u00ab\u00a0Pas terrible pour \u00e9lever ses enfants, hein.\u00a0\u00bb\u00a0<\/p>\n<p class=\" wall-content\">Un constat amer confort\u00e9 par le <a href=\"https:\/\/actu.fr\/ile-de-france\/paris_75056\/paris-le-classement-des-quartiers-de-la-capitale-les-plus-accueillants-pour-les-jeunes-parents_62380374.html\" target=\"_blank\" rel=\"noopener\">classement des quartiers de la capitale les plus accueillants pour les jeunes parents<\/a>, publi\u00e9 en mars dernier par Le Figaro et o\u00f9 Clignancourt figurait \u00e0 la <strong>78e place sur 80<\/strong>.\u00a0<\/p>\n<p>L\u2019offre commerciale impact\u00e9e<\/p>\n<p class=\" wall-content\">Le regard de Gis\u00e8le s\u2019est fix\u00e9 sur un bout du boulevard Ornano, o\u00f9 un fast-food c\u00f4toie un barber : \u00ab\u00a0Avant, c\u2019\u00e9tait un traiteur et un fromager.\u00a0\u00bb Dans la lign\u00e9e de ce que vivent les <a href=\"https:\/\/actu.fr\/ile-de-france\/paris_75056\/ca-devient-kaboul-city-apres-la-rixe-a-la-machette-le-quartier-marx-dormoy-a-paris-plus-divise-que-jamais_61605168.html\" target=\"_blank\" rel=\"noopener\">riverains de la rue Marx-Dormoy<\/a>, les habitants de la porte de Clignancourt ne se sentent plus en phase avec <strong>l\u2019offre commerciale de leur quartier<\/strong>, que certains jugent d\u00e9sormais trop peu diversifi\u00e9e. La multiplication des \u00ab\u00a0commerces de fa\u00e7ade\u00a0\u00bb, soup\u00e7onn\u00e9s de blanchir de l\u2019argent issus de trafic ill\u00e9gaux, s\u2019ajouterait selon elle au cocktail d\u00e9j\u00e0 charg\u00e9.\u00a0<\/p>\n<p class=\" wall-content\">\u00ab\u00a0Nous avions un kiosque sur la place, mais le g\u00e9rant en avait marre de devoir composer avec les trafiquants\u00a0\u00bb, argue Gis\u00e8le. Elle pr\u00e9sume, \u00e9galement, que <strong>l\u2019arriv\u00e9e du Lidl rue Belliard<\/strong> il y a quelques ann\u00e9es a jou\u00e9 sur les dynamiques du quartier : \u00ab\u00a0Cela a amen\u00e9 des gens de beaucoup plus loin et des trafiquants se sont fix\u00e9s \u00e0 proximit\u00e9. \u00c0 force, l\u2019un d\u2019eux a m\u00eame \u00e9t\u00e9 surnomm\u00e9 le vigile\u2026\u00a0\u00bb\u00a0<\/p>\n<p class=\" wall-content\">Elle soupire : \u00ab\u00a0Je vis juste au-dessus\u2026\u00a0\u00bb Son regard bleu prend subitement une expression grave : \u00ab\u00a0Ils ont des agents de s\u00e9curit\u00e9 qui ont d\u00e9j\u00e0 \u00e9t\u00e9 agress\u00e9s.\u00a0\u00bb\u00a0<\/p>\n<p>Cens\u00e9s amener une \u00ab\u00a0occupation positive\u00a0\u00bb, des espaces d\u00e9tourn\u00e9s<\/p>\n<p class=\" wall-content\">Marl\u00e8ne abonde : \u00ab\u00a0Il y a un lieu qui incarne bien la situation, c\u2019est la Recyclerie. Cela devait \u00eatre un havre de paix, mais, en r\u00e9alit\u00e9, cela n\u2019attire \u2013 pratiquement \u2013 que des clients d\u2019autres quartiers et les riverains du coin en p\u00e2tissent.\u00a0\u00bb\u00a0<\/p>\n<p class=\" wall-content\">Celle dont la fen\u00eatre donne sur le tiers-lieu poursuit : \u00ab\u00a0Contrairement au <a href=\"https:\/\/actu.fr\/ile-de-france\/paris_75056\/paris-lieu-emblematique-de-la-capitale-le-hasard-ludique-rouvre-ses-rails-pour-le-printemps_60893823.html\" target=\"_blank\" rel=\"noopener\">Hasard Ludique<\/a> [autre tiers-lieu sur la petite ceinture dans le 18e], la gestion est catastrophique. \u00c7a n\u2019est pas insonoris\u00e9 et le son s\u2019entend souvent jusqu\u2019\u00e0 deux heures du matin\u00a0\u00bb. Elle \u00e9voque aussi un turnover r\u00e9gulier, notamment chez les employ\u00e9es, \u00e0 cause de <strong>l\u2019ins\u00e9curit\u00e9 qui r\u00e8gne dans les alentours \u00e0 la nuit tomb\u00e9e<\/strong>.\u00a0<\/p>\n<p class=\" wall-content\">Dans le m\u00eame go\u00fbt, Marl\u00e8ne regrette la gestion du pont et des jardins du Ruisseau. \u00ab\u00a0C\u2019\u00e9tait une bonne id\u00e9e d\u2019installer des bacs \u00e0 fleurs \u00e0 cet endroit, mais, aujourd\u2019hui, c\u2019est rempli de m\u00e9gots, plaquettes, etc. Et <strong>les jardins sont squatt\u00e9s par des vendeurs<\/strong> ou des consommateurs\u2026 C\u2019est le fief des dealers !\u00a0\u00bb Sans changement de paradigme \u00e0 Clignancourt, le \u00ab\u00a0beau\u00a0\u00bb reste une variable d\u2019ajustement \u00e0 la marge, semble-t-il.\u00a0<\/p>\n<p>Des \u00ab\u00a0victimes collat\u00e9rales\u00a0\u00bb\u00a0<\/p>\n<p class=\" wall-content\">La propret\u00e9 est d\u2019ailleurs un enjeu majeur de la situation \u00e0 Clignancourt. Xavier d\u00e9crypte : \u00ab\u00a0On ne fait pas forc\u00e9ment le lien tout de suite avec le trafic, mais, en r\u00e9alit\u00e9, c\u2019est un signal envoy\u00e9, cela dit implicitement qu\u2019il y <strong>un laisser-aller des pouvoirs publics<\/strong> dans le secteur. Et puis, il faut \u00eatre vraiment d\u00e9rang\u00e9 pour salir un endroit parfaitement nettoy\u00e9. Par contre, quand celui-ci est d\u00e9j\u00e0 \u00e0 l\u2019abandon\u2026\u00a0\u00bb Et de se rappeller : \u00ab\u00a0Il est arriv\u00e9 que des \u00e9boueurs soient interpell\u00e9s par des trafiquants parce qu\u2019ils s\u2019emparaient d\u2019un sac noir rempli de cigarettes.\u00a0\u00bb<\/p>\n<blockquote class=\"ac-article-quote wall-content\">\n<p>Regardez qui accapare la terrasse du PMU, il n&rsquo;y a aucun habitant du coin.<\/p>\n<p>    <strong>Une habitante de la porte de Clignancourt<\/strong>\n            <\/p><\/blockquote>\n<p class=\" wall-content\">Les yeux de Gis\u00e8le balaient le sol jonch\u00e9 de cadavres de canettes, de cellophane de cartouches de cigarettes et d\u2019emballages en tout genre. \u00ab\u00a0Il y a des intrusions dans nos halls, des vols \u00e0 l\u2019arrach\u00e9e, certains quittent le quartier \u00e0 cause d\u2019agressions, etc. La r\u00e9ponse de la mairie ? Ils nous disent d\u2019<strong>occuper l\u2019espace<\/strong>, ils organisent un bal sur la place ou nous parlent de <a href=\"https:\/\/actu.fr\/ile-de-france\/pantin_93055\/a-pantin-3000-personnes-vont-courir-pour-pietiner-les-violences-sexistes-et-sexuelles_60789488.html\" target=\"_blank\" rel=\"noopener\">l\u2019association Sine Qua Non<\/a>\u2026 On nous dit que le trafic, \u00e7a n\u2019est pas la comp\u00e9tence de la mairie, que la police nationale enqu\u00eate. Finalement, on est juste des victimes collat\u00e9rales.\u00a0\u00bb<\/p>\n<p>Faire plus\u2026 avec moins d\u2019effectifs de police<\/p>\n<p class=\" wall-content\">Xavier encha\u00eene : \u00ab\u00a0C\u2019est un hub tr\u00e8s fr\u00e9quent\u00e9, o\u00f9 il y a le m\u00e9tro, le <a href=\"https:\/\/actu.fr\/ile-de-france\/paris_75056\/ratp-le-trafic-du-t3b-interrompu-partiellement-jusqu-a-20h_61260936.html\" target=\"_blank\" rel=\"noopener\">tramway<\/a> et une circulation souvent satur\u00e9e \u2013 avec <a href=\"https:\/\/actu.fr\/ile-de-france\/paris_75056\/paris-une-femme-meurt-apres-avoir-ete-percutee-par-un-poids-lourd-une-enquete-ouverte_62465224.html\" target=\"_blank\" rel=\"noopener\">le lot d\u2019accidents qui va avec<\/a>. Cela favorise la fixation du trafic. On a tous les \u00e9l\u00e9ments du diagnostic. Et, m\u00eame s\u2019il y a depuis quelques temps moins de rixes, la situation demeure. Parce qu\u2019on am\u00e9nage des espaces \u2013 comme l\u2019ouverture de la petite ceinture \u2013 mais sans r\u00e9guler ensuite, <strong>ce qui cr\u00e9e les conditions de l\u2019\u00e9talement du trafic<\/strong>.\u00a0\u00bb\u00a0<\/p>\n<p class=\" wall-content\">K\u00e9vin Havet a, pour sa part, une autre grille de lecture : \u00ab\u00a0Nous entretenons des liens tr\u00e8s \u00e9troits avec le commissariat du 18e, mais, <strong>en cinq ans, ils ont perdu pr\u00e8s de 100 agents<\/strong>. On a pourtant besoin d\u2019effectifs ! Nous poussons pour des missions coordonn\u00e9es avec la police nationale et pour que le Groupe de protection et de s\u00e9curit\u00e9 des r\u00e9seaux (<a href=\"https:\/\/actu.fr\/ile-de-france\/paris_75056\/paris-a-la-decouverte-de-la-base-secrete-ou-s-entrainent-les-agents-de-securite-de-la-ratp_61074750.html\" target=\"_blank\" rel=\"noopener\">GPSR<\/a>) \u2013 les agents de s\u00e9curit\u00e9 de la RATP \u2013 aille plus loin.\u00a0\u00bb\u00a0<\/p>\n<p class=\" wall-content\">Marl\u00e8ne d\u00e9sesp\u00e8re : \u00ab\u00a0\u00c0 <a href=\"https:\/\/actu.fr\/tag\/montmartre\" target=\"_blank\" rel=\"noopener\">Montmartre<\/a>, ils se plaignent d\u2019avoir trop de <a href=\"https:\/\/actu.fr\/ile-de-france\/paris_75056\/video-paris-quand-des-policiers-jouent-au-football-avec-des-jeunes-a-montmartre-en-plein-jo_61415517.html\" target=\"_blank\" rel=\"noopener\">policiers \u00e0 cause des touristes<\/a> et nous, on en manque. On marche sur la t\u00eate.\u00a0\u00bb Et finit par verbaliser une pr\u00e9occupation devenue trop lourde pour \u00eatre gard\u00e9e pour elle : \u00ab\u00a0Aujourd\u2019hui, j\u2019ai honte d\u2019inviter des gens chez moi.\u00a0\u00bb<\/p>\n<p class=\" wall-content\">Suivez toute l\u2019actualit\u00e9 de vos villes et m\u00e9dias favoris en vous inscrivant \u00e0 <a href=\"https:\/\/moncompte.actu.fr\" title=\"D\u00e9couvez Mon Actu\" rel=\"nofollow noopener\" data-trk=\"{&quot;cta&quot;:{&quot;action&quot;:&quot;https:\\\/\\\/moncompte.actu.fr&quot;,&quot;category&quot;:&quot;mon compte&quot;,&quot;from&quot;:&quot;article footer&quot;,&quot;name&quot;:&quot;Mon actu&quot;,&quot;type&quot;:&quot;cta&quot;}}\" target=\"_blank\">Mon Actu<\/a>.<\/p>\n","protected":false},"excerpt":{"rendered":"Par Augustin Delaporte Publi\u00e9 le 16 mai 2025 \u00e0 7h12 \u00ab\u00a0Une ins\u00e9curit\u00e9 g\u00e9n\u00e9ralis\u00e9e.\u00a0\u00bb Trois mots pour r\u00e9sumer la&hellip;\n","protected":false},"author":2,"featured_media":103722,"comment_status":"","ping_status":"","sticky":false,"template":"","format":"standard","meta":{"footnotes":""},"categories":[1888],"tags":[1111,1928,11,1927,1777,674,1011,27,2825,12,1926,626,1925,1072,25,104],"class_list":{"0":"post-103721","1":"post","2":"type-post","3":"status-publish","4":"format-standard","5":"has-post-thumbnail","7":"category-paris","8":"tag-actu","9":"tag-actu-paris","10":"tag-actualites","11":"tag-actualites-paris","12":"tag-eu","13":"tag-europe","14":"tag-fr","15":"tag-france","16":"tag-insecurite","17":"tag-news","18":"tag-news-paris","19":"tag-paris","20":"tag-paris-news","21":"tag-police","22":"tag-republique-francaise","23":"tag-societe"},"share_on_mastodon":{"url":"https:\/\/pubeurope.com\/@fr\/114515973823200477","error":""},"_links":{"self":[{"href":"https:\/\/www.europesays.com\/fr\/wp-json\/wp\/v2\/posts\/103721","targetHints":{"allow":["GET"]}}],"collection":[{"href":"https:\/\/www.europesays.com\/fr\/wp-json\/wp\/v2\/posts"}],"about":[{"href":"https:\/\/www.europesays.com\/fr\/wp-json\/wp\/v2\/types\/post"}],"author":[{"embeddable":true,"href":"https:\/\/www.europesays.com\/fr\/wp-json\/wp\/v2\/users\/2"}],"replies":[{"embeddable":true,"href":"https:\/\/www.europesays.com\/fr\/wp-json\/wp\/v2\/comments?post=103721"}],"version-history":[{"count":0,"href":"https:\/\/www.europesays.com\/fr\/wp-json\/wp\/v2\/posts\/103721\/revisions"}],"wp:featuredmedia":[{"embeddable":true,"href":"https:\/\/www.europesays.com\/fr\/wp-json\/wp\/v2\/media\/103722"}],"wp:attachment":[{"href":"https:\/\/www.europesays.com\/fr\/wp-json\/wp\/v2\/media?parent=103721"}],"wp:term":[{"taxonomy":"category","embeddable":true,"href":"https:\/\/www.europesays.com\/fr\/wp-json\/wp\/v2\/categories?post=103721"},{"taxonomy":"post_tag","embeddable":true,"href":"https:\/\/www.europesays.com\/fr\/wp-json\/wp\/v2\/tags?post=103721"}],"curies":[{"name":"wp","href":"https:\/\/api.w.org\/{rel}","templated":true}]}}