{"id":103725,"date":"2025-05-16T05:58:18","date_gmt":"2025-05-16T05:58:18","guid":{"rendered":"https:\/\/www.europesays.com\/fr\/103725\/"},"modified":"2025-05-16T05:58:18","modified_gmt":"2025-05-16T05:58:18","slug":"linformaticien-pedophile-agressait-les-fillettes-dans-le-metro-de-paris","status":"publish","type":"post","link":"https:\/\/www.europesays.com\/fr\/103725\/","title":{"rendered":"l&rsquo;informaticien p\u00e9dophile agressait les fillettes dans le m\u00e9tro de Paris"},"content":{"rendered":"<p>            Par<br \/>\n        <strong><br \/>\n            <a href=\"https:\/\/actu.fr\/auteur\/antoine-blanchet\" title=\"Consulter tous les articles de Antoine Blanchet\" rel=\"nofollow noopener\" target=\"_blank\">Antoine Blanchet<\/a><br \/>\n        <\/strong><\/p>\n<p>        Publi\u00e9 le<\/p>\n<p>            15 mai 2025 \u00e0 18h02        <\/p>\n<p>La chemise est blanche. La voix douce. La coiffure impeccable. On pourrait croiser Jean* le vendredi en afterwork avec des coll\u00e8gues ou le dimanche \u00e0 la messe en famille. Pourtant, ce mercredi 14 mai 2025, c\u2019est sur le banc des pr\u00e9venus du tribunal correctionnel de <a href=\"https:\/\/actu.fr\/paris\/\" rel=\"nofollow noopener\" target=\"_blank\">Paris<\/a> qu\u2019on le retrouve. Seul. L\u2019informaticien de 42\u00a0ans compara\u00eet pour des faits bien plus sombres que son apparence. Il aurait <strong><a href=\"https:\/\/actu.fr\/tag\/violences-sexuelles\" rel=\"nofollow noopener\" target=\"_blank\">agress\u00e9 sexuellement<\/a> 17 fillettes dans les transports en commun<\/strong> et film\u00e9 69 autres \u00e0 leur insu. L\u2019\u00e2ge des victimes <strong>va de 3 \u00e0 17\u00a0ans<\/strong>. Le p\u00e8re de famille a \u00e9t\u00e9 condamn\u00e9 \u00e0 <strong>deux ans de prison ferme.<\/strong><\/p>\n<p>Interpellation dans le m\u00e9tro<\/p>\n<p class=\" wall-content\">Toute l\u2019affaire commence par des <a href=\"https:\/\/actu.fr\/tag\/ratp\" rel=\"nofollow noopener\" target=\"_blank\">cris dans le m\u00e9tro<\/a>. Le 13\u00a0novembre 2024, un p\u00e8re prend un homme en flagrant d\u00e9lit d\u2019agression sexuelle sur sa fille \u00e2g\u00e9e de 10\u00a0ans. Ce dernier vient <strong>de lui toucher les fesses avec le dos de sa main<\/strong>. L\u2019individu est alors interpell\u00e9 par la police. Jug\u00e9 en comparution imm\u00e9diate, il est condamn\u00e9 \u00e0 une peine de <strong>18\u00a0mois de prison dont six fermes<\/strong>.<\/p>\n<p class=\" wall-content\">L\u2019affaire ne s\u2019arr\u00eate pourtant pas l\u00e0. Les enqu\u00eateurs d\u00e9cident d\u2019inspecter les appareils \u00e9lectroniques du quadrag\u00e9naire, car <a href=\"https:\/\/actu.fr\/societe\/proces-des-viols-de-mazan-dominique-pelicot-merite-de-mourir-en-prison-selon-sa-fille-caroline-darian_62105711.html\" rel=\"nofollow noopener\" target=\"_blank\">comme l\u2019a montr\u00e9e l\u2019affaire Pelicot<\/a>, ordinateur peut parfois rimer avec horreur. Les policiers ont vu juste. Des centaines de vid\u00e9os et photos p\u00e9dopornographiques sont dissimul\u00e9es dans les disques durs.<\/p>\n<p>Chasse \u00e0 l\u2019Aquaboulevard et dans le m\u00e9tro<\/p>\n<p class=\" wall-content\">Outre des photos et vid\u00e9os de fillettes contraintes \u00e0 des actes sexuels trouv\u00e9es sur le darknet, des fichiers \u00ab\u2009faits maison\u2009\u00bb sont d\u00e9couverts. On y voit le pr\u00e9venu filmer sous les jupes de fillettes dans des commerces. \u00c0 <a href=\"https:\/\/actu.fr\/ile-de-france\/paris_75056\/noyade-d-une-fillette-a-l-aquaboulevard-de-paris-l-avocat-de-la-famille-denonce-des-failles-dans-la-securite_62162455.html\" rel=\"nofollow noopener\" target=\"_blank\">l\u2019Aquaboulevard<\/a>, piscine du 15e arrondissement, il enregistre des petites filles en train de se d\u00e9shabiller dans les vestiaires.<\/p>\n<p class=\" wall-content\">\u00ab\u2009Je mettais mes lunettes de plong\u00e9e sur le t\u00e9l\u00e9phone pour qu\u2019elles ne soient pas g\u00e9n\u00e9es par la cam\u00e9ra\u2009\u00bb, explique le pr\u00e9venu \u00e0 la barre.<\/p>\n<p class=\" wall-content\">\u00ab\u2009Non non, vous faisiez \u00e7a pour ne pas vous faire prendre\u2009\u00bb, le coupe s\u00e8chement la pr\u00e9sidente.<\/p>\n<p class=\" wall-content\">\u00ab\u2009Je ne voulais traumatiser personne\u2009\u00bb, maintient l\u2019int\u00e9ress\u00e9.<\/p>\n<p class=\" wall-content\">Un nouveau cap est pourtant franchi dans les transports en commun. Jean se filme dans le m\u00e9tro en train de toucher les fesses de petites filles. Sur la p\u00e9riode allant de 2018 \u00e0 2024, les enqu\u00eateurs listent 17 victimes \u00e2g\u00e9es de 8 \u00e0 16 ans. \u00ab\u2009Je me disais que qu\u2019elles ne sentaient pas ma main, car elles ne r\u00e9agissaient pas. Je me dis maintenant que c\u2019\u00e9tait par peur ou par choc traumatique\u2009\u00bb, bafouille Jean. Face \u00e0 lui, <strong>personne pour r\u00e9pondre<\/strong>. Si les mamans de deux victimes se sont constitu\u00e9es parties civiles, elles ne sont pas pr\u00e9sentes dans la salle.<\/p>\n<p>P\u00e9dophile 3.0<\/p>\n<p class=\" wall-content\">Informaticien de profession, le pr\u00e9venu met ses connaissances au service de sa perversion. Via l\u2019intelligence artificielle, il g\u00e9n\u00e8re <strong>des photos d\u00e9nud\u00e9es de fillettes de son entourage.\u00a0<\/strong>Au total, plus de 200 photos de ce type sont d\u00e9couvertes.<\/p>\n<p class=\" wall-content\">Possesseur <a href=\"https:\/\/actu.fr\/sciences-technologie\/realite-virtuelle-si-vous-mourrez-dans-le-jeu-ce-casque-vr-vous-tue-aussi-dans-la-vraie-vie_55268979.html\" rel=\"nofollow noopener\" target=\"_blank\">d\u2019un casque de r\u00e9alit\u00e9 virtuelle<\/a>, il ach\u00e8te une application qui mod\u00e9lise de jeunes femmes avec qui il peut assouvir ses fantasmes. \u00ab\u2009Heureusement qu\u2019on vous a interpell\u00e9 monsieur, car \u00e0 la fin, ils ne sont plus virtuels les gens\u2009\u00bb, lance la pr\u00e9sidente.<\/p>\n<p>Un mentor en vice<\/p>\n<p class=\" wall-content\">Cette somme gla\u00e7ante de faits, le p\u00e8re de famille les reconna\u00eet. D\u2019une voix h\u00e9sitante, presque implorante, il explique avoir \u00e9t\u00e9<strong> \u00ab\u2009mal aiguill\u00e9\u2009\u00bb dans son parcours sexuel<\/strong>. M\u00e8re absente, harc\u00e8lement scolaire\u2026 Apr\u00e8s des ann\u00e9es de rejet, Jean aurait fait une funeste rencontre en la personne de Lionel*, un ami de son p\u00e8re. \u00ab\u2009C\u2019est le premier adulte qui m\u2019a accept\u00e9. Il me montrait des images p\u00e9dophiles. J\u2019y ai pris go\u00fbt. Et si je quitte Lionel, je quitte ce p\u00e8re de substitution\u2009\u00bb. \u00ab\u2009\u00c7a ne serait peut-\u00eatre pas plus mal\u2009\u00bb, se permet la pr\u00e9sidente.<\/p>\n<p class=\" wall-content\">La transgression d\u00e9lictueuse, banalis\u00e9e par Lionel, d\u00e9vore alors d\u2019ann\u00e9es en ann\u00e9es le jeune homme. \u00ab\u2009Petit \u00e0 petit, on en veut plus. C\u2019est comme un muscle. Plus on l\u2019alimente, plus il grossit\u2009\u00bb. Malgr\u00e9 le mariage et la paternit\u00e9, rien n\u2019arr\u00eate la p\u00e9dophilie de Jean, qui va jusqu\u2019\u00e0 toucher les fesses d\u2019une jeune voisine \u00e0 c\u00f4t\u00e9 de ses enfants. \u00ab\u2009\u00c0 ce moment, je pense que vous \u00eates envahi par votre d\u00e9sir, c\u2019est choquant monsieur\u2009!\u2009\u00bb, s\u2019exclame la pr\u00e9sidente.<\/p>\n<p>Le pr\u00e9venu repenti\u2009?<\/p>\n<p class=\" wall-content\">\u00ab\u2009\u00c0 l\u2019\u00e9poque\u2009\u00bb, \u00ab\u2009Avant\u2026\u2009\u00bb. Lorsqu\u2019il \u00e9voque sa perversion sexuelle, le pr\u00e9venu la conjugue au pass\u00e9. Durant l\u2019audience, il le rappelle \u00e0 la moindre occasion\u2009: il a chang\u00e9. Le pr\u00e9dateur s\u2019est fait agneau. Docteur Jekyll a vaincu Mister Hyde. \u00ab\u2009Aujourd\u2019hui, je n\u2019ai plus du go\u00fbt \u00e0 \u00e7a\u2009\u00bb, assure Jean. Le choc carc\u00e9ral de sa premi\u00e8re condamnation et le d\u00e9but d\u2019une th\u00e9rapie auraient eu raison de ses d\u00e9mons. \u00ab\u2009Ce n\u2019est pas si simple. La prise en charge sera lourde\u2009\u00bb, temp\u00e8re la pr\u00e9sidente. Une r\u00e9serve partag\u00e9e par l\u2019expert psychiatre ayant examin\u00e9 l\u2019informaticien.<\/p>\n<p class=\" wall-content\">Jean affirme pourtant que sa vie a retrouv\u00e9 de sa stabilit\u00e9. Ses relations avec sa femme se sont apais\u00e9es. Il a m\u00eame trouv\u00e9 un nouveau travail, accessible en trottinette \u00e9lectrique. Le repentir de l\u2019informaticien est-il sinc\u00e8re\u2009? Sa peur de la prison, elle, semble r\u00e9elle. D\u00e9tenu \u00e0 <a href=\"https:\/\/actu.fr\/ile-de-france\/fleury-merogis_91235\/essonne-13-choses-a-savoir-sur-la-prison-de-fleury-merogis_53623576.html\" rel=\"nofollow noopener\" target=\"_blank\">Fleury-M\u00e9rogis<\/a> (<a href=\"https:\/\/actu.fr\/essonne\/\" rel=\"nofollow noopener\" target=\"_blank\">Essonne<\/a>) pendant plusieurs mois, le pr\u00e9venu en garde un souvenir traumatisant\u2009: \u00ab\u2009J\u2019ai eu peur pour ma vie et celle de ma famille. J\u2019ai vu un p\u00e9dophile se faire tabasser dans la cour\u2009\u00bb.<\/p>\n<p class=\" wall-content\">Le tribunal a d\u00e9cid\u00e9 de le condamner <strong>\u00e0 deux ans de prison ferme avec mandat de d\u00e9p\u00f4t<\/strong>. Le pr\u00e9venu dispose de dix jours pour faire appel de la d\u00e9cision.\u00a0<\/p>\n<p class=\" wall-content\">*Les pr\u00e9noms ont \u00e9t\u00e9 modifi\u00e9s\u00a0<\/p>\n<p class=\" wall-content\">Suivez toute l\u2019actualit\u00e9 de vos villes et m\u00e9dias favoris en vous inscrivant \u00e0 <a href=\"https:\/\/moncompte.actu.fr\" title=\"D\u00e9couvez Mon Actu\" rel=\"nofollow noopener\" data-trk=\"{&quot;cta&quot;:{&quot;action&quot;:&quot;https:\\\/\\\/moncompte.actu.fr&quot;,&quot;category&quot;:&quot;mon compte&quot;,&quot;from&quot;:&quot;article footer&quot;,&quot;name&quot;:&quot;Mon actu&quot;,&quot;type&quot;:&quot;cta&quot;}}\" target=\"_blank\">Mon Actu<\/a>.<\/p>\n","protected":false},"excerpt":{"rendered":"Par Antoine Blanchet Publi\u00e9 le 15 mai 2025 \u00e0 18h02 La chemise est blanche. La voix douce. La&hellip;\n","protected":false},"author":2,"featured_media":103726,"comment_status":"","ping_status":"","sticky":false,"template":"","format":"standard","meta":{"footnotes":""},"categories":[1888],"tags":[11,1777,674,118,1011,27,12,626,2694,625,25,799],"class_list":{"0":"post-103725","1":"post","2":"type-post","3":"status-publish","4":"format-standard","5":"has-post-thumbnail","7":"category-paris","8":"tag-actualites","9":"tag-eu","10":"tag-europe","11":"tag-faits-divers","12":"tag-fr","13":"tag-france","14":"tag-news","15":"tag-paris","16":"tag-proces","17":"tag-ratp","18":"tag-republique-francaise","19":"tag-violences-sexuelles"},"share_on_mastodon":{"url":"https:\/\/pubeurope.com\/@fr\/114515981359475070","error":""},"_links":{"self":[{"href":"https:\/\/www.europesays.com\/fr\/wp-json\/wp\/v2\/posts\/103725","targetHints":{"allow":["GET"]}}],"collection":[{"href":"https:\/\/www.europesays.com\/fr\/wp-json\/wp\/v2\/posts"}],"about":[{"href":"https:\/\/www.europesays.com\/fr\/wp-json\/wp\/v2\/types\/post"}],"author":[{"embeddable":true,"href":"https:\/\/www.europesays.com\/fr\/wp-json\/wp\/v2\/users\/2"}],"replies":[{"embeddable":true,"href":"https:\/\/www.europesays.com\/fr\/wp-json\/wp\/v2\/comments?post=103725"}],"version-history":[{"count":0,"href":"https:\/\/www.europesays.com\/fr\/wp-json\/wp\/v2\/posts\/103725\/revisions"}],"wp:featuredmedia":[{"embeddable":true,"href":"https:\/\/www.europesays.com\/fr\/wp-json\/wp\/v2\/media\/103726"}],"wp:attachment":[{"href":"https:\/\/www.europesays.com\/fr\/wp-json\/wp\/v2\/media?parent=103725"}],"wp:term":[{"taxonomy":"category","embeddable":true,"href":"https:\/\/www.europesays.com\/fr\/wp-json\/wp\/v2\/categories?post=103725"},{"taxonomy":"post_tag","embeddable":true,"href":"https:\/\/www.europesays.com\/fr\/wp-json\/wp\/v2\/tags?post=103725"}],"curies":[{"name":"wp","href":"https:\/\/api.w.org\/{rel}","templated":true}]}}