{"id":103741,"date":"2025-05-16T06:06:18","date_gmt":"2025-05-16T06:06:18","guid":{"rendered":"https:\/\/www.europesays.com\/fr\/103741\/"},"modified":"2025-05-16T06:06:18","modified_gmt":"2025-05-16T06:06:18","slug":"campagne-planthealth4life-la-protection-de-la-sante-des-plantes-dans-lue","status":"publish","type":"post","link":"https:\/\/www.europesays.com\/fr\/103741\/","title":{"rendered":"# Campagne PlanThealth4Life: la protection de la sant\u00e9 des plantes dans l&rsquo;UE"},"content":{"rendered":"<p>La Commission europ\u00e9enne (CE), ainsi que l&rsquo;European Food Security Authority (EFSA) et le soutien de ses partenaires de toute l&rsquo;Europe, <strong>Ils ont apport\u00e9 leur soutien pour lancer la campagne # planThealth4Life pour la troisi\u00e8me ann\u00e9e<\/strong>. Il s&rsquo;agit d&rsquo;une initiative crois\u00e9e qui vise \u00e0 prot\u00e9ger la sant\u00e9 des plantes et qui cherche \u00e0 prendre conscience de l&rsquo;opinion publique sur l&rsquo;importance qu&rsquo;ils ont pour notre \u00e9conomie, notre environnement et dans notre vie quotidienne.<\/p>\n<p>Les deux <strong>Le changement climatique, comme le commerce, le tourisme et d&rsquo;autres activit\u00e9s, exerce une forte pression sur la sant\u00e9 des plantes<\/strong> face aux ravageurs et aux maladies. Et ces circonstances pourraient avoir des cons\u00e9quences environnementales et \u00e9conomiques de proportions d\u00e9vastatrices.<\/p>\n<p><strong>Mai est le mois de la campagne # planThealth4Life<\/strong>qui apporte une \u00e9nergie renouvel\u00e9e et une nouvelle approche. Et cela profite de l&rsquo;impulsion des deux \u00e9ditions pr\u00e9c\u00e9dentes afin de consolider un plus grand engagement \u00e0 l&rsquo;int\u00e9rieur et \u00e0 l&rsquo;ext\u00e9rieur de l&rsquo;Union europ\u00e9enne.<\/p>\n<p><img decoding=\"async\" loading=\"lazy\" width=\"350\" height=\"104\" src=\"https:\/\/www.europesays.com\/fr\/wp-content\/uploads\/2025\/04\/Qu39arrivera-t-il-a-l39industrie-miniere-des-eaux-profondes-destructrices.jpg\"\/><br \/>\n<img decoding=\"async\" loading=\"lazy\" width=\"350\" height=\"104\" src=\"https:\/\/www.europesays.com\/fr\/wp-content\/uploads\/2025\/05\/Alliance-pour-promouvoir-la-conservation-de-la-biodiversite.jpg\"\/><\/p>\n<p>3e campagne # planThealth4Life<\/p>\n<p>\u00ab<strong>Lorsque les citoyens comprennent le r\u00f4le vital que joue la sant\u00e9 des plantes dans leur vie, de la nourriture \u00e0 leurs tables \u00e0 l&rsquo;air qu&rsquo;ils respirent, ils deviennent de puissants agents de changement<\/strong>\u00bb, Explique Sylvain Giraud, chef de l&rsquo;unit\u00e9 de sant\u00e9 des plantes de la Direction g\u00e9n\u00e9rale de la sant\u00e9 alimentaire (DG Sante).<\/p>\n<p>\u00ab<strong>#<\/strong><strong>PlanThealth4Life nous rappelle que tout le monde peut coop\u00e9rer \u00e0 un changement significatif<\/strong> Si nous restons inform\u00e9s et prenons des d\u00e9cisions bien m\u00e9dit\u00e9es qui nous aident \u00e0 prot\u00e9ger ce qui est un soutien pour tous et tous\u00bb.<\/p>\n<p>\u00ab<strong>Une plante est plus qu&rsquo;une plante: elle peut aussi \u00eatre un moyen de transporter d&rsquo;autres organismes vivants<\/strong>\u00bb, Explique Giuseppe Stancanelli, chef d&rsquo;\u00e9quipe pour l&rsquo;\u00e9valuation du risque phytosanitaire dans l&rsquo;EFSA. \u00abDans notre monde interconnect\u00e9, les plantes se d\u00e9placent comme ils ne l&rsquo;avaient jamais fait. <\/p>\n<p>C&rsquo;est la raison pour laquelle <strong>L&rsquo;UE est bas\u00e9e sur une \u00e9valuation empirique des risques pour comprendre et g\u00e9rer les menaces possibles pour la sant\u00e9 des plantes<\/strong>aidant \u00e0 prot\u00e9ger notre environnement, notre agriculture et notre biodiversit\u00e9. \u00c0 travers la campagne <strong># PlanThealth4Life,<\/strong> Nous contribuons \u00e0 accro\u00eetre la sensibilisation \u00e0 travers l&rsquo;Europe\u00bb.<\/p>\n<p>La campagne <strong># PlanThealth4Life<\/strong> De cette ann\u00e9e, avec un plus grand accent sur la participation, la collaboration et la formation des citoyens, il rassemble des partenaires de 26 \u00c9tats membres de l&rsquo;UE, 5 pays de la phase de pr\u00e9-lecture \u00e0 l&rsquo;UE et en Suisse afin de sensibiliser et d&rsquo;inspirer la pens\u00e9e critique en relation avec la <strong>Liens vitaux entre la sant\u00e9 des plantes, l&rsquo;environnement et notre vie quotidienne<\/strong>.<\/p>\n<p>Mettre l&rsquo;accent sur les mesures concr\u00e8tes et la participation de la communaut\u00e9, <strong>La campagne encourage les citoyens inform\u00e9s non seulement \u00e0 refl\u00e9ter<\/strong>mais aussi pour partager leurs connaissances et inspirer les autres \u00e0 se joindre \u00e0 l&rsquo;effort collectif pour prot\u00e9ger nos \u00e9cosyst\u00e8mes et nos \u00e9conomies.<\/p>\n<p>La sant\u00e9 des plantes et son impact sur nos vies<\/p>\n<p>Le <strong>Les plantes constituent 80% des aliments que nous mangeons, nourrissez les animaux que nous \u00e9levons pour la nourriture et nettoyons l&rsquo;air que nous respirons<\/strong>. Mais ce n&rsquo;est pas tout: la sant\u00e9 des plantes se traduit par de bons rendements agricoles, ce qui affecte la disponibilit\u00e9 des aliments et les prix des aliments pour les consommateurs.<\/p>\n<p>Il <strong>Le changement climatique et les activit\u00e9s humaines, telles que le commerce et les voyages, exercent une forte pression sur les plantes<\/strong>. La propagation des ravageurs et des maladies des plantes peut avoir des cons\u00e9quences \u00e9conomiques et environnementales d\u00e9vastatrices. Par exemple, les \u00e9pid\u00e9mies de bact\u00e9ries Xylella ennuyeux, Les Olivares du sud de l&rsquo;Italie sont d\u00e9vast\u00e9s pendant plus d&rsquo;une d\u00e9cennie, entra\u00eenant la perte de millions d&rsquo;arbres et mena\u00e7ant la biodiversit\u00e9 et les \u00e9conomies locales.<\/p>\n<p>Cependant, <strong>Une grande partie de la citoyennet\u00e9 ne sait pas pourquoi la sant\u00e9 des plantes est si importante. # PlanThealth4Life<\/strong> Il vise \u00e0 accro\u00eetre la sensibilisation collective concernant les risques de sant\u00e9 des plantes et le r\u00f4le qui correspond \u00e0 chacun de nous pour la protection.<\/p>\n<p>Andrzej Chodkowski, inspecteur en chef de la sant\u00e9 v\u00e9g\u00e9tale de la Pologne, encourage \u00e0 participer <strong># PlanThealth4Life<\/strong> Et demandez \u00ab\u00a0\u00c0 tous <strong>coop\u00e9rer et prendre soin des plantes dans leur environnement imm\u00e9diat<\/strong> Pour que nous puissions profiter de sa riche verdure et parmi tous donnent la vie \u00e0 l&rsquo;id\u00e9e: \u00ab\u00a0Prot\u00e9gez les plantes, prot\u00e9gez la vie!\u00a0\u00bb<\/p>\n<p>Diffuser le message et n&rsquo;oubliez pas de participer!<\/p>\n<p>La participation de chaque europ\u00e9en et europ\u00e9en est essentielle pour maintenir la sant\u00e9 des plantes. <strong>Visitez le site Web # planThealth4Life<\/strong>  et d\u00e9couvrir comment cette campagne encourage le public \u00e0 prot\u00e9ger la sant\u00e9 des plantes. Les ressources offertes comprennent le mat\u00e9riel de presse, les publications dans les r\u00e9seaux sociaux et les vid\u00e9os.<\/p>\n<p>La campagne est ouverte \u00e0 tous, avec une attention particuli\u00e8re \u00e0:<\/p>\n<ul>\n<li><strong>Voyager et les gens curieux<\/strong> Qui aime explorer le monde et la nature.<\/li>\n<\/ul>\n<ul>\n<li><strong>Jardiniers <\/strong>qui cultivent et s&rsquo;occupent de leurs l\u00e9gumes, fleurs et arbres \u00e0 la maison.<\/li>\n<\/ul>\n<ul>\n<li><strong>Familles<\/strong> Pr\u00e9occup\u00e9 par les aliments ing\u00e9r\u00e9s par leurs fils et leurs filles et le d\u00e9sir de prot\u00e9ger les communaut\u00e9s agricoles, l&rsquo;environnement et la biodiversit\u00e9 pour les g\u00e9n\u00e9rations futures.<\/li>\n<\/ul>\n<p>Cette ann\u00e9e, <strong># PlanThealth4Life<\/strong> Il visitera les foires, les expositions et les \u00e9coles des pays participants. <strong>Consultez la page du site Web national de la campagne pour voir ce qui se passe dans votre pays<\/strong> et garder attentif \u00e0 plus d&rsquo;informations car elles sont disponibles.<\/p>\n","protected":false},"excerpt":{"rendered":"La Commission europ\u00e9enne (CE), ainsi que l&rsquo;European Food Security Authority (EFSA) et le soutien de ses partenaires de&hellip;\n","protected":false},"author":2,"featured_media":103742,"comment_status":"","ping_status":"","sticky":false,"template":"","format":"standard","meta":{"footnotes":""},"categories":[1586],"tags":[11,3226,1446,154,1777,674,1779,1011,27,13257,12,4896,22021,4846,25,71,1778,364],"class_list":{"0":"post-103741","1":"post","2":"type-post","3":"status-publish","4":"format-standard","5":"has-post-thumbnail","7":"category-europe","8":"tag-actualites","9":"tag-campagne","10":"tag-dans","11":"tag-des","12":"tag-eu","13":"tag-europe","14":"tag-european-union","15":"tag-fr","16":"tag-france","17":"tag-l39ue","18":"tag-news","19":"tag-plantes","20":"tag-planthealth4life","21":"tag-protection","22":"tag-republique-francaise","23":"tag-sante","24":"tag-ue","25":"tag-union-europeenne"},"share_on_mastodon":{"url":"https:\/\/pubeurope.com\/@fr\/114516012905103734","error":""},"_links":{"self":[{"href":"https:\/\/www.europesays.com\/fr\/wp-json\/wp\/v2\/posts\/103741","targetHints":{"allow":["GET"]}}],"collection":[{"href":"https:\/\/www.europesays.com\/fr\/wp-json\/wp\/v2\/posts"}],"about":[{"href":"https:\/\/www.europesays.com\/fr\/wp-json\/wp\/v2\/types\/post"}],"author":[{"embeddable":true,"href":"https:\/\/www.europesays.com\/fr\/wp-json\/wp\/v2\/users\/2"}],"replies":[{"embeddable":true,"href":"https:\/\/www.europesays.com\/fr\/wp-json\/wp\/v2\/comments?post=103741"}],"version-history":[{"count":0,"href":"https:\/\/www.europesays.com\/fr\/wp-json\/wp\/v2\/posts\/103741\/revisions"}],"wp:featuredmedia":[{"embeddable":true,"href":"https:\/\/www.europesays.com\/fr\/wp-json\/wp\/v2\/media\/103742"}],"wp:attachment":[{"href":"https:\/\/www.europesays.com\/fr\/wp-json\/wp\/v2\/media?parent=103741"}],"wp:term":[{"taxonomy":"category","embeddable":true,"href":"https:\/\/www.europesays.com\/fr\/wp-json\/wp\/v2\/categories?post=103741"},{"taxonomy":"post_tag","embeddable":true,"href":"https:\/\/www.europesays.com\/fr\/wp-json\/wp\/v2\/tags?post=103741"}],"curies":[{"name":"wp","href":"https:\/\/api.w.org\/{rel}","templated":true}]}}