{"id":103743,"date":"2025-05-16T06:07:10","date_gmt":"2025-05-16T06:07:10","guid":{"rendered":"https:\/\/www.europesays.com\/fr\/103743\/"},"modified":"2025-05-16T06:07:10","modified_gmt":"2025-05-16T06:07:10","slug":"des-videos-de-residents-dun-ehpad-filmes-sur-leur-lit-de-mort-a-demi-nus-ou-humilies-publiees-en-ligne-par-une-salariee","status":"publish","type":"post","link":"https:\/\/www.europesays.com\/fr\/103743\/","title":{"rendered":"des vid\u00e9os de r\u00e9sidents d\u2019un Ehpad film\u00e9s sur leur lit de mort, \u00e0 demi-nus ou humili\u00e9s, publi\u00e9es en ligne par une salari\u00e9e"},"content":{"rendered":"<p>Une jeune infirmi\u00e8re a \u00e9t\u00e9 licenci\u00e9e de l\u2019Ehpad Les Astr\u00e9es de Saint-Etienne, \u00e0 la fin de l\u2019ann\u00e9e 2024, apr\u00e8s avoir film\u00e9 des mises en sc\u00e8nes odieuses de plusieurs r\u00e9sidents ensuite publi\u00e9es sur Snapchat.<\/p>\n<p class=\"fig-paragraph\">Les mises en sc\u00e8ne odieuses sont particuli\u00e8rement d\u00e9gradantes pour les personnes \u00e2g\u00e9es film\u00e9es, jusque sur son lit de mort pour l\u2019une d\u2019entre elles. Une jeune infirmi\u00e8re salari\u00e9e de l\u2019<a href=\"http:\/\/www.lefigaro.fr\/lyon\/villeurbanne-une-jeune-employee-d-ehpad-volait-les-cartes-bancaires-des-personnes-agees-20230601\" data-fig-type=\"NewsFlash\" data-gtm-custom-categorie=\"navigation\" data-gtm-custom-action=\"crossclick\" data-gtm-custom-label=\"Contextuel\" data-gtm-event=\"customEventSPE\" data-fig-domain=\"LEFIGARO\" target=\"_blank\" rel=\"noopener\">Ephad\u00a0<\/a>Les Astr\u00e9es de\u00a0<a href=\"http:\/\/www.lefigaro.fr\/lyon\/mort-de-l-agent-sncf-qui-avait-bu-un-cubi-de-cocaine-liquide-un-suspect-mis-en-examen-a-saint-etienne-20230512\" data-fig-type=\"NewsFlash\" data-gtm-custom-categorie=\"navigation\" data-gtm-custom-action=\"crossclick\" data-gtm-custom-label=\"Contextuel\" data-gtm-event=\"customEventSPE\" data-fig-domain=\"LEFIGARO\" target=\"_blank\" rel=\"noopener\">Saint-Etienne<\/a>\u00a0a \u00e9t\u00e9 licenci\u00e9 apr\u00e8s avoir mis en ligne des vid\u00e9os particuli\u00e8rement r\u00e9voltantes de certains r\u00e9sidents, selon une information du\u00a0<a href=\"https:\/\/c.leprogres.fr\/faits-divers-justice\/2025\/05\/15\/videos-a-l-ehpad-plainte-d-une-famille-et-procedure-disciplinaire-contre-l-infirmiere\" target=\"_blank\" rel=\"nofollow noopener\" data-gtm-custom-categorie=\"navigation\" data-gtm-custom-action=\"crossclick\" data-gtm-custom-label=\"Contextuel\" data-gtm-event=\"customEventSPE\">Progr\u00e8s\u00a0<\/a>confirm\u00e9e au Figaro par plusieurs sources proches du dossier. Le groupe Korian, qui exploite la structure assure avoir mis en place un plan d\u2019action de mani\u00e8re imm\u00e9diate et effectu\u00e9 les signalements requis aux autorit\u00e9s comp\u00e9tentes, en contradiction avec la version de ces derni\u00e8res.<\/p>\n<p class=\"fig-paragraph\">La description des vid\u00e9os par le journal local fait froid dans le dos. L\u2019une d\u2019elles fait appara\u00eetre une mise en sc\u00e8ne d\u2019une patiente d\u00e9c\u00e9d\u00e9e, \u00e0 laquelle on a gliss\u00e9 un paquet de cigarette entre les mains, ponctu\u00e9e d\u2019un commentaire qui se veut humoristique. Une autre montre une femme apparaissant le haut du corps d\u00e9nud\u00e9 pendant sa toilette, imitant la danse r\u00e9alis\u00e9e par un employ\u00e9 qui effectue sa toilette. Ce dernier, vacataire, a \u00e9galement \u00e9t\u00e9 renvoy\u00e9, indique Korian. D\u2019autres vid\u00e9os font appara\u00eetre des moqueries envers un vieil homme.<\/p>\n<p>La version de Korian contredite par les autorit\u00e9s<\/p>\n<p class=\"fig-paragraph\">\u00abCes faits de maltraitance sont graves et totalement contraires aux r\u00e8gles de l\u2019\u00e9tablissement L\u2019Astr\u00e9e, mais aussi aux valeurs humaines et professionnelles port\u00e9es par Korian\u00bb, a r\u00e9agi la direction du groupe aupr\u00e8s du Figaro \u00e9voquant \u00abun comportement isol\u00e9 et exceptionnel\u00bb. Elle assure avoir mis en place \u00abun plan d\u2019action\u00bb \u00abdans la semaine\u00bb, comprenant notamment une op\u00e9ration de sensibilisation au droit \u00e0 l\u2019image des collaborateurs de la structure. Korian assure avoir effectu\u00e9 les signalements requis et licenci\u00e9 l\u2019infirmi\u00e8re, pr\u00e9cisant qu\u2019elle ne travaillera plus pour aucun de ses 269 Ehpad.<\/p>\n<p class=\"fig-paragraph\">Le Progr\u00e8s assure pourtant que l\u2019affaire aurait \u00e9t\u00e9 \u00e9touff\u00e9e dans un premier temps par la directrice en poste jusqu\u2019au d\u00e9but de l\u2019ann\u00e9e 2025. Et explique avoir \u00e9t\u00e9 contact\u00e9 par un groupe de lanceurs d\u2019alerte. Le m\u00eame qui a sollicit\u00e9 l\u2019ordre des infirmiers en d\u00e9cembre. Korian d\u00e9ment, assurant sa diligence et sa transparence. Mais l\u2019Agence r\u00e9gionale de sant\u00e9 (ARS) explique elle aussi au Figaro avoir re\u00e7u ces vid\u00e9os de mani\u00e8re anonyme et demand\u00e9 des comptes \u00e0 la direction de l\u2019Ehpad. Ce n\u2019est qu\u2019\u00e0 la suite de cette rencontre que les sanctions disciplinaires et poursuites p\u00e9nales ont \u00e9t\u00e9 engag\u00e9es contre l\u2019infirmi\u00e8re identifi\u00e9e dans les vid\u00e9os. Cette derni\u00e8re ayant rapidement reconnu les faits.<\/p>\n<p class=\"fig-body-link\">\n            \u00c0 lire aussi<br \/>\n        <a class=\"fig-body-link__link\" href=\"http:\/\/www.lefigaro.fr\/lyon\/plainte-pour-agression-sexuelle-et-insultes-racistes-climat-deletere-dans-un-ehpad-municipal-de-lyon-20250401\" data-fig-type=\"NewsFlash\" data-gtm-custom-categorie=\"navigation\" data-gtm-custom-action=\"crossclick\" data-gtm-custom-label=\"Contextuel\" data-gtm-event=\"customEventSPE\" data-fig-domain=\"LEFIGARO\" target=\"_blank\" rel=\"noopener\">Plainte pour agression sexuelle et insultes racistes\u00a0: climat d\u00e9l\u00e9t\u00e8re dans un Ehpad municipal de Lyon<br \/>\n    <\/a>\n<\/p>\n<p class=\"fig-paragraph\">Les signalements au procureur de la r\u00e9publique de Saint-\u00c9tienne et \u00e0 l\u2019ordre d\u00e9partemental des infirmiers n\u2019auraient \u00e9t\u00e9 r\u00e9alis\u00e9s qu\u2019\u00e0 ce moment-l\u00e0. \u00abEn plus des sanctions disciplinaires prises par le gestionnaire lui-m\u00eame et du signalement qu\u2019il a transmis au parquet de Saint-\u00c9tienne, l\u2019Agence r\u00e9gionale Auvergne-Rh\u00f4ne-Alpes a de son c\u00f4t\u00e9 d\u00e9cid\u00e9 de saisir la chambre disciplinaire r\u00e9gionale de l\u2019ordre des infirmiers et dans l\u2019attente de sa d\u00e9cision l\u2019a suspendue de tout exercice de la profession\u00bb, pr\u00e9cise-t-elle.<\/p>\n<p class=\"fig-paragraph\">Korian assure que la situation a \u00e9t\u00e9 trait\u00e9e de mani\u00e8re transparente avec les familles \u00e0 qui il a m\u00eame \u00e9t\u00e9 rappel\u00e9 leur droit de porter plainte. Ce qu\u2019a fait l\u2019une d\u2019elles.<\/p>\n","protected":false},"excerpt":{"rendered":"Une jeune infirmi\u00e8re a \u00e9t\u00e9 licenci\u00e9e de l\u2019Ehpad Les Astr\u00e9es de Saint-Etienne, \u00e0 la fin de l\u2019ann\u00e9e 2024,&hellip;\n","protected":false},"author":2,"featured_media":103744,"comment_status":"","ping_status":"","sticky":false,"template":"","format":"standard","meta":{"footnotes":""},"categories":[2],"tags":[11,5273,2430,5299,5272,5312,5296,5285,12216,5293,1011,27,5303,5311,5301,5279,5275,5313,5276,5300,5302,5280,5298,5281,5306,5305,5308,5309,5284,5294,5297,5269,5271,5268,5270,5267,2428,19232,5295,5307,5277,5304,5283,12,978,5274,25,2431,5314,5288,5292,5289,5291,5290,5315,5282,5286,1748,5310,5287,5278],"class_list":{"0":"post-103743","1":"post","2":"type-post","3":"status-publish","4":"format-standard","5":"has-post-thumbnail","7":"category-actualites","8":"tag-actualites","9":"tag-ainay","10":"tag-auvergne-rhone-alpes","11":"tag-bellecombe","12":"tag-bellecour","13":"tag-champvert-nord","14":"tag-champvert-sud","15":"tag-clos-jouve","16":"tag-ehpad","17":"tag-fourviere","18":"tag-fr","19":"tag-france","20":"tag-gerland","21":"tag-gorge-de-loup","22":"tag-jean-mace","23":"tag-la-buire","24":"tag-la-confluence","25":"tag-la-duchere","26":"tag-la-guillotiere-nord-prefecture","27":"tag-la-guillotiere-sud","28":"tag-la-mouche","29":"tag-la-part-dieu","30":"tag-la-tete-dor","31":"tag-la-villette","32":"tag-laennec","33":"tag-le-bachut","34":"tag-le-grand-trou","35":"tag-le-moulin-a-vent","36":"tag-le-plateau-de-la-croix-rousse","37":"tag-le-point-du-jour","38":"tag-les-brotteaux","39":"tag-les-chartreux","40":"tag-les-cordeliers","41":"tag-les-pentes-de-la-croix-rousse","42":"tag-les-terreaux","43":"tag-les-traboules","44":"tag-lyon","45":"tag-maltraitance","46":"tag-menival","47":"tag-mermoz","48":"tag-moncey","49":"tag-monplaisir","50":"tag-montchat","51":"tag-news","52":"tag-olympique-lyonnais","53":"tag-perrache","54":"tag-republique-francaise","55":"tag-rhone-alpes","56":"tag-rochecardon-industrie","57":"tag-saint-georges","58":"tag-saint-irenee","59":"tag-saint-jean","60":"tag-saint-just","61":"tag-saint-paul","62":"tag-saint-rambert-lile-barbe","63":"tag-sans-souci-dauphine","64":"tag-serin-saint-charles","65":"tag-snapchat","66":"tag-vaise","67":"tag-vieux-lyon","68":"tag-voltaire"},"share_on_mastodon":{"url":"","error":"Validation failed: Text character limit of 500 exceeded"},"_links":{"self":[{"href":"https:\/\/www.europesays.com\/fr\/wp-json\/wp\/v2\/posts\/103743","targetHints":{"allow":["GET"]}}],"collection":[{"href":"https:\/\/www.europesays.com\/fr\/wp-json\/wp\/v2\/posts"}],"about":[{"href":"https:\/\/www.europesays.com\/fr\/wp-json\/wp\/v2\/types\/post"}],"author":[{"embeddable":true,"href":"https:\/\/www.europesays.com\/fr\/wp-json\/wp\/v2\/users\/2"}],"replies":[{"embeddable":true,"href":"https:\/\/www.europesays.com\/fr\/wp-json\/wp\/v2\/comments?post=103743"}],"version-history":[{"count":0,"href":"https:\/\/www.europesays.com\/fr\/wp-json\/wp\/v2\/posts\/103743\/revisions"}],"wp:featuredmedia":[{"embeddable":true,"href":"https:\/\/www.europesays.com\/fr\/wp-json\/wp\/v2\/media\/103744"}],"wp:attachment":[{"href":"https:\/\/www.europesays.com\/fr\/wp-json\/wp\/v2\/media?parent=103743"}],"wp:term":[{"taxonomy":"category","embeddable":true,"href":"https:\/\/www.europesays.com\/fr\/wp-json\/wp\/v2\/categories?post=103743"},{"taxonomy":"post_tag","embeddable":true,"href":"https:\/\/www.europesays.com\/fr\/wp-json\/wp\/v2\/tags?post=103743"}],"curies":[{"name":"wp","href":"https:\/\/api.w.org\/{rel}","templated":true}]}}