{"id":1037548,"date":"2026-07-02T00:55:26","date_gmt":"2026-07-02T00:55:26","guid":{"rendered":"https:\/\/www.europesays.com\/fr\/1037548\/"},"modified":"2026-07-02T00:55:26","modified_gmt":"2026-07-02T00:55:26","slug":"appel-unitaire-grande-marche-citoyenne-contre-les-violences-sexuelles-a-paris-et-partout-en-france","status":"publish","type":"post","link":"https:\/\/www.europesays.com\/fr\/1037548\/","title":{"rendered":"Appel unitaire : Grande marche citoyenne contre les violences sexuelles, \u00e0 Paris et partout en France"},"content":{"rendered":"<p>        <img decoding=\"async\" class=\"richtext-image full-width\" src=\"https:\/\/www.europesays.com\/fr\/wp-content\/uploads\/2026\/07\/2_Ea5L4qN.max-848x1200.format-jpeg.jpg\" alt=\"\" width=\"848\" \/><b>Le 4 juillet, nous marcherons, d\u00e9termin\u00e9es \u00e0 enfin en finir avec les violences sexistes et sexuelles faites aux femmes et aux enfants.<\/b><\/p>\n<p data-block-key=\"fu1j0\">Nous marcherons en m\u00e9moire de Lyhanna, assassin\u00e9e alors que le seul mis en cause avait d\u00e9j\u00e0 \u00e9t\u00e9 d\u00e9nonc\u00e9 \u00e0 la justice par plusieurs victimes dont une enfant victime d\u2019une cinquantaine de viols ; assassin\u00e9e alors qu\u2019un pr\u00e9c\u00e9dent signalement avait \u00e9t\u00e9 class\u00e9 sans suite.<\/p>\n<p data-block-key=\"2bim7\">Nous marcherons en soutien \u00e0 toutes les victimes, enfants comme adultes,\u00a0 \u00e0 celles qui ont surv\u00e9cu et en hommage \u00e0 celles qui ne sont plus parmi nous.<\/p>\n<p data-block-key=\"57qpr\">Nous marcherons en refus de l\u2019impunit\u00e9 qui prot\u00e8ge les agresseurs<\/p>\n<p><b>Il est temps !<\/b><\/p>\n<p data-block-key=\"d12qv\">Il est temps de prendre en compte la gravit\u00e9 des violences qui sont perp\u00e9tr\u00e9es tr\u00e8s majoritairement contre les femmes et les enfants. Il est temps de reconna\u00eetre leur caract\u00e8re syst\u00e9mique dans une soci\u00e9t\u00e9 patriarcale. Les f\u00e9ministes et les enfantistes le r\u00e9clament depuis les ann\u00e9es 1970.<\/p>\n<p data-block-key=\"lj1b\">Face \u00e0 ces revendications, les pouvoirs successifs n\u2019ont oppos\u00e9 que des mesures et des lois parcellaires, dict\u00e9es par l\u2019urgence d\u2019affaires successives qui continuent de secouer l\u2019opinion publique.<\/p>\n<p data-block-key=\"1k7ne\">Depuis trois semaines, un mouvement sans pr\u00e9c\u00e9dent traverse notre pays, place Vend\u00f4me, devant les tribunaux et les pr\u00e9fectures, pour demander qu\u2019enfin de v\u00e9ritables transformations aient lieu. Face \u00e0 l\u2019accumulation des affaires de violences sexuelles qui touchent les enfants et les femmes, les citoyen.ne.s demandent des actes en urgence. Nous connaissons les solutions !<\/p>\n<p data-block-key=\"dgiq4\">Il est temps de changer de paradigme, de r\u00e9pondre par une loi cadre int\u00e9grale \u00e0 des violences omnipr\u00e9sentes qui bouleversent radicalement la vie des victimes, enfants ou adultes.<\/p>\n<p data-block-key=\"bmg2u\">La pr\u00e9vention et l\u2019\u00e9ducation, notamment avec l\u2019EVARS \u00e0 l\u2019\u00e9cole, sont fondamentales. Mais aussi l\u2019accompagnement des victimes, la prise en compte de leur sant\u00e9 physique comme psychique, la garantie d\u2019un parcours p\u00e9nal protecteur et respectueux des besoins des victimes, la pr\u00e9vention, la lutte contre la r\u00e9cidive et la r\u00e9paration.<\/p>\n<p data-block-key=\"s99u\">Sans passer sous silence les violences invisibles et donc inaudibles : au travail, dans la rue, dans le cabinet du gyn\u00e9cologue ou\u00a0 les mutilations sexuelles. L\u2019impunit\u00e9 doit cesser !<\/p>\n<p data-block-key=\"ahag1\">C\u2019est pour cela que nous, f\u00e9ministes et enfantistes, avons \u00e9labor\u00e9 ensemble une loi-cadre<\/p>\n<p data-block-key=\"7a25a\">int\u00e9grale qui prend en compte l\u2019ensemble de ces aspects. Elle s\u2019appuie sur l\u2019exp\u00e9rience de toutes les associations qui viennent en solidarit\u00e9 aux\u00a0 victimes.<\/p>\n<p data-block-key=\"2a032\">Une coalition parlementaire transpartisane (regroupant l\u2019ensemble des groupes politiques sauf le RN et l\u2019UDR)\u00a0 \u00e0 l\u2019Assembl\u00e9e nationale\u00a0 a \u00e9labor\u00e9 une proposition de loi \u00e0 partir de ces \u00e9l\u00e9ments, en \u00e9troite collaboration avec les associations expertes. Elle est d\u00e9pos\u00e9e depuis d\u00e9but d\u00e9cembre sur le bureau de l\u2019Assembl\u00e9e. et depuis lors nous demandons sa mise \u00e0\u00a0 l\u2019ordre du jour. Nous demandons aussi les moyens financiers n\u00e9cessaires \u00e0 sa mise en \u0153uvre.: 3 milliards d\u2019euros par an .<\/p>\n<p data-block-key=\"auaf6\">Le premier Ministre, S\u00e9bastien Lecornu, vient de d\u00e9clarer qu\u2019elle serait d\u00e9battue en octobre, tout en limitant imm\u00e9diatement \u00a0 sur X\u00a0 sa port\u00e9e.<\/p>\n<p data-block-key=\"5rt17\">F\u00e9ministes et enfantistes, nous savons que la surench\u00e8re r\u00e9pressive pr\u00f4n\u00e9e par l\u2019extr\u00eame-droite et la droite extr\u00eame ne prot\u00e9gera ni les femmes ni les enfants.<\/p>\n<p data-block-key=\"cdqp6\">Castration chimique, perp\u00e9tuit\u00e9 r\u00e9elle, r\u00e9tablissement de la peine de mort. Ni la r\u00e9pression aveugle, ni la surench\u00e8re verbale, ni la politique du fait divers, n\u2019ont jamais emp\u00each\u00e9 les crimes et les d\u00e9lits.<\/p>\n<p data-block-key=\"4n104\">Ces propositions ignorent de surcro\u00eet les besoins et les droits des victimes, r\u00e9duites au r\u00f4le de pr\u00e9texte dans des strat\u00e9gies politiques conservatrices et r\u00e9actionnaires.<\/p>\n<p data-block-key=\"es78b\">C\u2019est une loi-cadre int\u00e9grale qu\u2019il nous faut.<\/p>\n<p><b>NOUS MARCHERONS PARTOUT EN FRANCE CONTRE LES VIOLENCES SEXUELLES, POUR CETTE LOI ET DES MOYENS LE 4 JUILLET ET TOUT LE TEMPS QU\u2019IL LE FAUDRA. NOUS NE L\u00c2CHERONS PAS.\u00a0<\/b><\/p>\n<p data-block-key=\"edb58\">Coalition f\u00e9ministe et enfantiste pour une loi int\u00e9grale contre les violences sexuelles et Fondation des Femmes.<\/p>\n<p data-block-key=\"eu98h\">Le samedi 4 juillet 2026, une grande marche citoyenne contre les violences sexuelles se tiendra \u00e0 Paris et dans des dizaines de villes en France. La Coalition f\u00e9ministe et enfantiste pour une loi int\u00e9grale, qui f\u00e9d\u00e8re plus de 150 organisations, associations et syndicats, et la Fondation des Femmes appellent \u00e0 se mobiliser en hommage \u00e0 Lyhanna, en soutien \u00e0 toutes les victimes de violences sexuelles, et pour exiger l\u2019adoption d\u2019une loi cadre int\u00e9grale assortie d\u2019un budget de 2,6 milliards d\u2019euros par an. Cette page recense l\u2019ensemble des rassemblements organis\u00e9s partout en France et permet aux organisateur\u00b7ices locaux\u00b7ales de signaler leur \u00e9v\u00e9nement.<\/p>\n<p><b>Trouver une marche du 4 juillet 2026 pr\u00e8s de chez vous<\/b><\/p>\n<p data-block-key=\"97fq7\">Plusieurs rassemblements sont d\u2019ores et d\u00e9j\u00e0 organis\u00e9s en France m\u00e9tropolitaine et en Outre-mer. La liste ci-dessous est mise \u00e0 jour quotidiennement \u00e0 mesure que les organisateur\u00b7ices locaux\u00b7ales signalent leur \u00e9v\u00e9nement.<\/p>\n<p data-block-key=\"9omlc\"><b>Ville (d\u00e9pt.)<\/b><\/p>\n<ul>\n<li data-block-key=\"6bomb\">Annecy (74)Palais de Justice, 51 rue Sommeiller<b>17h<\/b><\/li>\n<li data-block-key=\"7tkih\">Arles (13)Place de la R\u00e9publique<b>18h<\/b><\/li>\n<li data-block-key=\"1bh1b\">Auch (32)Tribunal judiciaire<b>10h<\/b><\/li>\n<li data-block-key=\"4t40e\">Besan\u00e7on (25)Place des Droits de l&rsquo;Homme<b>10h<\/b><\/li>\n<li data-block-key=\"ejoe3\">Bordeaux (33)Place de la Victoire<b>10h30<\/b><\/li>\n<li data-block-key=\"l2gm\">Bourges (18)Place S\u00e9raucourt<b>10h30<\/b><\/li>\n<li data-block-key=\"2735j\">Brest (29)Place de la Libert\u00e9<b>15h<\/b><\/li>\n<li data-block-key=\"6gida\">Carcassonne (11)Portail des Jacobins<b>10h30<\/b><\/li>\n<li data-block-key=\"4hu8l\">Chalon-sur-Sa\u00f4ne (71)Devant le Tribunal<b>10h<\/b><\/li>\n<li data-block-key=\"r4iv\">Chamb\u00e9ry (73)Palais de Justice<b>14h<\/b><\/li>\n<li data-block-key=\"9073f\">Charleville-M\u00e9zi\u00e8res (08)Tribunal, esplanade Robert Badinter<b>15h<\/b><\/li>\n<li data-block-key=\"fvg8i\">Ch\u00e2tillon-sur-Seine (21)H\u00f4tel de ville, place de la R\u00e9sistance<b>10h30<\/b><\/li>\n<li data-block-key=\"aeuf5\">Clermont-Ferrand (63)TGI<b>15h<\/b><\/li>\n<li data-block-key=\"eck31\">Cusset (03)Tribunal, avenue du Drapeau<b>10h30<\/b><\/li>\n<li data-block-key=\"5db95\">Dijon (21)Maison des Associations<b>9h<\/b><\/li>\n<li data-block-key=\"2oqgh\">Dole (39)Cours Clemenceau \/ Tribunal<b>10h-11h<\/b><\/li>\n<li data-block-key=\"27goq\">Gu\u00e9ret (23)Devant le Tribunal judiciaire<b>9h30<\/b><\/li>\n<li data-block-key=\"2887e\">La Rochelle (17)Palais de Justice<b>15h<\/b><\/li>\n<li data-block-key=\"8r4bg\">Lannion (22)Esplanade Quai d&rsquo;Aiguillon<b>11h<\/b><\/li>\n<li data-block-key=\"1cbbc\">Le Puy-en-Velay (43)D\u00e9part Tribunal<b>15h<\/b><\/li>\n<li data-block-key=\"3v76u\">Lyon (69)Quai Augagneur<b>16h<\/b><\/li>\n<li data-block-key=\"1nuor\">Montauban (82)Devant le tribunal<b>14h45<\/b><\/li>\n<li data-block-key=\"1goet\">Mont\u00e9limar (26)Place du Th\u00e9\u00e2tre<b>10h<\/b><\/li>\n<li data-block-key=\"rkhb\">Nantes (44)Miroir d&rsquo;eau<b>15h<\/b><\/li>\n<li data-block-key=\"4sqrl\">Nice (06)Place Garibaldi<b>11h<\/b><\/li>\n<li data-block-key=\"b7u7q\">Paris Bastille (marche nationale)<b>15h<\/b><\/li>\n<li data-block-key=\"fu8be\">P\u00e9rigueux (24)Palais de Justice<b>15h<\/b><\/li>\n<li data-block-key=\"cke7j\">Rennes (35)Place de la R\u00e9publique<b>11h30<\/b><\/li>\n<li data-block-key=\"5v44\">Rochefort (17)Maison de l&rsquo;\u00c9galit\u00e9, puis Place Colbert<b>16h30<\/b><\/li>\n<li data-block-key=\"6kl5l\">Saint-Brieuc (22)Devant le Palais de Justice<b>11h<\/b><\/li>\n<li data-block-key=\"2c9c8\">Saint-Maximin-la-Sainte-Baume (83)Place Malherbes<b>9h<\/b><\/li>\n<li data-block-key=\"6p677\">Saint-M\u00e9dard-sur-Ille (35)Devant la mairie<b>19h<\/b><\/li>\n<li data-block-key=\"7f2v7\">Strasbourg (67)Pont du March\u00e9<b>15h<\/b><\/li>\n<li data-block-key=\"22jir\">Toulon (83)Lieu \u00e0 pr\u00e9ciser<b>10h<\/b><\/li>\n<li data-block-key=\"67vbl\">Toulouse (31)Place du Capitole<b>11h<\/b><\/li>\n<li data-block-key=\"8gq4p\">Tours (37)Palais de Justice<b>15h<\/b><\/li>\n<li data-block-key=\"anmb4\">Valence (26)Place Porte Neuve<b>11h<\/b><\/li>\n<li data-block-key=\"4sarm\">Vend\u00f4me (41)Sous-pr\u00e9fecture, place Saint-Martin<b>11h<\/b><\/li>\n<li data-block-key=\"47dj5\">Villefranche-sur-Sa\u00f4ne (69)Jardin de la Mairie<b>10h<\/b><\/li>\n<\/ul>\n<p data-block-key=\"fqfjn\">Votre ville ne figure pas dans la liste ? Un rassemblement est peut-\u00eatre en pr\u00e9paration : contactez les associations f\u00e9ministes locales ou organisez-en un (voir section suivante).<\/p>\n<p><b>Organiser un rassemblement dans votre ville<\/b><\/p>\n<p data-block-key=\"au28\">Vous souhaitez organiser une marche ou un rassemblement le 4 juillet 2026 dans votre r\u00e9gion ? La Coalition f\u00e9ministe et enfantiste met \u00e0 votre disposition deux ressources pour vous accompagner.<\/p>\n<p><b>Signaler votre rassemblement<\/b><\/p>\n<p data-block-key=\"kv3r\">Pour que votre \u00e9v\u00e9nement soit r\u00e9f\u00e9renc\u00e9 sur cette page et relay\u00e9 aupr\u00e8s des citoyen\u00b7nes de votre territoire, remplissez le formulaire de signalement de la Coalition. Les informations transmises (ville, horaire, lieu, contact) permettent une diffusion coordonn\u00e9e et facilitent la mobilisation locale.<\/p>\n<p data-block-key=\"ethfv\">\ud83d\udc49<a href=\"https:\/\/docs.google.com\/forms\/d\/e\/1FAIpQLSdEnLHvCXwdoRKxlhkQ-Zhw-gq7NyvhwHtW-PeI9fbXKcJfjw\/viewform?usp=preview\" rel=\"nofollow noopener\" target=\"_blank\"> <b>Signaler un rassemblement du 4 juillet<\/b><\/a><\/p>\n<p><b>T\u00e9l\u00e9charger le kit de mobilisation r\u00e9gionale<\/b><\/p>\n<p data-block-key=\"5tqd9\">La Coalition met \u00e9galement \u00e0 disposition un kit de mobilisation complet, comprenant des mod\u00e8les de visuels pr\u00eats \u00e0 imprimer, des propositions de slogans, et des conseils logistiques pour organiser une marche en toute s\u00e9curit\u00e9.<\/p>\n<p data-block-key=\"6gmj\">\ud83d\udc49<a href=\"https:\/\/www.loi-integrale.fr\/wp-content\/uploads\/2026\/06\/KIT-MOBILISATION-REGIONALE-4-JUILLET.pdf\" rel=\"nofollow noopener\" target=\"_blank\"> <b>T\u00e9l\u00e9charger le kit de mobilisation r\u00e9gionale<\/b><\/a><\/p>\n<p><b>Soutenir la loi cadre int\u00e9grale contre les violences sexuelles<\/b><\/p>\n<p data-block-key=\"ee0v2\">La loi cadre int\u00e9grale port\u00e9e par la Coalition repose sur plus de 130 propositions l\u00e9gislatives, r\u00e9glementaires et budg\u00e9taires. Elle couvre l\u2019ensemble des formes de violences sexuelles : viols, agressions sexuelles, harc\u00e8lement sexuel, inceste, violences obst\u00e9tricales et gyn\u00e9cologiques, mutilations sexuelles f\u00e9minines, mariages forc\u00e9s, syst\u00e8me prostitutionnel, violences sexuelles en ligne, qu\u2019elles soient commises au sein ou en dehors du couple, par un\u00b7e inconnu\u00b7e ou par un\u00b7e conjoint\u00b7e ou ex-conjoint\u00b7e.<\/p>\n<p><b>Les axes structurants de la loi<\/b><\/p>\n<p data-block-key=\"7b50\">Une politique publique continue et coordonn\u00e9e pilot\u00e9e au plus haut niveau. Un investissement annuel de 2,6 milliards d\u2019euros contre les violences sexistes et sexuelles, dont 344 millions sp\u00e9cifiquement contre les violences sexuelles. Une \u00e9ducation \u00e0 la vie affective et sexuelle effective d\u00e8s l\u2019\u00e9cole. Une protection renforc\u00e9e des enfants, avec l\u2019introduction d\u2019une infraction d\u2019inceste et l\u2019imprescriptibilit\u00e9. Une justice r\u00e9ellement sp\u00e9cialis\u00e9e et form\u00e9e. Un remboursement int\u00e9gral des soins psychotraumatiques pour les victimes.<\/p>\n<p><b>Signer la p\u00e9tition<\/b><\/p>\n<p data-block-key=\"770sr\">Depuis mai 2024, plus de 330 000 personnes ont rejoint la mobilisation en signant la p\u00e9tition port\u00e9e sur le site de la Fondation des Femmes. Donnez de la voix \u00e0 la Coalition f\u00e9ministe et enfantiste et aux 150 associations qui la composent : signez et partagez.<\/p>\n<p data-block-key=\"be5e1\">\ud83d\udc49<a href=\"https:\/\/www.loi-integrale.fr\/\" rel=\"nofollow noopener\" target=\"_blank\"> <b>Je signe la p\u00e9tition pour une loi cadre int\u00e9grale<\/b><\/a><\/p>\n<p><b>Questions fr\u00e9quentes sur la marche du 4 juillet 2026<\/b><b>Qui organise la marche du 4 juillet 2026 ?<\/b><\/p>\n<p data-block-key=\"ta0v\">La marche est organis\u00e9e par la Coalition f\u00e9ministe et enfantiste pour une loi int\u00e9grale contre les violences sexuelles, qui rassemble plus de 150 associations, organisations et syndicats, en lien avec la Fondation des Femmes.<\/p>\n<p><b>Dans quelles villes la marche a-t-elle lieu ?<\/b><\/p>\n<p data-block-key=\"3bmbh\">La marche se tient \u00e0 Paris et dans des dizaines de villes en France m\u00e9tropolitaine et en Outre-mer. La liste actualis\u00e9e des rassemblements est disponible plus haut sur cette page.<\/p>\n<p><b>Comment organiser une marche dans ma ville ?<\/b><\/p>\n<p data-block-key=\"9t4hc\">T\u00e9l\u00e9chargez le kit de mobilisation r\u00e9gionale (visuels, slogans, conseils logistiques) sur loi-integrale.fr et remplissez le formulaire de signalement pour que votre \u00e9v\u00e9nement soit r\u00e9f\u00e9renc\u00e9<\/p>\n<p><b>Que demande la Coalition f\u00e9ministe et enfantiste ?<\/b><\/p>\n<p data-block-key=\"nm4b\">La Coalition demande la mise \u00e0 l\u2019ordre du jour et l\u2019adoption sans amputation de la proposition de loi cadre int\u00e9grale contre les violences sexuelles d\u00e9pos\u00e9e \u00e0 l\u2019Assembl\u00e9e nationale, ainsi que les 3 milliards d\u2019euros annuels n\u00e9cessaires \u00e0 sa mise en \u0153uvre.<\/p>\n<p data-block-key=\"aqrm5\">Le 4 juillet 2026, partout en France, nous marcherons contre les violences sexuelles, pour la loi cadre int\u00e9grale, et pour les moyens de la mettre en \u0153uvre. Nous ne l\u00e2cherons pas. <b>Rejoignez la marche la plus proche de chez vous, signez la p\u00e9tition, et partagez cette page aupr\u00e8s de votre entourage.<\/b><\/p>\n<p><img decoding=\"async\" class=\"richtext-image full-width\" src=\"https:\/\/www.europesays.com\/fr\/wp-content\/uploads\/2026\/07\/Page_1.max-848x1200.format-jpeg.jpg\" alt=\"\" width=\"848\" \/><img decoding=\"async\" class=\"richtext-image full-width\" src=\"https:\/\/www.europesays.com\/fr\/wp-content\/uploads\/2026\/07\/Page_2.max-848x1200.format-jpeg.jpg\" alt=\"\" width=\"848\" \/><img decoding=\"async\" class=\"richtext-image full-width\" src=\"https:\/\/www.europesays.com\/fr\/wp-content\/uploads\/2026\/07\/Page_3.max-848x1200.format-jpeg.jpg\" alt=\"\" width=\"848\" \/><img decoding=\"async\" class=\"richtext-image full-width\" src=\"https:\/\/www.europesays.com\/fr\/wp-content\/uploads\/2026\/07\/Page_4.max-848x1200.format-jpeg.jpg\" alt=\"\" width=\"848\" \/><\/p>\n","protected":false},"excerpt":{"rendered":"Le 4 juillet, nous marcherons, d\u00e9termin\u00e9es \u00e0 enfin en finir avec les violences sexistes et sexuelles faites aux&hellip;\n","protected":false},"author":2,"featured_media":1037549,"comment_status":"","ping_status":"","sticky":false,"template":"","format":"standard","meta":{"footnotes":"","_share_on_mastodon":"0"},"categories":[1888],"tags":[1111,1928,11,1927,10660,1777,674,1011,27,12768,12771,12,1926,626,1925,25,12767,12770,11564,12766,12769],"class_list":["post-1037548","post","type-post","status-publish","format-standard","has-post-thumbnail","category-paris","tag-actu","tag-actu-paris","tag-actualites","tag-actualites-paris","tag-egalite","tag-eu","tag-europe","tag-fr","tag-france","tag-independance-syndicale","tag-mouvements-sociaux","tag-news","tag-news-paris","tag-paris","tag-paris-news","tag-republique-francaise","tag-revendications","tag-solidarite-internationale","tag-syndicat","tag-transformation-sociale","tag-unite-syndicale"],"share_on_mastodon":{"url":"https:\/\/pubeurope.com\/@fr\/116847663552766755","error":""},"_links":{"self":[{"href":"https:\/\/www.europesays.com\/fr\/wp-json\/wp\/v2\/posts\/1037548","targetHints":{"allow":["GET"]}}],"collection":[{"href":"https:\/\/www.europesays.com\/fr\/wp-json\/wp\/v2\/posts"}],"about":[{"href":"https:\/\/www.europesays.com\/fr\/wp-json\/wp\/v2\/types\/post"}],"author":[{"embeddable":true,"href":"https:\/\/www.europesays.com\/fr\/wp-json\/wp\/v2\/users\/2"}],"replies":[{"embeddable":true,"href":"https:\/\/www.europesays.com\/fr\/wp-json\/wp\/v2\/comments?post=1037548"}],"version-history":[{"count":0,"href":"https:\/\/www.europesays.com\/fr\/wp-json\/wp\/v2\/posts\/1037548\/revisions"}],"wp:featuredmedia":[{"embeddable":true,"href":"https:\/\/www.europesays.com\/fr\/wp-json\/wp\/v2\/media\/1037549"}],"wp:attachment":[{"href":"https:\/\/www.europesays.com\/fr\/wp-json\/wp\/v2\/media?parent=1037548"}],"wp:term":[{"taxonomy":"category","embeddable":true,"href":"https:\/\/www.europesays.com\/fr\/wp-json\/wp\/v2\/categories?post=1037548"},{"taxonomy":"post_tag","embeddable":true,"href":"https:\/\/www.europesays.com\/fr\/wp-json\/wp\/v2\/tags?post=1037548"}],"curies":[{"name":"wp","href":"https:\/\/api.w.org\/{rel}","templated":true}]}}