{"id":103764,"date":"2025-05-16T06:21:08","date_gmt":"2025-05-16T06:21:08","guid":{"rendered":"https:\/\/www.europesays.com\/fr\/103764\/"},"modified":"2025-05-16T06:21:08","modified_gmt":"2025-05-16T06:21:08","slug":"si-la-france-etait-un-livre-ce-serait-les-miserables","status":"publish","type":"post","link":"https:\/\/www.europesays.com\/fr\/103764\/","title":{"rendered":"Si la France \u00e9tait un livre, ce serait Les Mis\u00e9rables"},"content":{"rendered":"<p>Si la France \u00e9tait un livre, Louis Sarkozy y verrait sans h\u00e9siter \u00ab\u00a0Les Mis\u00e9rables. Parce que le fran\u00e7ais est langue de Victor Hugo plus que de Moli\u00e8re. Que tout ce qui est insupportable en nous, c\u2019est Javert, de plus m\u00e9chant, ce sont les Th\u00e9nardier, de plus sublime, c\u2019est Jean Valjean et de plus f\u00e9minin, c\u2019est Cosette. Ce livre fait la taille de l\u2019Hexagone.\u00a0\u00bb Alors le fils de Nicolas Sarkozy et C\u00e9cilia Attias le feuillette, parcourant ses librairies et ses salles des f\u00eates pour y d\u00e9dicacer <a href=\"https:\/\/www.laprovence.com\/article\/culture-loisirs\/5438651880016314\/une-lettre-de-napoleon-sur-larrestation-du-pape-pie-vii-vendue-26-360-euros\" target=\"_blank\" rel=\"noopener\">\u00ab\u00a0<\/a><a href=\"https:\/\/www.laprovence.com\/article\/culture-loisirs\/5438651880016314\/une-lettre-de-napoleon-sur-larrestation-du-pape-pie-vii-vendue-26-360-euros\" target=\"_blank\" rel=\"noopener\">Napol\u00e9on Bonaparte, l&#8217;empire des livres<\/a><a href=\"https:\/\/www.laprovence.com\/article\/culture-loisirs\/5438651880016314\/une-lettre-de-napoleon-sur-larrestation-du-pape-pie-vii-vendue-26-360-euros\" target=\"_blank\" rel=\"noopener\">\u00ab\u00a0<\/a><a href=\"https:\/\/www.laprovence.com\/article\/culture-loisirs\/5438651880016314\/une-lettre-de-napoleon-sur-larrestation-du-pape-pie-vii-vendue-26-360-euros\" target=\"_blank\" rel=\"noopener\">\u00a0(Ed Pass\u00e9s\/Compos\u00e9s).<\/p>\n<p>Un travail solide, tr\u00e8s document\u00e9, sur un homme dans lequel chacun de nous pourrait se retrouver. \u00ab\u00a0Il \u00e9tait l\u2019arch\u00e9type de tout, la f\u00e9rocit\u00e9 et l\u2019humilit\u00e9, le pire et le meilleur, il est l\u2019immensit\u00e9 de l\u2019histoire\u00a0\u00bb, s\u2019enthousiasme le jeune homme de 28\u00a0ans qui, apr\u00e8s avoir v\u00e9cu une douzaine d\u2019ann\u00e9es aux \u00c9tats-Unis, est revenu en France il y a un an.<\/p>\n","protected":false},"excerpt":{"rendered":"Si la France \u00e9tait un livre, Louis Sarkozy y verrait sans h\u00e9siter \u00ab\u00a0Les Mis\u00e9rables. Parce que le fran\u00e7ais&hellip;\n","protected":false},"author":2,"featured_media":103765,"comment_status":"","ping_status":"","sticky":false,"template":"","format":"standard","meta":{"footnotes":""},"categories":[1357],"tags":[17,1379,58,59,8485,1011,27,2003,1380,17260,316,22022,22023,21187],"class_list":{"0":"post-103764","1":"post","2":"type-post","3":"status-publish","4":"format-standard","5":"has-post-thumbnail","7":"category-livres","8":"tag-17","9":"tag-books","10":"tag-divertissement","11":"tag-entertainment","12":"tag-etait","13":"tag-fr","14":"tag-france","15":"tag-livre","16":"tag-livres","17":"tag-louis","18":"tag-politique","19":"tag-sarkozy","20":"tag-serait","21":"tag-si"},"share_on_mastodon":{"url":"https:\/\/pubeurope.com\/@fr\/114516071735046707","error":""},"_links":{"self":[{"href":"https:\/\/www.europesays.com\/fr\/wp-json\/wp\/v2\/posts\/103764","targetHints":{"allow":["GET"]}}],"collection":[{"href":"https:\/\/www.europesays.com\/fr\/wp-json\/wp\/v2\/posts"}],"about":[{"href":"https:\/\/www.europesays.com\/fr\/wp-json\/wp\/v2\/types\/post"}],"author":[{"embeddable":true,"href":"https:\/\/www.europesays.com\/fr\/wp-json\/wp\/v2\/users\/2"}],"replies":[{"embeddable":true,"href":"https:\/\/www.europesays.com\/fr\/wp-json\/wp\/v2\/comments?post=103764"}],"version-history":[{"count":0,"href":"https:\/\/www.europesays.com\/fr\/wp-json\/wp\/v2\/posts\/103764\/revisions"}],"wp:featuredmedia":[{"embeddable":true,"href":"https:\/\/www.europesays.com\/fr\/wp-json\/wp\/v2\/media\/103765"}],"wp:attachment":[{"href":"https:\/\/www.europesays.com\/fr\/wp-json\/wp\/v2\/media?parent=103764"}],"wp:term":[{"taxonomy":"category","embeddable":true,"href":"https:\/\/www.europesays.com\/fr\/wp-json\/wp\/v2\/categories?post=103764"},{"taxonomy":"post_tag","embeddable":true,"href":"https:\/\/www.europesays.com\/fr\/wp-json\/wp\/v2\/tags?post=103764"}],"curies":[{"name":"wp","href":"https:\/\/api.w.org\/{rel}","templated":true}]}}