{"id":103770,"date":"2025-05-16T06:24:15","date_gmt":"2025-05-16T06:24:15","guid":{"rendered":"https:\/\/www.europesays.com\/fr\/103770\/"},"modified":"2025-05-16T06:24:15","modified_gmt":"2025-05-16T06:24:15","slug":"sean-baker-et-shih-ching-tsou-main-dans-la-main","status":"publish","type":"post","link":"https:\/\/www.europesays.com\/fr\/103770\/","title":{"rendered":"Sean Baker et Shih-Ching Tsou main dans la main"},"content":{"rendered":"<p>Le r\u00e9alisateur d\u2019Anora \u00e9paule sa fid\u00e8le collaboratrice dans son premier long-m\u00e9trage en solo pr\u00e9sent\u00e9 \u00e0 la Semaine de la critique.<\/p>\n<p class=\"fig-paragraph\">Un an apr\u00e8s sa palme d\u2019or pour\u00a0<a href=\"https:\/\/www.lefigaro.fr\/festival-de-cannes\/festival-de-cannes-notre-critique-d-anora-les-ours-et-la-poupee-20240521\" data-fig-type=\"Article\" data-gtm-custom-categorie=\"navigation\" data-gtm-custom-action=\"crossclick\" data-gtm-custom-label=\"Contextuel\" data-gtm-event=\"customEventSPE\" data-fig-domain=\"LEFIGARO\" rel=\"nofollow noopener\" target=\"_blank\">Anora<\/a>, Sean Baker est de retour \u00e0 Cannes, avec\u00a0<a href=\"http:\/\/www.lefigaro.fr\/cinema\/ceremonie-oscars\/oscars-2025-anora-the-brutalist-decouvrez-le-palmares-complet-20250303\" data-fig-type=\"NewsFlash\" data-gtm-custom-categorie=\"navigation\" data-gtm-custom-action=\"crossclick\" data-gtm-custom-label=\"Contextuel\" data-gtm-event=\"customEventSPE\" data-fig-domain=\"LEFIGARO\" rel=\"nofollow noopener\" target=\"_blank\">ses cinq Oscars<\/a>\u00a0dans sa valise, ou simplement un maillot de bain. Le cin\u00e9aste am\u00e9ricain revient \u00e0 la Semaine de la critique avec un film qu\u2019il n\u2019a pas mis en sc\u00e8ne. Left-Handed Girl est le premier long-m\u00e9trage en solo de l\u2019Am\u00e9ricano-Ta\u00efwanaise Shih-Ching Tsou. Le pr\u00e9c\u00e9dent, Take Out, l\u2019histoire d\u2019un livreur \u00e0 v\u00e9lo clandestin dans le quartier de Chinatown \u00e0 New\u00a0York (L\u2019Histoire de Souleymane n\u2019a rien invent\u00e9), \u00e9tait cor\u00e9alis\u00e9 avec Sean Baker.<\/p>\n<p class=\"fig-paragraph\">C\u2019\u00e9tait au d\u00e9but des ann\u00e9es\u00a02000. Des ann\u00e9es de vaches maigres, de budget serr\u00e9 et de tournage \u00e0 l\u2019arrache pour\u00a0<a href=\"http:\/\/www.lefigaro.fr\/festival-de-cannes\/sean-baker-de-la-mouise-a-la-palme-d-or-avec-anora-20240525\" data-fig-type=\"Article\" data-gtm-custom-categorie=\"navigation\" data-gtm-custom-action=\"crossclick\" data-gtm-custom-label=\"Contextuel\" data-gtm-event=\"customEventSPE\" data-fig-domain=\"LEFIGARO\" rel=\"nofollow noopener\" target=\"_blank\">le futur laur\u00e9at de la palme d\u2019or<\/a>. Shih-Ching Tsou \u00e9tait alors sa plus fid\u00e8le collaboratrice, productrice des quatre films qui pr\u00e9c\u00e8dent Anora (Starlet, Tangerine, The Florida Project et Red Rocket). Si Baker est pr\u00e9sent \u00e0 Cannes, ce n\u2019est pas pour lui faire de l\u2019ombre mais pour la mettre dans la lumi\u00e8re. Et il a tout de m\u00eame trois fois son nom au g\u00e9n\u00e9rique de Left-Handed\u2026<\/p>\n<p class=\"fig-premium-paywall__infos\">\n        Cet article est r\u00e9serv\u00e9 aux abonn\u00e9s.        Il vous reste 67% \u00e0 d\u00e9couvrir.\n    <\/p>\n<p>                <img  data- alt=\"Le Figaro\" class=\"fig-img--complete fig-img\"\/><\/p>\n<p class=\"fig-premium-paywall__title\">Vente Flash<\/p>\n<p class=\"fig-premium-paywall__subtitle\">4,99\u20ac par mois pendant 12 mois. Sans engagement.<\/p>\n<p class=\"fig-premium-paywall__connect\">\n                D\u00e9j\u00e0 abonn\u00e9\u00a0?                <a class=\"fig-premium-paywall__connect-link\" href=\"https:\/\/connect.lefigaro.fr\/login?client=horizon_web&amp;type=main&amp;redirect_uri=https%3A%2F%2Fwww.lefigaro.fr%2Ffestival-de-cannes%2Fnotre-critique-de-left-handed-girl-sean-baker-et-shih-ching-tsou-main-dans-la-main-20250515\" data-js-gtm=\"{&quot;customCategorie&quot;: &quot;conversion&quot;, &quot;customAction&quot;: &quot;before_Landing_Connexion_paywall_auto&quot;, &quot;customLabel&quot;: &quot;bGVmaWdhcm8uZnJfXzFmMDMxODhkLTllNTktNmQxMC1hZjZlLTU3OWQ3YmQxYWU0M19fQXJ0aWNsZQ==_Notre critique de &lt;i&gt;Left-Handed Girl\u00a0:&lt;\/i&gt; Sean Baker et Shih-Ching Tsou main dans la main_477&quot;, &quot;customIDSPE&quot;: &quot;bGVmaWdhcm8uZnJfXzFmMDMxODhkLTllNTktNmQxMC1hZjZlLTU3OWQ3YmQxYWU0M19fQXJ0aWNsZQ==&quot;, &quot;event&quot;: &quot;customEventSPE&quot;}\" rel=\"nofollow noopener\" target=\"_blank\"><br \/>\n                    Connectez-vous<br \/>\n                <\/a>\n            <\/p>\n","protected":false},"excerpt":{"rendered":"Le r\u00e9alisateur d\u2019Anora \u00e9paule sa fid\u00e8le collaboratrice dans son premier long-m\u00e9trage en solo pr\u00e9sent\u00e9 \u00e0 la Semaine de&hellip;\n","protected":false},"author":2,"featured_media":103771,"comment_status":"","ping_status":"","sticky":false,"template":"","format":"standard","meta":{"footnotes":""},"categories":[1354],"tags":[7306,650,7307,58,59,5634,1346,1011,27,11584,1360,11586,11585],"class_list":{"0":"post-103770","1":"post","2":"type-post","3":"status-publish","4":"format-standard","5":"has-post-thumbnail","7":"category-films","8":"tag-cannes","9":"tag-cinema","10":"tag-croisette","11":"tag-divertissement","12":"tag-entertainment","13":"tag-festival-de-cannes","14":"tag-films","15":"tag-fr","16":"tag-france","17":"tag-montee-des-marches","18":"tag-movies","19":"tag-palme-dor","20":"tag-prix-du-jury"},"share_on_mastodon":{"url":"https:\/\/pubeurope.com\/@fr\/114516083638038474","error":""},"_links":{"self":[{"href":"https:\/\/www.europesays.com\/fr\/wp-json\/wp\/v2\/posts\/103770","targetHints":{"allow":["GET"]}}],"collection":[{"href":"https:\/\/www.europesays.com\/fr\/wp-json\/wp\/v2\/posts"}],"about":[{"href":"https:\/\/www.europesays.com\/fr\/wp-json\/wp\/v2\/types\/post"}],"author":[{"embeddable":true,"href":"https:\/\/www.europesays.com\/fr\/wp-json\/wp\/v2\/users\/2"}],"replies":[{"embeddable":true,"href":"https:\/\/www.europesays.com\/fr\/wp-json\/wp\/v2\/comments?post=103770"}],"version-history":[{"count":0,"href":"https:\/\/www.europesays.com\/fr\/wp-json\/wp\/v2\/posts\/103770\/revisions"}],"wp:featuredmedia":[{"embeddable":true,"href":"https:\/\/www.europesays.com\/fr\/wp-json\/wp\/v2\/media\/103771"}],"wp:attachment":[{"href":"https:\/\/www.europesays.com\/fr\/wp-json\/wp\/v2\/media?parent=103770"}],"wp:term":[{"taxonomy":"category","embeddable":true,"href":"https:\/\/www.europesays.com\/fr\/wp-json\/wp\/v2\/categories?post=103770"},{"taxonomy":"post_tag","embeddable":true,"href":"https:\/\/www.europesays.com\/fr\/wp-json\/wp\/v2\/tags?post=103770"}],"curies":[{"name":"wp","href":"https:\/\/api.w.org\/{rel}","templated":true}]}}