{"id":103782,"date":"2025-05-16T06:30:08","date_gmt":"2025-05-16T06:30:08","guid":{"rendered":"https:\/\/www.europesays.com\/fr\/103782\/"},"modified":"2025-05-16T06:30:08","modified_gmt":"2025-05-16T06:30:08","slug":"un-pape-en-rupture-une-esperance-pour-leglise","status":"publish","type":"post","link":"https:\/\/www.europesays.com\/fr\/103782\/","title":{"rendered":"\u00abUn pape en rupture, une esp\u00e9rance pour l\u2019\u00c9glise\u00bb"},"content":{"rendered":"<p data-module=\"fig-standfirst\" data-context=\"@media (min-width:48em)\">Les premiers pas de L\u00e9on XIV montrent \u00e0 la fois sa proximit\u00e9 avec son pr\u00e9d\u00e9cesseur, le pape Fran\u00e7ois, et la grande diff\u00e9rence de son caract\u00e8re et de son style.<\/p>\n<p class=\"fig-paragraph fig-paragraph--dropped\">Lorsque \u00e0 19\u2009h\u200913 ce jeudi 8\u00a0mai, le nom du 267e pape a \u00e9t\u00e9 prononc\u00e9, la surprise a \u00e9t\u00e9 immense\u00a0: l\u2019\u00e9lu, un citoyen des \u00c9tats-Unis et du P\u00e9rou, \u00e9tait un inconnu pour le grand public, et m\u00eame chez les vaticanistes, tr\u00e8s peu avaient pressenti\u00a0<a href=\"http:\/\/www.lefigaro.fr\/actualite-france\/l-americain-robert-francis-prevost-devient-le-pape-leon-xiv-20250508\" data-fig-type=\"NewsFlash\" data-gtm-custom-categorie=\"navigation\" data-gtm-custom-action=\"crossclick\" data-gtm-custom-label=\"Contextuel\" data-gtm-event=\"customEventSPE\" data-fig-domain=\"LEFIGARO\" target=\"_blank\" rel=\"noopener\">les chances du cardinal Robert Francis Prevost\u00a0<\/a>d\u2019acc\u00e9der au tr\u00f4ne de Saint-Pierre, a fortiori au 4e\u00a0tour de scrutin, comme\u00a0<a href=\"http:\/\/www.lefigaro.fr\/vox\/monde\/mathieu-bock-cote-jean-paul-ii-benoit-xvi-francois-et-l-europe-20250426\" data-fig-type=\"Article\" data-gtm-custom-categorie=\"navigation\" data-gtm-custom-action=\"crossclick\" data-gtm-custom-label=\"Contextuel\" data-gtm-event=\"customEventSPE\" data-fig-domain=\"LEFIGARO\" target=\"_blank\" rel=\"noopener\">Beno\u00eet XVI<\/a>\u00a0en 2005, un record.<\/p>\n<p class=\"fig-paragraph fig-paragraph--dropped fig-paragraph--dropped-small\">Quand le pape est apparu, une immense clameur s\u2019est \u00e9lev\u00e9e chez les plus de 100.000 personnes rassembl\u00e9es devant la basilique Saint-Pierre. Avant m\u00eame qu\u2019il n\u2019ait pris la parole, cependant, quelque chose avait frapp\u00e9\u00a0: sa tenue. Sur sa soutane blanche, le Saint-P\u00e8re avait rev\u00eatu la mozette et l\u2019\u00e9tole pontificale rouge et or brod\u00e9e \u00e0 l\u2019effigie de saint Pierre et saint Paul, ornements que le<a href=\"http:\/\/www.lefigaro.fr\/actualite-france\/dossier\/mort-du-pape-francois-reactions-analyses-funerailles\" data-fig-type=\"Topic\" data-gtm-custom-categorie=\"navigation\" data-gtm-custom-action=\"crossclick\" data-gtm-custom-label=\"Contextuel\" data-gtm-event=\"customEventSPE\" data-fig-domain=\"LEFIGARO\" target=\"_blank\" rel=\"noopener\">\u00a0pape Fran\u00e7ois<\/a>\u00a0avait refus\u00e9 de porter le soir de son \u00e9lection. En paraissant au balcon de la basilique Saint-Pierre v\u00eatu comme le furent avant lui Pie\u00a0XII, Jean\u00a0XXIII, Paul\u00a0VI, Jean-Paul\u00a0Ier, Jean-Paul II\u2026<\/p>\n<p class=\"fig-premium-paywall__infos\">\n        Cet article est r\u00e9serv\u00e9 aux abonn\u00e9s.        Il vous reste 90% \u00e0 d\u00e9couvrir.\n    <\/p>\n<p>                <img  data- alt=\"Le Figaro\" class=\"fig-img--complete fig-img\"\/><\/p>\n<p class=\"fig-premium-paywall__title\">Vente Flash<\/p>\n<p class=\"fig-premium-paywall__subtitle\">4,99\u20ac par mois pendant 12 mois. Sans engagement.<\/p>\n<p class=\"fig-premium-paywall__connect\">\n                D\u00e9j\u00e0 abonn\u00e9\u00a0?                <a class=\"fig-premium-paywall__connect-link\" href=\"https:\/\/connect.lefigaro.fr\/login?client=horizon_web&amp;type=main&amp;redirect_uri=https%3A%2F%2Fwww.lefigaro.fr%2Factualite-france%2Fjean-sevillia-un-pape-en-rupture-une-esperance-pour-l-eglise-20250516\" data-js-gtm=\"{&quot;customCategorie&quot;: &quot;conversion&quot;, &quot;customAction&quot;: &quot;before_Landing_Connexion_paywall_auto&quot;, &quot;customLabel&quot;: &quot;bGVmaWdhcm8uZnJfXzFmMDMwY2YxLThkMGEtNmZhYy05ZWRhLTA5MTIzZmI4NzM3M19fQXJ0aWNsZQ==_Jean S\u00e9villia\u00a0: \u00abUn pape en rupture, une esp\u00e9rance pour l\u2019\u00c9glise\u00bb_601&quot;, &quot;customIDSPE&quot;: &quot;bGVmaWdhcm8uZnJfXzFmMDMwY2YxLThkMGEtNmZhYy05ZWRhLTA5MTIzZmI4NzM3M19fQXJ0aWNsZQ==&quot;, &quot;event&quot;: &quot;customEventSPE&quot;}\" target=\"_blank\" rel=\"noopener\"><br \/>\n                    Connectez-vous<br \/>\n                <\/a>\n            <\/p>\n","protected":false},"excerpt":{"rendered":"Les premiers pas de L\u00e9on XIV montrent \u00e0 la fois sa proximit\u00e9 avec son pr\u00e9d\u00e9cesseur, le pape Fran\u00e7ois,&hellip;\n","protected":false},"author":2,"featured_media":103783,"comment_status":"","ping_status":"","sticky":false,"template":"","format":"standard","meta":{"footnotes":""},"categories":[5],"tags":[47,1058,1054,1059,1060,1055,11,1057,8305,118,1011,27,1061,14,303,19741,12,12672,1062,656,104,1056,809,28],"class_list":{"0":"post-103782","1":"post","2":"type-post","3":"status-publish","4":"format-standard","5":"has-post-thumbnail","7":"category-international","8":"tag-actualite","9":"tag-actualite-education","10":"tag-actualite-france","11":"tag-actualite-justice","12":"tag-actualite-securite","13":"tag-actualite-societe","14":"tag-actualites","15":"tag-education","16":"tag-eglise-catholique","17":"tag-faits-divers","18":"tag-fr","19":"tag-france","20":"tag-immigration","21":"tag-international","22":"tag-justice","23":"tag-leon-xiv","24":"tag-news","25":"tag-pape","26":"tag-polemique","27":"tag-securite","28":"tag-societe","29":"tag-societe-francaise","30":"tag-violence","31":"tag-world"},"share_on_mastodon":{"url":"https:\/\/pubeurope.com\/@fr\/114516107162214465","error":""},"_links":{"self":[{"href":"https:\/\/www.europesays.com\/fr\/wp-json\/wp\/v2\/posts\/103782","targetHints":{"allow":["GET"]}}],"collection":[{"href":"https:\/\/www.europesays.com\/fr\/wp-json\/wp\/v2\/posts"}],"about":[{"href":"https:\/\/www.europesays.com\/fr\/wp-json\/wp\/v2\/types\/post"}],"author":[{"embeddable":true,"href":"https:\/\/www.europesays.com\/fr\/wp-json\/wp\/v2\/users\/2"}],"replies":[{"embeddable":true,"href":"https:\/\/www.europesays.com\/fr\/wp-json\/wp\/v2\/comments?post=103782"}],"version-history":[{"count":0,"href":"https:\/\/www.europesays.com\/fr\/wp-json\/wp\/v2\/posts\/103782\/revisions"}],"wp:featuredmedia":[{"embeddable":true,"href":"https:\/\/www.europesays.com\/fr\/wp-json\/wp\/v2\/media\/103783"}],"wp:attachment":[{"href":"https:\/\/www.europesays.com\/fr\/wp-json\/wp\/v2\/media?parent=103782"}],"wp:term":[{"taxonomy":"category","embeddable":true,"href":"https:\/\/www.europesays.com\/fr\/wp-json\/wp\/v2\/categories?post=103782"},{"taxonomy":"post_tag","embeddable":true,"href":"https:\/\/www.europesays.com\/fr\/wp-json\/wp\/v2\/tags?post=103782"}],"curies":[{"name":"wp","href":"https:\/\/api.w.org\/{rel}","templated":true}]}}