{"id":103788,"date":"2025-05-16T06:33:11","date_gmt":"2025-05-16T06:33:11","guid":{"rendered":"https:\/\/www.europesays.com\/fr\/103788\/"},"modified":"2025-05-16T06:33:11","modified_gmt":"2025-05-16T06:33:11","slug":"saint-chamond-apres-paris-et-londres-ses-peintures-medievales-sont-passees-a-la-tele","status":"publish","type":"post","link":"https:\/\/www.europesays.com\/fr\/103788\/","title":{"rendered":"Saint-Chamond. Apr\u00e8s Paris et Londres, ses peintures m\u00e9di\u00e9vales sont pass\u00e9es \u00e0 la t\u00e9l\u00e9"},"content":{"rendered":"<p>En 2019, une tapisserie m\u00e9di\u00e9vale peinte par le Couramiaud Didier Pino s\u2019\u00e9tait retrouv\u00e9e expos\u00e9e \u00e0 Paris puis \u00e0 Londres, retenue parmi un millier d\u2019\u0153uvres pour la finale internationale d\u2019un concours d\u2019un grand fabricant de peintures.<\/p>\n<p>En octobre\u00a02024, c\u2019est sur France 2 que l\u2019on a pu apercevoir trois de ses r\u00e9alisations, dans l\u2019\u00e9pisode consacr\u00e9 \u00e0 Saint-Louis de la s\u00e9rie de docu-fictions Notre histoire de France , anim\u00e9e par Tomer Sisley. \u00ab\u00a0Ces peintures, je les avais r\u00e9alis\u00e9es pour un passionn\u00e9. C\u2019est lui qui m\u2019a pr\u00e9venue qu\u2019elles avaient \u00e9t\u00e9 utilis\u00e9es pour cette reconstitution. C\u2019est une&#8230;<\/p>\n","protected":false},"excerpt":{"rendered":"En 2019, une tapisserie m\u00e9di\u00e9vale peinte par le Couramiaud Didier Pino s\u2019\u00e9tait retrouv\u00e9e expos\u00e9e \u00e0 Paris puis \u00e0&hellip;\n","protected":false},"author":2,"featured_media":103789,"comment_status":"","ping_status":"","sticky":false,"template":"","format":"standard","meta":{"footnotes":""},"categories":[9653],"tags":[1111,11,2430,1687,7539,1777,674,1011,27,12,25,9669,9670,4001],"class_list":{"0":"post-103788","1":"post","2":"type-post","3":"status-publish","4":"format-standard","5":"has-post-thumbnail","7":"category-saint-etienne","8":"tag-actu","9":"tag-actualites","10":"tag-auvergne-rhone-alpes","11":"tag-culture-loisirs","12":"tag-edition-loire-sud","13":"tag-eu","14":"tag-europe","15":"tag-fr","16":"tag-france","17":"tag-news","18":"tag-republique-francaise","19":"tag-saint-chamond","20":"tag-saint-chamond-ville","21":"tag-saint-etienne"},"share_on_mastodon":{"url":"https:\/\/pubeurope.com\/@fr\/114516118927049298","error":""},"_links":{"self":[{"href":"https:\/\/www.europesays.com\/fr\/wp-json\/wp\/v2\/posts\/103788","targetHints":{"allow":["GET"]}}],"collection":[{"href":"https:\/\/www.europesays.com\/fr\/wp-json\/wp\/v2\/posts"}],"about":[{"href":"https:\/\/www.europesays.com\/fr\/wp-json\/wp\/v2\/types\/post"}],"author":[{"embeddable":true,"href":"https:\/\/www.europesays.com\/fr\/wp-json\/wp\/v2\/users\/2"}],"replies":[{"embeddable":true,"href":"https:\/\/www.europesays.com\/fr\/wp-json\/wp\/v2\/comments?post=103788"}],"version-history":[{"count":0,"href":"https:\/\/www.europesays.com\/fr\/wp-json\/wp\/v2\/posts\/103788\/revisions"}],"wp:featuredmedia":[{"embeddable":true,"href":"https:\/\/www.europesays.com\/fr\/wp-json\/wp\/v2\/media\/103789"}],"wp:attachment":[{"href":"https:\/\/www.europesays.com\/fr\/wp-json\/wp\/v2\/media?parent=103788"}],"wp:term":[{"taxonomy":"category","embeddable":true,"href":"https:\/\/www.europesays.com\/fr\/wp-json\/wp\/v2\/categories?post=103788"},{"taxonomy":"post_tag","embeddable":true,"href":"https:\/\/www.europesays.com\/fr\/wp-json\/wp\/v2\/tags?post=103788"}],"curies":[{"name":"wp","href":"https:\/\/api.w.org\/{rel}","templated":true}]}}