{"id":103796,"date":"2025-05-16T06:37:09","date_gmt":"2025-05-16T06:37:09","guid":{"rendered":"https:\/\/www.europesays.com\/fr\/103796\/"},"modified":"2025-05-16T06:37:09","modified_gmt":"2025-05-16T06:37:09","slug":"lecole-municipale-des-beaux-arts-de-la-seyne-ouvre-ses-portes-les-16-et-17-mai","status":"publish","type":"post","link":"https:\/\/www.europesays.com\/fr\/103796\/","title":{"rendered":"L&rsquo;\u00e9cole municipale des beaux-arts de La Seyne ouvre ses portes les 16 et 17 mai"},"content":{"rendered":"<p>En attendant l\u2019effervescence des journ\u00e9es portes ouvertes qui l\u2019animeront ce vendredi 16 et samedi 17 mai, l\u2019\u00e9cole municipale des beaux-arts de La Seyne se fait belle et rev\u00eat ses plus beaux atours.<\/p>\n<p>Peinture, dessin, aquarelle, micro\u00e9dition, gravure, c\u00e9ramique, photographie, histoire de l\u2019art et du cin\u00e9ma\u2026 Dans la cour arbor\u00e9e, les couloirs et salles du b\u00e2timent de 1.200m2 du 19 bis rue Messine que l\u2019\u00e9tablissement occupe depuis 2000, l\u2019heure est \u00e0 l\u2019accrochage et la mise en valeur des \u0153uvres r\u00e9alis\u00e9es par les \u00e9l\u00e8ves, en attendant le grand jour de leur exposition.<\/p>\n<p>\u00ab\u00a0Notre galerie Le Pressing, situ\u00e9e place Perrin, sera \u00e9galement ouverte au public\u00a0\u00bb, pr\u00e9cise Fabrice Moreau, directeur de l\u2019\u00e9cole qui accueille 550 \u00e9l\u00e8ves dont 160 int\u00e9grant la cat\u00e9gorie dite \u00ab\u00a0jeune public\u00a0\u00bb, c\u2019est-\u00e0-dire \u00e2g\u00e9s de 5 \u00e0 18 ans et la classe pr\u00e9pa aux beaux-arts.<\/p>\n<p>Une classe pr\u00e9pa dynamique<\/p>\n<p>\u00ab\u00a0Cette ann\u00e9e, la promo de notre pr\u00e9pa aux \u00e9coles des beaux-arts ou aux \u00e9coles sup\u00e9rieures d\u2019art et de design, qui int\u00e8gre le r\u00e9seau Association nationale des pr\u00e9pas publiques aux \u00e9coles sup\u00e9rieures d\u2019art (APPEA), forte de vingt-six \u00e9tablissements, comptait dix \u00e9l\u00e8ves, met en avant Fabrice Moreau. Nous sommes toujours en recrutement de candidats.\u00a0\u00bb Une pr\u00e9pa seynoise qui a propuls\u00e9 certains de ses \u00e9l\u00e8ves jusqu\u2019au sommet des cimaises, comme celle de l\u2019illustre Fondation Carmignac sur l\u2019\u00eele de Porquerolles \u00e0 Hy\u00e8res, par exemple.<\/p>\n<p>\u00ab\u00a0Dans une dynamique d\u2019ouverture au plus grand nombre, au plus large public, l\u2019id\u00e9e de ces journ\u00e9es portes ouvertes c\u2019est d\u2019organiser une rencontre entre les douze enseignants de l\u2019\u00e9cole et les futurs \u00e9l\u00e8ves qui pourront se faire une id\u00e9e des productions d\u2019atelier, se f\u00e9licite le directeur. Bien s\u00fbr, les \u00e9l\u00e8ves actuels passeront aussi avec leur famille, nous attendons entre 500 et 600 personnes sur deux jours.\u00a0\u00bb<\/p>\n<p>Les inscriptions pour la rentr\u00e9e 2025-2026 seront re\u00e7ues \u00e0 partir du lundi 23 juin jusqu\u2019au 25 juillet.<\/p>\n<p>Et attention! Les places sont limit\u00e9es. Les sessions d\u2019un cycle d\u2019apprentissage d\u2019une dur\u00e9e de trois ou quatre ans pr\u00e9vues pour amener les \u00e9l\u00e8ves (qui ont aussi acc\u00e8s \u00e0 un centre de documentation dot\u00e9 de 5.000 ouvrages) \u00e0 une autonomie artistique, limitent le fonds d\u2019inscriptions \u00e0 une centaine de places et ouvrent la constitution de listes d\u2019attente ferm\u00e9es au 18 octobre.<\/p>\n<p>\u00ab\u00a0Nous couvrons tous les outils du champ artistique. Il y a par exemple un vrai engouement pour la c\u00e9ramique, une section que nous avons cr\u00e9\u00e9e il y a quatre ans et pour laquelle nous ne pouvons r\u00e9pondre \u00e0 la demande\u00a0\u00bb, illustre Fabrice Moreau.<\/p>\n<p>Parmi les \u00e9coles les moins ch\u00e8res du territoire<\/p>\n<p>              <img ci-src=\"https:\/\/www.varmatin.com\/arts-plastiques\/protec\/DATA_ART_15520866-9TBiT1Pb.jpg?vh=39595c&amp;ci_seal=d836a85f4f\" alt=\"\"\/><br \/>\n        Dans les salles et ateliers de l\u2019\u00e9cole des beaux-arts, on pr\u00e9pare les journ\u00e9es portes ouvertes.  <strong>Photo J.-M. V..<\/strong> <\/p>\n<p>Des places limit\u00e9es mais pas forc\u00e9ment ch\u00e8res. Pour pratiquer l\u2019une des treize activit\u00e9s artistiques propos\u00e9es par l\u2019\u00e9cole municipale des beaux-arts de La Seyne (qui applique le quotient familial depuis un an), la tranche de prix se situe entre 50 et 145 euros (avec un suppl\u00e9ment de 30 \u00e0 55 euros pour des ateliers sp\u00e9cifiques).<\/p>\n<p>\u00ab\u00a0Nous sommes parmi les \u00e9coles les moins ch\u00e8res et les plus accessibles du territoire\u00a0\u00bb, confirme le directeur.<\/p>\n<p>Une \u00e9cole \u00e9galement ouverte sur l\u2019ext\u00e9rieur, comme en t\u00e9moignent les actions men\u00e9es avec quatre classes primaires dans le cadre de l\u2019\u00c9ducation artistique et culturelle ou en milieu psychiatrique.<\/p>\n<p>Journ\u00e9es portes ouvertes, 19 bis rue Messine, les 16 et 17 mai de 10h \u00e0 18h. Inauguration samedi 17 mai \u00e0 11h30 dans la cour de l\u2019\u00e9cole des beaux-arts. www.beauxartslaseyne.fr<\/p>\n","protected":false},"excerpt":{"rendered":"En attendant l\u2019effervescence des journ\u00e9es portes ouvertes qui l\u2019animeront ce vendredi 16 et samedi 17 mai, l\u2019\u00e9cole municipale&hellip;\n","protected":false},"author":2,"featured_media":103797,"comment_status":"","ping_status":"","sticky":false,"template":"","format":"standard","meta":{"footnotes":""},"categories":[9619],"tags":[1111,11,8981,251,1777,674,1011,27,12,882,25,2310],"class_list":{"0":"post-103796","1":"post","2":"type-post","3":"status-publish","4":"format-standard","5":"has-post-thumbnail","7":"category-toulon","8":"tag-actu","9":"tag-actualites","10":"tag-arts-plastiques","11":"tag-culture","12":"tag-eu","13":"tag-europe","14":"tag-fr","15":"tag-france","16":"tag-news","17":"tag-provence-alpes-cote-dazur","18":"tag-republique-francaise","19":"tag-toulon"},"share_on_mastodon":{"url":"https:\/\/pubeurope.com\/@fr\/114516134702376403","error":""},"_links":{"self":[{"href":"https:\/\/www.europesays.com\/fr\/wp-json\/wp\/v2\/posts\/103796","targetHints":{"allow":["GET"]}}],"collection":[{"href":"https:\/\/www.europesays.com\/fr\/wp-json\/wp\/v2\/posts"}],"about":[{"href":"https:\/\/www.europesays.com\/fr\/wp-json\/wp\/v2\/types\/post"}],"author":[{"embeddable":true,"href":"https:\/\/www.europesays.com\/fr\/wp-json\/wp\/v2\/users\/2"}],"replies":[{"embeddable":true,"href":"https:\/\/www.europesays.com\/fr\/wp-json\/wp\/v2\/comments?post=103796"}],"version-history":[{"count":0,"href":"https:\/\/www.europesays.com\/fr\/wp-json\/wp\/v2\/posts\/103796\/revisions"}],"wp:featuredmedia":[{"embeddable":true,"href":"https:\/\/www.europesays.com\/fr\/wp-json\/wp\/v2\/media\/103797"}],"wp:attachment":[{"href":"https:\/\/www.europesays.com\/fr\/wp-json\/wp\/v2\/media?parent=103796"}],"wp:term":[{"taxonomy":"category","embeddable":true,"href":"https:\/\/www.europesays.com\/fr\/wp-json\/wp\/v2\/categories?post=103796"},{"taxonomy":"post_tag","embeddable":true,"href":"https:\/\/www.europesays.com\/fr\/wp-json\/wp\/v2\/tags?post=103796"}],"curies":[{"name":"wp","href":"https:\/\/api.w.org\/{rel}","templated":true}]}}