{"id":103798,"date":"2025-05-16T06:38:08","date_gmt":"2025-05-16T06:38:08","guid":{"rendered":"https:\/\/www.europesays.com\/fr\/103798\/"},"modified":"2025-05-16T06:38:08","modified_gmt":"2025-05-16T06:38:08","slug":"48h-de-lagriculture-urbaine-a-toulon-une-balade-le-long-de-leygoutier","status":"publish","type":"post","link":"https:\/\/www.europesays.com\/fr\/103798\/","title":{"rendered":"[48h de l\u2019agriculture urbaine] \u00c0 Toulon, une balade le long de l\u2019Eygoutier"},"content":{"rendered":"\n<p>\u00c0 Toulon, on le voit souvent \u00e0 sec, lorsqu\u2019il n\u2019est pas enterr\u00e9. Pourtant, l\u2019Eygoutier, fleuve de 15\u00a0km qui circule dans l\u2019est de la m\u00e9tropole toulonnaise, est encore fourni en eau par endroits, et prend une place d\u2019importance dans l\u2019histoire agricole du territoire. \u00ab\u00a0Certaines parties contiennent encore de l\u2019eau, sont tr\u00e8s ombrag\u00e9es, le long d\u2019une partie de la cit\u00e9 des \u0153illets. La plaine \u00e0 l\u2019est de la m\u00e9tropole \u00e9tait autrefois compos\u00e9e de terres cultivables. L\u2019Eygoutier permettait de g\u00e9rer les diff\u00e9rentes cultures de ce c\u00f4t\u00e9 du territoire\u00a0\u00bb retrace Wilfrid Jaubert, directeur du CAUE du Var.<\/p>\n<p> \u00ab\u00a0\u00c9veiller la curiosit\u00e9\u00a0\u00bb\n              <\/p>\n<p>Si les d\u00e9viations r\u00e9alis\u00e9es pour l\u2019\u00e9vacuation des eaux de pluies, notamment, ont alt\u00e9r\u00e9 sa circulation, l\u2019Eygoutier offre encore des perspectives\u00a0: \u00ab\u00a0Il y a des jardins partag\u00e9s en bordure, \u00e0 la Rode. C\u2019est une fa\u00e7on de pointer les possibilit\u00e9s offertes par ce cours d\u2019eau. Sur les dynamiques naturelles, sur le paysage, qu\u2019est-ce que permet un fleuve\u00a0? Avec ses \u00eelots de fra\u00eecheurs, dans la perspective du changement climatique, les villes lui redonnent de la place.\u00a0\u00bb<\/p>\n<p>La balade comment\u00e9e de ce vendredi permettra \u00ab\u00a0de se poser ces questions et d\u2019\u00e9veiller la curiosit\u00e9 sur ce fleuve qui peut devenir un \u00e9l\u00e9ment de projet.\u00a0\u00bb Et d\u2019imaginer un Eygoutier circulant de bout en bout\u00a0? \u00ab\u00a0C\u2019est \u00e0 penser, mais il faudra se demander quels am\u00e9nagements sont n\u00e9cessaires. L\u2019homme a acc\u00e9l\u00e9r\u00e9 le fil de l\u2019eau, nuisant \u00e0 ce qui permettait de la maintenir pour favoriser l\u2019agriculture. On pensait avoir tous les pouvoirs sur la nature. On voit avec le changement climatique les d\u00e9sordres que \u00e7a occasionne\u00a0\u00bb, conclut Wilfrid Jaubert.<\/p>\n<p> Les rendez-vous de ce vendredi 16 mai dans la r\u00e9gion\n              <\/p>\n<p><b>Marseille<\/b><\/p>\n<p>Soir\u00e9e de lancement au Talus \u00e0 partir de 16h avec d\u00e9bat, cuisine et musique.<\/p>\n<p>623 Rue Saint-Pierre (12e)<\/p>\n<p><b>Toulon<\/b><\/p>\n<p>Table ronde \u00ab quand agriculteurs et consommateurs se rencontrent \u00bb \u00e0 19h.<\/p>\n<p>26 Pl. Vincent Raspail<\/p>\n<p><b>Vaucluse<\/b><\/p>\n<p>Conf\u00e9rence \u00ab d\u2019o\u00f9 viennent nos plantes d\u2019int\u00e9rieur ? \u00bb \u00e0 19h30.<\/p>\n<p>4 Impasse Baron<\/p>\n","protected":false},"excerpt":{"rendered":"\u00c0 Toulon, on le voit souvent \u00e0 sec, lorsqu\u2019il n\u2019est pas enterr\u00e9. Pourtant, l\u2019Eygoutier, fleuve de 15\u00a0km qui&hellip;\n","protected":false},"author":2,"featured_media":103799,"comment_status":"","ping_status":"","sticky":false,"template":"","format":"standard","meta":{"footnotes":""},"categories":[9619],"tags":[1111,11,12125,1777,674,1011,27,12,882,25,2310],"class_list":{"0":"post-103798","1":"post","2":"type-post","3":"status-publish","4":"format-standard","5":"has-post-thumbnail","7":"category-toulon","8":"tag-actu","9":"tag-actualites","10":"tag-adam-benhammouda","11":"tag-eu","12":"tag-europe","13":"tag-fr","14":"tag-france","15":"tag-news","16":"tag-provence-alpes-cote-dazur","17":"tag-republique-francaise","18":"tag-toulon"},"share_on_mastodon":{"url":"https:\/\/pubeurope.com\/@fr\/114516138673087025","error":""},"_links":{"self":[{"href":"https:\/\/www.europesays.com\/fr\/wp-json\/wp\/v2\/posts\/103798","targetHints":{"allow":["GET"]}}],"collection":[{"href":"https:\/\/www.europesays.com\/fr\/wp-json\/wp\/v2\/posts"}],"about":[{"href":"https:\/\/www.europesays.com\/fr\/wp-json\/wp\/v2\/types\/post"}],"author":[{"embeddable":true,"href":"https:\/\/www.europesays.com\/fr\/wp-json\/wp\/v2\/users\/2"}],"replies":[{"embeddable":true,"href":"https:\/\/www.europesays.com\/fr\/wp-json\/wp\/v2\/comments?post=103798"}],"version-history":[{"count":0,"href":"https:\/\/www.europesays.com\/fr\/wp-json\/wp\/v2\/posts\/103798\/revisions"}],"wp:featuredmedia":[{"embeddable":true,"href":"https:\/\/www.europesays.com\/fr\/wp-json\/wp\/v2\/media\/103799"}],"wp:attachment":[{"href":"https:\/\/www.europesays.com\/fr\/wp-json\/wp\/v2\/media?parent=103798"}],"wp:term":[{"taxonomy":"category","embeddable":true,"href":"https:\/\/www.europesays.com\/fr\/wp-json\/wp\/v2\/categories?post=103798"},{"taxonomy":"post_tag","embeddable":true,"href":"https:\/\/www.europesays.com\/fr\/wp-json\/wp\/v2\/tags?post=103798"}],"curies":[{"name":"wp","href":"https:\/\/api.w.org\/{rel}","templated":true}]}}