{"id":103806,"date":"2025-05-16T06:42:11","date_gmt":"2025-05-16T06:42:11","guid":{"rendered":"https:\/\/www.europesays.com\/fr\/103806\/"},"modified":"2025-05-16T06:42:11","modified_gmt":"2025-05-16T06:42:11","slug":"de-rouen-a-saint-vaast-la-hougue-en-passant-par-la-baie-de-morlaix-et-vigo-le-parcours-de-la-solitaire-du-figaro-paprec-2025-devoile","status":"publish","type":"post","link":"https:\/\/www.europesays.com\/fr\/103806\/","title":{"rendered":"De Rouen \u00e0\u00a0Saint-Vaast-La-Hougue, en passant par la baie de Morlaix et Vigo\u00a0: le parcours de la Solitaire du Figaro Paprec 2025 d\u00e9voil\u00e9"},"content":{"rendered":"<p>Solitaire du Figaro Paprec, du 30 ao\u00fbt au 27 septembre 2025<\/p>\n<p>On a attendu mais \u00e7a valait le coup ! Le parcours 2025 de la c\u00e9l\u00e8bre Solitaire du Figaro Paprec (*), \u00ab l\u00e0 o\u00f9 naissent les l\u00e9gendes \u00bb, est maintenant connu. Et le moins que l\u2019on puisse dire, c\u2019est que ce trac\u00e9 est bien dans l\u2019esprit de cette course r\u00e9put\u00e9e difficile avec des parties c\u00f4ti\u00e8res, d\u2019autres hauturi\u00e8res et surtout beaucoup de jeu.<\/p>\n<p>\u00ab Le Fastnet, 70 % du temps, \u00e7a passe \u00bb<\/p>\n<p>On pense notamment \u00e0 cette premi\u00e8re \u00e9tape de 673 milles (1246 km) entre Rouen, qui accueille le d\u00e9part pour la deuxi\u00e8me ann\u00e9e cons\u00e9cutive, et Roscoff en baie de Morlaix. Au menu, il y a le rocher du Fastnet \u00e0 aller virer, en passant par les \u00eeles Scilly. \u00ab Elle est longue cette 1re \u00e9tape , mais je trouvais dommage de ne pas tenter le Fastnet : 70 % du temps, \u00e7a peut passer. Et si \u00e7a passe, cela donne une tr\u00e8s belle \u00e9tape \u00bb, explique Yann Chateau, directeur de course de l\u2019\u00e9preuve qui fait le pari d\u2019aller contourner le \u00ab rocher perdu \u00bb.<\/p>\n<p>Cette ann\u00e9e, la flotte des figaristes va revenir pour la 5e fois en baie de Morlaix mais aussi red\u00e9couvrir Vigo, port espagnol qui a d\u00e9j\u00e0 accueilli la course \u00e0 deux reprises. Sur cette 2e \u00e9tape, longue de 565 milles, il y a le fameux Cap Finisterre, point le plus septentrional de la p\u00e9ninsule ib\u00e9rique, \u00e0 n\u00e9gocier. Une zone parfois tr\u00e8s vent\u00e9e, o\u00f9 la mer peut \u00eatre difficile.<\/p>\n<p>Dolan, Yven, Dhallenne\u2026<\/p>\n<p>Pour la 3e et derni\u00e8re \u00e9tape (612 milles), les solitaires traverseront une deuxi\u00e8me fois le golfe de Gascogne, contourneront la pointe bretonne, en laissant l\u2019Occidentale de Sein \u00e0 tribord avant de mettre le cap sur Saint-Vaast-la-Hougue dans le Cotentin. C\u2019est l\u00e0, dans le village pr\u00e9f\u00e9r\u00e9 des Fran\u00e7ais en 2023, que sera jug\u00e9e l\u2019arriv\u00e9e de cette 56e \u00e9dition.<\/p>\n<p>Il faudra \u00eatre sacr\u00e9ment costaud sur cette ultime \u00e9tape qui additionne plusieurs difficult\u00e9s : le cap Finisterre, le golfe de Gascogne, la mer d\u2018Iroise et son trafic maritime dense, les c\u00f4tes du nord de la Bretagne, les \u00eeles anglo-normandes, et enfin le tour complet de la pointe du Cotentin, avec ses courants tr\u00e8s forts.<\/p>\n<p>L\u2019Irlandais Tom Dolan, vainqueur en 2024, sera au d\u00e9part. Tout comme Charlotte Yven, qui aimerait gagner dans sa baie de Morlaix f\u00e9tiche, et Hugo Dhallenne, les deux r\u00e9cents vainqueurs \u00e0 Saint-Barth de la Transat Paprec.<\/p>\n<p class=\"note\">(*) : course organis\u00e9e par OC Sport, filiale du Groupe T\u00e9l\u00e9gramme.<\/p>\n","protected":false},"excerpt":{"rendered":"Solitaire du Figaro Paprec, du 30 ao\u00fbt au 27 septembre 2025 On a attendu mais \u00e7a valait le&hellip;\n","protected":false},"author":2,"featured_media":103807,"comment_status":"","ping_status":"","sticky":false,"template":"","format":"standard","meta":{"footnotes":""},"categories":[9587],"tags":[1111,11,3166,1777,674,1011,27,2131,12,11376,5161,25,11837,9590,60,10887],"class_list":{"0":"post-103806","1":"post","2":"type-post","3":"status-publish","4":"format-standard","5":"has-post-thumbnail","7":"category-rouen","8":"tag-actu","9":"tag-actualites","10":"tag-en-continu-sports","11":"tag-eu","12":"tag-europe","13":"tag-fr","14":"tag-france","15":"tag-morlaix","16":"tag-news","17":"tag-newsletter-voile","18":"tag-normandie","19":"tag-republique-francaise","20":"tag-roscoff","21":"tag-rouen","22":"tag-sports","23":"tag-voile"},"share_on_mastodon":{"url":"https:\/\/pubeurope.com\/@fr\/114516154547319391","error":""},"_links":{"self":[{"href":"https:\/\/www.europesays.com\/fr\/wp-json\/wp\/v2\/posts\/103806","targetHints":{"allow":["GET"]}}],"collection":[{"href":"https:\/\/www.europesays.com\/fr\/wp-json\/wp\/v2\/posts"}],"about":[{"href":"https:\/\/www.europesays.com\/fr\/wp-json\/wp\/v2\/types\/post"}],"author":[{"embeddable":true,"href":"https:\/\/www.europesays.com\/fr\/wp-json\/wp\/v2\/users\/2"}],"replies":[{"embeddable":true,"href":"https:\/\/www.europesays.com\/fr\/wp-json\/wp\/v2\/comments?post=103806"}],"version-history":[{"count":0,"href":"https:\/\/www.europesays.com\/fr\/wp-json\/wp\/v2\/posts\/103806\/revisions"}],"wp:featuredmedia":[{"embeddable":true,"href":"https:\/\/www.europesays.com\/fr\/wp-json\/wp\/v2\/media\/103807"}],"wp:attachment":[{"href":"https:\/\/www.europesays.com\/fr\/wp-json\/wp\/v2\/media?parent=103806"}],"wp:term":[{"taxonomy":"category","embeddable":true,"href":"https:\/\/www.europesays.com\/fr\/wp-json\/wp\/v2\/categories?post=103806"},{"taxonomy":"post_tag","embeddable":true,"href":"https:\/\/www.europesays.com\/fr\/wp-json\/wp\/v2\/tags?post=103806"}],"curies":[{"name":"wp","href":"https:\/\/api.w.org\/{rel}","templated":true}]}}