{"id":1038150,"date":"2026-07-02T09:16:14","date_gmt":"2026-07-02T09:16:14","guid":{"rendered":"https:\/\/www.europesays.com\/fr\/1038150\/"},"modified":"2026-07-02T09:16:14","modified_gmt":"2026-07-02T09:16:14","slug":"le-rc-vannes-frappe-fort-avec-la-signature-dun-des-meilleurs-joueurs-de-pro-d2","status":"publish","type":"post","link":"https:\/\/www.europesays.com\/fr\/1038150\/","title":{"rendered":"Le RC Vannes frappe fort avec la signature d\u2019un des meilleurs joueurs de Pro D2"},"content":{"rendered":"<p>Le <a href=\"https:\/\/www.letelegramme.fr\/sports\/rugby\/rc-vannes\/\" target=\"_blank\" rel=\"nofollow noopener\">RC Vannes<\/a> signe un tr\u00e8s gros coup ! Le club morbihannais a enregistr\u00e9 l\u2019arriv\u00e9e de Raymond Nu\u2019u, centre de 28 ans en provenance de Colomiers. Auteur d\u2019une excellente saison en Pro D2 (20 matchs) &#8211; l\u2019un des meilleurs premiers centres (num\u00e9ro 12) de la division, si ce n\u2019est le meilleur &#8211; le N\u00e9o-Z\u00e9landais a \u00e9t\u00e9 l\u2019une des attractions majeures du mercato estival, tant il \u00e9tait convoit\u00e9, notamment par des formations de Top 14.<\/p>\n<p>Un contrat de quatre ans<\/p>\n<p>Selon nos informations, Nu\u2019u s\u2019est engag\u00e9 jusqu\u2019en 2030 \u00e0 Vannes. Une recrue importante pour le RCV, qui a rachet\u00e9 les deux derni\u00e8res ann\u00e9es de son contrat qui courait jusqu\u2019en 2028 \u00e0 Colomiers, o\u00f9 il a pass\u00e9 trois saisons (57 matchs). Selon <a href=\"https:\/\/www.rugbyrama.fr\/2026\/06\/21\/exclu-midol-transferts-les-centres-au-coeur-des-derniers-mouvements-du-marche-en-top-14-et-en-pro-d2-13429519.php\" target=\"_blank\" rel=\"nofollow noopener\">Midi Olympique<\/a>, le club morbihannais aurait d\u00e9bours\u00e9 environ 300 000 euros.<\/p>\n<p>Avant de d\u00e9barquer en Haute-Garonne, il a \u00e9volu\u00e9 \u00e0 Southland et Otago, dans le Championnat des provinces de Nouvelle-Z\u00e9lande, et aux Rebels, en Super Rugby.<\/p>\n","protected":false},"excerpt":{"rendered":"Le RC Vannes signe un tr\u00e8s gros coup ! Le club morbihannais a enregistr\u00e9 l\u2019arriv\u00e9e de Raymond Nu\u2019u,&hellip;\n","protected":false},"author":2,"featured_media":1038151,"comment_status":"","ping_status":"","sticky":false,"template":"","format":"standard","meta":{"footnotes":"","_share_on_mastodon":"0"},"categories":[1416],"tags":[3166,1011,27,3164,479,1468,60,3165],"class_list":["post-1038150","post","type-post","status-publish","format-standard","has-post-thumbnail","category-rugby","tag-en-continu-sports","tag-fr","tag-france","tag-rc-vannes","tag-rugby","tag-rugby-football","tag-sports","tag-vannes"],"share_on_mastodon":{"url":"https:\/\/pubeurope.com\/@fr\/116849632392463324","error":""},"_links":{"self":[{"href":"https:\/\/www.europesays.com\/fr\/wp-json\/wp\/v2\/posts\/1038150","targetHints":{"allow":["GET"]}}],"collection":[{"href":"https:\/\/www.europesays.com\/fr\/wp-json\/wp\/v2\/posts"}],"about":[{"href":"https:\/\/www.europesays.com\/fr\/wp-json\/wp\/v2\/types\/post"}],"author":[{"embeddable":true,"href":"https:\/\/www.europesays.com\/fr\/wp-json\/wp\/v2\/users\/2"}],"replies":[{"embeddable":true,"href":"https:\/\/www.europesays.com\/fr\/wp-json\/wp\/v2\/comments?post=1038150"}],"version-history":[{"count":0,"href":"https:\/\/www.europesays.com\/fr\/wp-json\/wp\/v2\/posts\/1038150\/revisions"}],"wp:featuredmedia":[{"embeddable":true,"href":"https:\/\/www.europesays.com\/fr\/wp-json\/wp\/v2\/media\/1038151"}],"wp:attachment":[{"href":"https:\/\/www.europesays.com\/fr\/wp-json\/wp\/v2\/media?parent=1038150"}],"wp:term":[{"taxonomy":"category","embeddable":true,"href":"https:\/\/www.europesays.com\/fr\/wp-json\/wp\/v2\/categories?post=1038150"},{"taxonomy":"post_tag","embeddable":true,"href":"https:\/\/www.europesays.com\/fr\/wp-json\/wp\/v2\/tags?post=1038150"}],"curies":[{"name":"wp","href":"https:\/\/api.w.org\/{rel}","templated":true}]}}