{"id":103819,"date":"2025-05-16T06:49:09","date_gmt":"2025-05-16T06:49:09","guid":{"rendered":"https:\/\/www.europesays.com\/fr\/103819\/"},"modified":"2025-05-16T06:49:09","modified_gmt":"2025-05-16T06:49:09","slug":"christian-estrosi-revient-sur-cinq-projets-attendus-entre-saint-maurice-et-liberation-lors-dune-reunion-de-quartier","status":"publish","type":"post","link":"https:\/\/www.europesays.com\/fr\/103819\/","title":{"rendered":"Christian Estrosi revient sur cinq projets attendus entre Saint-Maurice et Lib\u00e9ration lors d&rsquo;une r\u00e9union de quartier"},"content":{"rendered":"<p>Direction le secteur Lib\u00e9ration, Borriglione, Le Ray et Saint-Maurice pour cette nouvelle r\u00e9union de quartier de la Ville de Nice o\u00f9 les habitants sont venus en nombre, hier, pour aborder les probl\u00e9matiques de leurs quartiers et poser leurs questions. Tel un boxeur sur un ring, Christian Estrosi, le maire de Nice, a pris place au centre de la pi\u00e8ce, cern\u00e9 par ses administr\u00e9s. \u00ab\u00a0J\u2019ai besoin de tout entendre\u00a0\u00bb, assure-t-il. Au menu: cinq projets attendus pour ces quatre quartiers.<\/p>\n<p>Une extension pour le jardin Thiole<\/p>\n<p>Poumon vert du quartier de la Lib\u00e9ration, juste en face de la gare du Sud, le jardin Thiole ne d\u00e9semplit jamais. \u00c0 tel point que la Ville a d\u00e9cid\u00e9 de transformer le parking attenant pour \u00ab\u00a0offrir plus de nature et de services aux habitants du quartier\u00a0\u00bb. Un projet qui \u00ab\u00a0s\u2019inscrit dans la strat\u00e9gie de v\u00e9g\u00e9talisation urbaine de la Ville pour lutter contre les \u00eelots de chaleur, favoriser la biodiversit\u00e9 et am\u00e9liorer le cadre de vie\u00a0\u00bb.<\/p>\n<p>L\u2019id\u00e9e est d\u2019offrir un jardin \u00ab\u00a0repens\u00e9 pour toutes les g\u00e9n\u00e9rations\u00a0\u00bb avec des jeux et des espaces de d\u00e9tente. Au programme: la cr\u00e9ation de 604m2 d\u2019espace v\u00e9g\u00e9talis\u00e9, 22 nouveaux arbres plant\u00e9s et une nouvelle aire de jeux. Le jardin sera cl\u00f4tur\u00e9 et un cheminement pi\u00e9ton s\u00e9curis\u00e9 am\u00e9nag\u00e9 entre l\u2019avenue Malauss\u00e9na et la rue Villermont.<\/p>\n<p>Dans le m\u00eame temps, le jardin actuel subira un coup de jeune avec une r\u00e9novation des sols et \u00ab\u00a0une densification v\u00e9g\u00e9tale sur 599m2 de plantations basses\u00a0\u00bb.<\/p>\n<p>Les travaux devraient d\u00e9marrer \u00e0 l\u2019automne et s\u2019achever au d\u00e9but de l\u2019ann\u00e9e 2026.<\/p>\n<p>Une consultation citoyenne jusqu\u2019au 15 juin pour requalifier la place Alexandre-M\u00e9decin<\/p>\n<p>La Ville a choisi de faire appel aux Ni\u00e7ois pour choisir <a href=\"https:\/\/www.nicematin.com\/vie-locale\/la-seconde-jeunesse-annoncee-pour-cette-place-a-nice-nord--981229\" rel=\"nofollow noopener\" target=\"_blank\">le projet de requalification de la place Alexandre-M\u00e9decin<\/a> via la plateforme jeparticipe.nice.fr o\u00f9 deux options leur sont propos\u00e9es.<\/p>\n<p>La premi\u00e8re, \u00ab\u00a0douce et \u00e9quilibr\u00e9e\u00a0\u00bb, maintient les voies de circulation. On y trouve une extension du square \u00e0 l\u2019ouest, avec \u00ab\u00a0un \u00e9largissement l\u00e9ger de l\u2019espace\u00a0\u00bb de 800 \u00e0 1.450m2 et le passage \u00e0 deux voies au sud. Co\u00fbt total: 900.000 euros.<\/p>\n<p>La seconde option est \u00ab\u00a0plus ambitieuse et v\u00e9g\u00e9tale\u00a0\u00bb. Elle pr\u00e9voit une extension compl\u00e8te du square c\u00f4t\u00e9 sud pour obtenir un espace de 2.200m2 et une r\u00e9organisation des sens de circulation \u00ab\u00a0pour s\u00e9curiser les abords et am\u00e9liorer la lisibilit\u00e9\u00a0\u00bb. Co\u00fbt total: 1,3 million d\u2019euros.<\/p>\n<p>Les Ni\u00e7ois ont jusqu\u2019au 15 juin pour donner leur avis.<\/p>\n<p>L\u2019appel \u00e0 manifestation d\u2019int\u00e9r\u00eat est lanc\u00e9 pour le site de l\u2019ancien Carrefour Gorbella<\/p>\n<p>Une<a href=\"https:\/\/www.nicematin.com\/urbanisme\/cet-ancien-supermarche-de-nice-accueillera-t-il-le-futur-bowling-de-la-capitale-de-la-cote-d-azur-922810\" rel=\"nofollow noopener\" target=\"_blank\"> rumeur \u00e9voquait l\u2019installation d\u2019un bowling<\/a>, en mai 2024. Cette offre, qui est bien r\u00e9elle, va \u00eatre \u00e9tudi\u00e9e au m\u00eame titre que celles qui seront re\u00e7ues dans le cadre de l\u2019appel \u00e0 projet.<\/p>\n<p>L\u2019ancien Carrefour Gorbella n\u2019a donc pas encore trouv\u00e9 sa prochaine destination, bien qu\u2019il repr\u00e9sente \u00ab\u00a0une opportunit\u00e9 majeure de transformation urbaine pour le quartier\u00a0\u00bb. La Ville souhaite y installer une activit\u00e9 de loisirs, accessibles \u00e0 tous, \u00ab\u00a0compl\u00e9mentaire des \u00e9quipements existants alentours\u00a0\u00bb.<\/p>\n<p>Pour cela, elle vient de lancer une proc\u00e9dure d\u2019appel \u00e0 manifestation d\u2019int\u00e9r\u00eat pour trouver un projet qui corresponde \u00e0 son ambition. Le laur\u00e9at sera d\u00e9sign\u00e9 \u00e0 l\u2019automne 2025 et le nouveau projet attribu\u00e9.<\/p>\n<p>La salle de spectacle de la Maioun d\u00f3u Rai rouvre ses portes et elle a un nouveau nom<\/p>\n<p>La salle de spectacle de 295 places vient de rouvrir ses portes apr\u00e8s avoir subi une r\u00e9novation compl\u00e8te. Elle dispose \u00e9galement d\u2019un nouveau nom, Lou Mesclun, \u00ab\u00a0qui marque l\u2019ambition de faire de ce lieu un espace culturel vivant, diversifi\u00e9, ancr\u00e9 dans la dynamique du quartier\u00a0\u00bb.<\/p>\n<p>Des travaux dont l\u2019enveloppe s\u2019est \u00e9lev\u00e9e \u00e0 210.900 euros.<\/p>\n<p>Le nouveau dojo du Ray sera livr\u00e9 en septembre<\/p>\n<p>Encore quelques mois de patience pour pouvoir fouler le tatami du nouveau dojo du Ray, implant\u00e9 sur le site de l\u2019ancien stade ni\u00e7ois. Un \u00ab\u00a0\u00e9quipement moderne au service des arts martiaux et du sport pour tous\u00a0\u00bb qui sera livr\u00e9 en septembre. On y trouvera quatre aires de combat, des tribunes et des vestiaires.<\/p>\n<p>              <img ci-src=\"https:\/\/www.nicematin.com\/vie-locale\/protec\/DATA_ART_15525347-gYFWdv6c.jpg?vh=b1d742&amp;ci_seal=0b3d3980a3\" alt=\"\"\/><br \/>\n         <strong>IMAGE DE SYNTHESE VILLE DE NICE.<\/strong> <\/p>\n","protected":false},"excerpt":{"rendered":"Direction le secteur Lib\u00e9ration, Borriglione, Le Ray et Saint-Maurice pour cette nouvelle r\u00e9union de quartier de la Ville&hellip;\n","protected":false},"author":2,"featured_media":103820,"comment_status":"","ping_status":"","sticky":false,"template":"","format":"standard","meta":{"footnotes":""},"categories":[2819],"tags":[1111,11,1777,674,1011,27,12,2401,882,25,3366],"class_list":{"0":"post-103819","1":"post","2":"type-post","3":"status-publish","4":"format-standard","5":"has-post-thumbnail","7":"category-nice","8":"tag-actu","9":"tag-actualites","10":"tag-eu","11":"tag-europe","12":"tag-fr","13":"tag-france","14":"tag-news","15":"tag-nice","16":"tag-provence-alpes-cote-dazur","17":"tag-republique-francaise","18":"tag-vie-locale"},"share_on_mastodon":{"url":"https:\/\/pubeurope.com\/@fr\/114516182068384817","error":""},"_links":{"self":[{"href":"https:\/\/www.europesays.com\/fr\/wp-json\/wp\/v2\/posts\/103819","targetHints":{"allow":["GET"]}}],"collection":[{"href":"https:\/\/www.europesays.com\/fr\/wp-json\/wp\/v2\/posts"}],"about":[{"href":"https:\/\/www.europesays.com\/fr\/wp-json\/wp\/v2\/types\/post"}],"author":[{"embeddable":true,"href":"https:\/\/www.europesays.com\/fr\/wp-json\/wp\/v2\/users\/2"}],"replies":[{"embeddable":true,"href":"https:\/\/www.europesays.com\/fr\/wp-json\/wp\/v2\/comments?post=103819"}],"version-history":[{"count":0,"href":"https:\/\/www.europesays.com\/fr\/wp-json\/wp\/v2\/posts\/103819\/revisions"}],"wp:featuredmedia":[{"embeddable":true,"href":"https:\/\/www.europesays.com\/fr\/wp-json\/wp\/v2\/media\/103820"}],"wp:attachment":[{"href":"https:\/\/www.europesays.com\/fr\/wp-json\/wp\/v2\/media?parent=103819"}],"wp:term":[{"taxonomy":"category","embeddable":true,"href":"https:\/\/www.europesays.com\/fr\/wp-json\/wp\/v2\/categories?post=103819"},{"taxonomy":"post_tag","embeddable":true,"href":"https:\/\/www.europesays.com\/fr\/wp-json\/wp\/v2\/tags?post=103819"}],"curies":[{"name":"wp","href":"https:\/\/api.w.org\/{rel}","templated":true}]}}