{"id":10382,"date":"2025-04-08T14:10:10","date_gmt":"2025-04-08T14:10:10","guid":{"rendered":"https:\/\/www.europesays.com\/fr\/10382\/"},"modified":"2025-04-08T14:10:10","modified_gmt":"2025-04-08T14:10:10","slug":"vaulx-en-velin-un-serpent-retrouve-dans-une-ecole","status":"publish","type":"post","link":"https:\/\/www.europesays.com\/fr\/10382\/","title":{"rendered":"Vaulx-en-Velin : un serpent retrouv\u00e9 dans une \u00e9cole !\u00a0"},"content":{"rendered":"<p>Une couleuvre a \u00e9t\u00e9 retrouv\u00e9e \u00e0 l&rsquo;\u00c9cole d&rsquo;architecture de Lyon, mardi 1er avril. Elle a \u00e9t\u00e9 r\u00e9cup\u00e9r\u00e9e et plac\u00e9e sous surveillance.<\/p>\n<p>C&rsquo;est une mauvaise blague pour ceux qui en ont peur : un serpent a \u00e9t\u00e9 retrouv\u00e9 le 1er avril \u00e0 <b>l&rsquo;\u00e9cole d&rsquo;architecture de Lyon<\/b>, situ\u00e9e \u00e0 <b>Vaulx-en-Velin<\/b>, d&rsquo;apr\u00e8s <a class=\"url\" href=\"https:\/\/c.leprogres.fr\/faits-divers-justice\/2025\/04\/07\/un-serpent-decouvert-a-l-ecole-d-architecture-de-lyon-le-1er-avril\" target=\"_blank\" rel=\"noopener\">Le Progr\u00e8s<\/a>.\u00a0<\/p>\n<p>Ce <b>serpent des bl\u00e9s<\/b> d&rsquo;environ un m\u00e8tre s&rsquo;\u00e9tait r\u00e9fugi\u00e9 sur l&rsquo;\u00e9tag\u00e8re d&rsquo;un atelier.<\/p>\n<p>Serpent retrouv\u00e9 \u00e0 Vaulx-en-Velin : vers une adoption ?<\/p>\n<p>Cette couleuvre est totalement inoffensive, mais on imagine tout de m\u00eame la surprise pour ceux qui sont tomb\u00e9s dessus !\u00a0<\/p>\n<p>L&rsquo;animal a \u00e9t\u00e9 captur\u00e9 et <b>plac\u00e9 en fourri\u00e8re<\/b>.<\/p>\n<p>On ignore encore comment il est arriv\u00e9 l\u00e0.\u00a0<\/p>\n<p>Si personne ne le r\u00e9clame, il sera <b>propos\u00e9 \u00e0 l&rsquo;adoption.<\/b><br \/><b><br \/><\/b><\/p>\n<p><img loading=\"lazy\" decoding=\"async\" src=\"https:\/\/www.europesays.com\/fr\/wp-content\/uploads\/2025\/04\/1744121410_565_img\" width=\"350\" height=\"200\" border=\"0\" title=\"Le serpent captur\u00c3\u00a9 dans un jardin public \u00c3\u00a0 Lyon\"\/><\/p>\n<p>\u25baPlan\u00e8te<\/p>\n<p style=\"font-size: 22px;\"><b>Lyon : un \u00e9norme serpent retrouv\u00e9 dans un jardin public !<\/b><\/p>\n<p>Un imposant serpent a \u00e9t\u00e9 rep\u00e9r\u00e9 par un riverain&#8230;<\/p>\n<p><\/p>\n","protected":false},"excerpt":{"rendered":"Une couleuvre a \u00e9t\u00e9 retrouv\u00e9e \u00e0 l&rsquo;\u00c9cole d&rsquo;architecture de Lyon, mardi 1er avril. Elle a \u00e9t\u00e9 r\u00e9cup\u00e9r\u00e9e et&hellip;\n","protected":false},"author":2,"featured_media":10383,"comment_status":"","ping_status":"","sticky":false,"template":"","format":"standard","meta":{"footnotes":""},"categories":[1889],"tags":[5071,1111,11,1350,2430,5068,1777,674,1011,27,2428,12,25,5067,5069,5070],"class_list":{"0":"post-10382","1":"post","2":"type-post","3":"status-publish","4":"format-standard","5":"has-post-thumbnail","7":"category-lyon","8":"tag-cole","9":"tag-actu","10":"tag-actualites","11":"tag-architecture","12":"tag-auvergne-rhone-alpes","13":"tag-couleuvre","14":"tag-eu","15":"tag-europe","16":"tag-fr","17":"tag-france","18":"tag-lyon","19":"tag-news","20":"tag-republique-francaise","21":"tag-serpent","22":"tag-serpent-des-bls","23":"tag-vaulx-en-velin"},"share_on_mastodon":{"url":"https:\/\/pubeurope.com\/@fr\/114302748409813736","error":""},"_links":{"self":[{"href":"https:\/\/www.europesays.com\/fr\/wp-json\/wp\/v2\/posts\/10382","targetHints":{"allow":["GET"]}}],"collection":[{"href":"https:\/\/www.europesays.com\/fr\/wp-json\/wp\/v2\/posts"}],"about":[{"href":"https:\/\/www.europesays.com\/fr\/wp-json\/wp\/v2\/types\/post"}],"author":[{"embeddable":true,"href":"https:\/\/www.europesays.com\/fr\/wp-json\/wp\/v2\/users\/2"}],"replies":[{"embeddable":true,"href":"https:\/\/www.europesays.com\/fr\/wp-json\/wp\/v2\/comments?post=10382"}],"version-history":[{"count":0,"href":"https:\/\/www.europesays.com\/fr\/wp-json\/wp\/v2\/posts\/10382\/revisions"}],"wp:featuredmedia":[{"embeddable":true,"href":"https:\/\/www.europesays.com\/fr\/wp-json\/wp\/v2\/media\/10383"}],"wp:attachment":[{"href":"https:\/\/www.europesays.com\/fr\/wp-json\/wp\/v2\/media?parent=10382"}],"wp:term":[{"taxonomy":"category","embeddable":true,"href":"https:\/\/www.europesays.com\/fr\/wp-json\/wp\/v2\/categories?post=10382"},{"taxonomy":"post_tag","embeddable":true,"href":"https:\/\/www.europesays.com\/fr\/wp-json\/wp\/v2\/tags?post=10382"}],"curies":[{"name":"wp","href":"https:\/\/api.w.org\/{rel}","templated":true}]}}