{"id":103825,"date":"2025-05-16T06:52:11","date_gmt":"2025-05-16T06:52:11","guid":{"rendered":"https:\/\/www.europesays.com\/fr\/103825\/"},"modified":"2025-05-16T06:52:11","modified_gmt":"2025-05-16T06:52:11","slug":"le-conseil-detat-demande-a-luniversite-de-reintegrer-la-presidente-de-luni-exclue-depuis-plusieurs-mois","status":"publish","type":"post","link":"https:\/\/www.europesays.com\/fr\/103825\/","title":{"rendered":"le Conseil d\u2019\u00c9tat demande \u00e0 l\u2019universit\u00e9 de r\u00e9int\u00e9grer la pr\u00e9sidente de l\u2019UNI, exclue depuis plusieurs mois"},"content":{"rendered":"<p>Sanctionn\u00e9e \u00e0 l\u2019automne pour des troubles publics portant atteinte \u00e0 la r\u00e9putation de la facult\u00e9, l\u2019\u00e9tudiante avait contest\u00e9 sa sanction devant le tribunal administratif, qui ne lui avait pas donn\u00e9 raison.<\/p>\n<p class=\"fig-paragraph\">Pour\u00a0<a href=\"http:\/\/www.lefigaro.fr\/nantes\/nantes-deux-etudiants-agresses-en-marge-d-une-reunion-antifa-l-uni-denonce-un-climat-de-violence-inedit-20250312\" target=\"_blank\" data-fig-type=\"NewsFlash\" rel=\"noopener\" data-gtm-custom-categorie=\"navigation\" data-gtm-custom-action=\"crossclick\" data-gtm-custom-label=\"Contextuel\" data-gtm-event=\"customEventSPE\" data-fig-domain=\"LEFIGARO\">l\u2019UNI<\/a>, c\u2019est une \u00abvictoire\u00bb. Le Conseil d\u2019\u00c9tat a rendu mardi 9 mai\u00a0<a href=\"http:\/\/www.conseil-etat.fr\/fr\/arianeweb\/CE\/decision\/2025-05-09\/499277\" target=\"_blank\" rel=\"noopener\" data-gtm-custom-categorie=\"navigation\" data-gtm-custom-action=\"crossclick\" data-gtm-custom-label=\"Contextuel\" data-gtm-event=\"customEventSPE\">une d\u00e9cision<\/a>\u00a0en faveur de la pr\u00e9sidente de la section nantaise du syndicat \u00e9tudiant. L\u2019institution ordonne \u00e0 l\u2019universit\u00e9 de Nantes de r\u00e9int\u00e9grer cette figure locale de l\u2019organisation class\u00e9e \u00e0 droite. L\u2019\u00e9tablissement est \u00e9galement pri\u00e9 de lui verser 3000\u20ac. La jeune femme avait \u00e9t\u00e9\u00a0<a href=\"http:\/\/www.lefigaro.fr\/nantes\/presidente-de-l-uni-nantes-exclue-pour-9-mois-le-syndicat-etudiant-denonce-une-mesure-injuste-et-politique-20241105\" target=\"_blank\" data-fig-type=\"NewsFlash\" rel=\"noopener\" data-gtm-custom-categorie=\"navigation\" data-gtm-custom-action=\"crossclick\" data-gtm-custom-label=\"Contextuel\" data-gtm-event=\"customEventSPE\" data-fig-domain=\"LEFIGARO\">exclue pour neuf mois<\/a>\u00a0\u00e0 l\u2019automne dernier, lors d\u2019une commission disciplinaire du conseil acad\u00e9mique.<\/p>\n<p class=\"fig-paragraph\">L\u2019universit\u00e9 rappelle qu\u2019elle avait prononc\u00e9 une exclusion \u00ab\u00e0 la suite de troubles \u00e0 l\u2019ordre public ayant port\u00e9 atteinte \u00e0 la r\u00e9putation de l\u2019\u00e9tablissement, en lien avec des \u00e9v\u00e9nements survenus lors des \u00e9lections \u00e9tudiantes de novembre 2023\u00bb. \u00c0 l\u2019\u00e9poque, une vid\u00e9o publi\u00e9e sur le compte national et la page nantaise de l\u2019UNI montrait un \u00e9tudiant d\u00e9clarant qu\u2019il \u00abemmerde la race blanche\u00bb. Cette publication devenue virale avait \u00e9t\u00e9 consid\u00e9r\u00e9e comme un \u00e9l\u00e9ment exacerbant les tensions dans un contexte \u00e9lectoral interuniversitaire difficile, marqu\u00e9 par des jets d\u2019excr\u00e9ments et des agressions.<\/p>\n<p>\u00abExclusion \u00e0 motif politique\u00bb pour l\u2019UNI<\/p>\n<p class=\"fig-paragraph\">La responsable locale du syndicat, en L2, soutenait de son c\u00f4t\u00e9 ne pas \u00eatre l\u2019auteur, ni m\u00eame avoir post\u00e9 cet extrait de vid\u00e9o. Elle avait donc contest\u00e9 son exclusion devant le tribunal administratif, dans le cadre d\u2019un r\u00e9f\u00e9r\u00e9 suspension. Ce contentieux permet au juge de suspendre dans l\u2019urgence une d\u00e9cision. En l\u2019occurrence, le tribunal ne l\u2019avait pas fait, poussant l\u2019\u00e9tudiante \u00e0 se tourner vers la plus haute juridiction.<\/p>\n<p class=\"fig-paragraph\">Dans son argumentaire du 9 mai, le conseil d\u2019\u00c9tat indique notamment qu\u2019Alix G. n\u2019a pas \u00e9t\u00e9 inform\u00e9e qu\u2019elle pouvait se faire assister d\u2019un avocat lors du conseil de discipline du 27 septembre 2024, et qu\u2019elle n\u2019a pas eu assez de temps pour pr\u00e9parer sa d\u00e9fense.<\/p>\n<p class=\"fig-paragraph\">\u00abCette d\u00e9cision constitue une victoire majeure pour la libert\u00e9 d\u2019expression \u00e9tudiante et un d\u00e9saveu important pour la direction de l\u2019universit\u00e9\u00bb, a r\u00e9agi l\u2019UNI dans un communiqu\u00e9. En novembre, le syndicat d\u00e9non\u00e7ait une \u00abexclusion \u00e0 motif politique, celui de supprimer la repr\u00e9sentation de la droite dans les universit\u00e9s\u00bb.<\/p>\n<p>Un autre jugement \u00e0 venir<\/p>\n<p class=\"fig-paragraph\">\u00abJe suis soulag\u00e9e, je me dis que Justice a enfin \u00e9t\u00e9 rendue\u00bb, fait savoir Alix G., jointe par t\u00e9l\u00e9phone. D\u00e9sormais charg\u00e9e de mission au sein de la section nationale de l\u2019UNI, elle a d\u00e9cid\u00e9 de ne plus aller \u00e0 la fac de Nantes l\u2019ann\u00e9e prochaine. \u00abPour des raisons de s\u00e9curit\u00e9, je ne peux pas y retourner\u00bb, dit celle qui a vu son nom tagu\u00e9 sur les murs \u00e0 plusieurs reprises. Elle r\u00e9fl\u00e9chit \u00e0 revenir passer ses rattrapages si elle le peut.<\/p>\n<p class=\"fig-paragraph\">\u00abL\u2019\u00e9tudiante concern\u00e9e a la possibilit\u00e9 de se r\u00e9inscrire au sein de l\u2019\u00e9tablissement\u00bb, indique au Figaro l\u2019universit\u00e9 de Nantes, qui rappelle que l\u2019exclusion avait \u00e9t\u00e9 prononc\u00e9e par une \u00abinstance ind\u00e9pendante\u00bb. \u00abPar une ordonnance du 9 mai 2025, le Conseil d\u2019\u00c9tat a suspendu provisoirement l\u2019ex\u00e9cution de cette sanction disciplinaire au motif d\u2019irr\u00e9gularit\u00e9s de proc\u00e9dures, donc sans se prononcer sur le fond de l\u2019affaire et sur la libert\u00e9 d\u2019expression des \u00e9tudiants\u00bb, r\u00e9torque par ailleurs l\u2019\u00e9tablissement. En effet, une nouvelle audience aura lieu dans les prochains mois, comme le veut la proc\u00e9dure.<\/p>\n","protected":false},"excerpt":{"rendered":"Sanctionn\u00e9e \u00e0 l\u2019automne pour des troubles publics portant atteinte \u00e0 la r\u00e9putation de la facult\u00e9, l\u2019\u00e9tudiante avait contest\u00e9&hellip;\n","protected":false},"author":2,"featured_media":103826,"comment_status":"","ping_status":"","sticky":false,"template":"","format":"standard","meta":{"footnotes":""},"categories":[2818],"tags":[1111,11,4081,1777,674,462,1011,27,2640,2642,766,2638,2643,2637,2639,2646,2645,2641,2635,2644,2647,12,2636,25,5768],"class_list":{"0":"post-103825","1":"post","2":"type-post","3":"status-publish","4":"format-standard","5":"has-post-thumbnail","7":"category-nantes","8":"tag-actu","9":"tag-actualites","10":"tag-etudiant","11":"tag-eu","12":"tag-europe","13":"tag-fc-nantes","14":"tag-fr","15":"tag-france","16":"tag-hauts-paves-saint-felix","17":"tag-ile-de-nantes","18":"tag-nantes","19":"tag-nantes-bellevue-chantenay-sainte-anne","20":"tag-nantes-breil-barberie","21":"tag-nantes-centre-ville","22":"tag-nantes-dervallieres-zola","23":"tag-nantes-doulon-bottiere","24":"tag-nantes-erdre","25":"tag-nantes-malakoff-saint-donatien","26":"tag-nantes-metropole","27":"tag-nantes-nord","28":"tag-nantes-sud","29":"tag-news","30":"tag-pays-de-la-loire","31":"tag-republique-francaise","32":"tag-universite"},"share_on_mastodon":{"url":"https:\/\/pubeurope.com\/@fr\/114516193710679277","error":""},"_links":{"self":[{"href":"https:\/\/www.europesays.com\/fr\/wp-json\/wp\/v2\/posts\/103825","targetHints":{"allow":["GET"]}}],"collection":[{"href":"https:\/\/www.europesays.com\/fr\/wp-json\/wp\/v2\/posts"}],"about":[{"href":"https:\/\/www.europesays.com\/fr\/wp-json\/wp\/v2\/types\/post"}],"author":[{"embeddable":true,"href":"https:\/\/www.europesays.com\/fr\/wp-json\/wp\/v2\/users\/2"}],"replies":[{"embeddable":true,"href":"https:\/\/www.europesays.com\/fr\/wp-json\/wp\/v2\/comments?post=103825"}],"version-history":[{"count":0,"href":"https:\/\/www.europesays.com\/fr\/wp-json\/wp\/v2\/posts\/103825\/revisions"}],"wp:featuredmedia":[{"embeddable":true,"href":"https:\/\/www.europesays.com\/fr\/wp-json\/wp\/v2\/media\/103826"}],"wp:attachment":[{"href":"https:\/\/www.europesays.com\/fr\/wp-json\/wp\/v2\/media?parent=103825"}],"wp:term":[{"taxonomy":"category","embeddable":true,"href":"https:\/\/www.europesays.com\/fr\/wp-json\/wp\/v2\/categories?post=103825"},{"taxonomy":"post_tag","embeddable":true,"href":"https:\/\/www.europesays.com\/fr\/wp-json\/wp\/v2\/tags?post=103825"}],"curies":[{"name":"wp","href":"https:\/\/api.w.org\/{rel}","templated":true}]}}