{"id":103834,"date":"2025-05-16T06:57:09","date_gmt":"2025-05-16T06:57:09","guid":{"rendered":"https:\/\/www.europesays.com\/fr\/103834\/"},"modified":"2025-05-16T06:57:09","modified_gmt":"2025-05-16T06:57:09","slug":"roubaix-assistez-au-demoulage-dune-oeuvre-geante-ce-samedi-pour-la-nuit-des-arts","status":"publish","type":"post","link":"https:\/\/www.europesays.com\/fr\/103834\/","title":{"rendered":"Roubaix. Assistez au \u00ab d\u00e9moulage \u00bb d\u2019une \u0153uvre g\u00e9ante ce samedi pour la Nuit des Arts\u00a0!"},"content":{"rendered":"<p>            Par<br \/>\n        <strong><br \/>\n            <a href=\"https:\/\/actu.fr\/auteur\/annesophie-2\" title=\"Consulter tous les articles de Anne-Sophie Hourdeaux\" target=\"_blank\" rel=\"noopener\">Anne-Sophie Hourdeaux<\/a><br \/>\n        <\/strong><\/p>\n<p>        Publi\u00e9 le<\/p>\n<p>            16 mai 2025 \u00e0 7h42        <\/p>\n<p>Mais c\u2019est quoi, cette <b>chemin\u00e9e en briques jaunes<\/b> construite en quelques heures dans le jardin du <a href=\"https:\/\/actu.fr\/tag\/musee-la-piscine\" target=\"_blank\" rel=\"noopener\">mus\u00e9e La Piscine<\/a> \u00e0 <a href=\"https:\/\/actu.fr\/hauts-de-france\/roubaix_59512\" target=\"_blank\" rel=\"noopener\">Roubaix<\/a><b> <\/b>(Nord)\u2009? Deux artistes c\u00e9ramistes y pr\u00e9parent une <b>\u0153uvre commune<\/b>\u2009! Elle sera <b>\u00ab\u2009d\u00e9voil\u00e9e\u2009\u00bb samedi 17\u00a0mai 2025 vers 18\u2009h. <\/b>La <a href=\"https:\/\/actu.fr\/hauts-de-france\/roubaix_59512\/la-nuit-des-arts-est-de-retour-a-roubaix-cest-le-rendez-vous-a-ne-pas-manquer_62633056.html\" target=\"_blank\" rel=\"noopener\">Nuit des arts \u00e0 Roubaix aura lieu du 16 au 18\u00a0mai 2025<\/a>. Pr\u00e8s de 50 lieux seront ouverts \u00e0 cette occasion pour vous permettre de rencontrer des artistes et cr\u00e9ateurs.<\/p>\n<p>Four \u00e9ph\u00e9m\u00e8re<\/p>\n<p class=\" wall-content\">Parmi eux, retrouvez les c\u00e9ramistes Gil Browaeys et Herv\u00e9 Rousseau, qui r\u00e9alisent une \u0153uvre commune de 2,20 m\u00e8tres de haut. \u00ab\u2009Nous avons construit le four autour de la sculpture\u2009\u00bb disent les artistes. Il a fallu 5\u00a0tonnes de briques, jaunes, pour construire le four \u00e9ph\u00e9m\u00e8re\u2009!<\/p>\n<p class=\" wall-content\">Le four avec sa chemin\u00e9e a \u00e9t\u00e9 cr\u00e9\u00e9 en quelques heures, et allum\u00e9 (aliment\u00e9 par des b\u00fbches de bois) jeudi 15\u00a0mai vers 6\u2009h. La dur\u00e9e de chauffe fut d\u2019une vingtaine d\u2019heures, puis, il a fallu laisser refroidir.<\/p>\n<p class=\" wall-content\">L\u2019\u0153uvre sera pr\u00e9sent\u00e9e au public en d\u00e9montant le four petit \u00e0 petit \u00e0 partir de samedi 17\u00a0mai \u00e0 18\u2009h\u2009!<\/p>\n<p class=\" wall-content\">Dimanche 18\u00a0mai, les artistes seront sur place et pr\u00e9senteront leur sculpture de 13\u2009h \u00e0 18\u2009h sur place.<\/p>\n<p>Vid\u00e9os : en ce moment sur Actu<br \/>\n      <img   decoding=\"async\" loading=\"lazy\" class=\"size-large\" src=\"https:\/\/www.europesays.com\/fr\/wp-content\/uploads\/2025\/05\/459d6781f5286899d6781f5286d9d6v-960x640.jpg\" alt=\"nuit des arts roubaix\" width=\"960\" height=\"640\"\/><br \/>\n    Le four de briques a \u00e9t\u00e9 construit autour de la sculpture, une technique sp\u00e9ciale ! \u00a9Luc Hossepied<\/p>\n<p class=\" wall-content\">\u00ab\u2009La sculpture repr\u00e9sente une sorte de torse, mais chacun pourra l\u2019interpr\u00e9ter \u00e0 sa mani\u00e8re\u2009\u00bb dit Gil Browaeys. Elle sera dans les tons blancs-beiges.<\/p>\n<p class=\" wall-content\">L\u2019\u0153uvre appartient \u00e0 la nouvelle entit\u00e9 municipale \u00ab\u2009Quartier Cr\u00e9atif\u2009\u00bb qui l\u2019exposera \u00e0 sa convenance, sans savoir pr\u00e9cis\u00e9ment o\u00f9.<\/p>\n<p class=\" wall-content\">Les briques d\u00e9mont\u00e9es seront donn\u00e9es \u00e0 des artistes roubaisiens et \u00e0 deux associations qui ont le projet d\u2019un four \u00e0 pain\u2009: El Cagette et le jardin de Chlorophylle.<\/p>\n<p>Banquet, v\u00e9lo, tricot, danse\u2026<\/p>\n<p class=\" wall-content\">D\u2019autres \u00e9v\u00e9nements animeront cette 28e Nuit des Arts\u2009:<\/p>\n<ul class=\" wall-content\">\n<li>Un banquet c\u00e9ramique vendredi 16\u00a0mai, avec menu compos\u00e9 par El Cagette et c\u00e9ramiques locales (COMPLET)\u2009;<\/li>\n<li>une parade \u00ab\u2009chor\u00e9graff\u00e9e\u2009\u00bb entre le mus\u00e9e La Piscine et le Foyer du projet, avec le Ballet du Nord qui dansera sur des carr\u00e9s de moquette graff\u00e9s\u2009: samedi 17\u00a0mai de 17\u2009h \u00e0 18\u2009h\u2009;<\/li>\n<li>une d\u00e9couverte du Quartier cr\u00e9atif \u00e0 pied et \u00e0 v\u00e9lo les 17 et 18\u00a0mai\u2009:<\/li>\n<li>restitution d\u2019ateliers samedi 17\u00a0mai de 10\u2009h \u00e0 12\u2009h avec R\u00e9jean Peytavin au Foyer du projet, 3 rue de l\u2019Esp\u00e9rance\u2009;<\/li>\n<li>performances textes et tricot, avec lectures de textes sur la laine et tricot avec le Gang des Tricoteuses qui traduit en tricot les dessins de vases de R\u00e9jean Peytavin qu\u2019il a r\u00e9alis\u00e9s sous hypnose\u2009: vendredi 16\u00a0mai de 14\u2009h \u00e0 17\u2009h, samedi 16\u00a0mai de 14\u2009h \u00e0 23\u2009h\u2009; dimanche 18\u00a0mai de 14\u2009h \u00e0 18\u2009h, \u00e0 la Manufacture, 29 avenue Julien Lagache\u2009;<\/li>\n<li>march\u00e9 de v\u00e9los recycl\u00e9s et r\u00e9paration de v\u00e9los dimanche 18\u00a0mai de 14\u2009h \u00e0 18\u2009h devant la Piscine avec le Busabiclou\u2009;<\/li>\n<li>concert \u00ab\u2009We loft Music\u2009\u00bb \u00e0 l\u2019H\u00f4tel Prouvost, 17 rue du Grand Chemin avec Jawhar dimanche 18\u00a0mai de 17\u2009h \u00e0 19\u2009h. <a href=\"https:\/\/url.me\/8qycYk\" target=\"_blank\" rel=\"noopener\">Gratuit sur r\u00e9servation.<\/a><\/li>\n<\/ul>\n<p class=\" wall-content\">Suivez toute l\u2019actualit\u00e9 de vos villes et m\u00e9dias favoris en vous inscrivant \u00e0 <a href=\"https:\/\/moncompte.actu.fr\" title=\"D\u00e9couvez Mon Actu\" rel=\"nofollow noopener\" data-trk=\"{&quot;cta&quot;:{&quot;action&quot;:&quot;https:\\\/\\\/moncompte.actu.fr&quot;,&quot;category&quot;:&quot;mon compte&quot;,&quot;from&quot;:&quot;article footer&quot;,&quot;name&quot;:&quot;Mon actu&quot;,&quot;type&quot;:&quot;cta&quot;}}\" target=\"_blank\">Mon Actu<\/a>.<\/p>\n","protected":false},"excerpt":{"rendered":"Par Anne-Sophie Hourdeaux Publi\u00e9 le 16 mai 2025 \u00e0 7h42 Mais c\u2019est quoi, cette chemin\u00e9e en briques jaunes&hellip;\n","protected":false},"author":2,"featured_media":103835,"comment_status":"","ping_status":"","sticky":false,"template":"","format":"standard","meta":{"footnotes":""},"categories":[2815],"tags":[1111,11,1777,674,1011,27,811,1307,1652,14387,12,25],"class_list":{"0":"post-103834","1":"post","2":"type-post","3":"status-publish","4":"format-standard","5":"has-post-thumbnail","7":"category-lille","8":"tag-actu","9":"tag-actualites","10":"tag-eu","11":"tag-europe","12":"tag-fr","13":"tag-france","14":"tag-hauts-de-france","15":"tag-lille","16":"tag-loisirs-culture","17":"tag-musee-la-piscine","18":"tag-news","19":"tag-republique-francaise"},"share_on_mastodon":{"url":"https:\/\/pubeurope.com\/@fr\/114516213273933621","error":""},"_links":{"self":[{"href":"https:\/\/www.europesays.com\/fr\/wp-json\/wp\/v2\/posts\/103834","targetHints":{"allow":["GET"]}}],"collection":[{"href":"https:\/\/www.europesays.com\/fr\/wp-json\/wp\/v2\/posts"}],"about":[{"href":"https:\/\/www.europesays.com\/fr\/wp-json\/wp\/v2\/types\/post"}],"author":[{"embeddable":true,"href":"https:\/\/www.europesays.com\/fr\/wp-json\/wp\/v2\/users\/2"}],"replies":[{"embeddable":true,"href":"https:\/\/www.europesays.com\/fr\/wp-json\/wp\/v2\/comments?post=103834"}],"version-history":[{"count":0,"href":"https:\/\/www.europesays.com\/fr\/wp-json\/wp\/v2\/posts\/103834\/revisions"}],"wp:featuredmedia":[{"embeddable":true,"href":"https:\/\/www.europesays.com\/fr\/wp-json\/wp\/v2\/media\/103835"}],"wp:attachment":[{"href":"https:\/\/www.europesays.com\/fr\/wp-json\/wp\/v2\/media?parent=103834"}],"wp:term":[{"taxonomy":"category","embeddable":true,"href":"https:\/\/www.europesays.com\/fr\/wp-json\/wp\/v2\/categories?post=103834"},{"taxonomy":"post_tag","embeddable":true,"href":"https:\/\/www.europesays.com\/fr\/wp-json\/wp\/v2\/tags?post=103834"}],"curies":[{"name":"wp","href":"https:\/\/api.w.org\/{rel}","templated":true}]}}