{"id":103840,"date":"2025-05-16T07:00:10","date_gmt":"2025-05-16T07:00:10","guid":{"rendered":"https:\/\/www.europesays.com\/fr\/103840\/"},"modified":"2025-05-16T07:00:10","modified_gmt":"2025-05-16T07:00:10","slug":"nouveau-metro-a-marseille-le-ministre-des-transports-decouvre-neomma","status":"publish","type":"post","link":"https:\/\/www.europesays.com\/fr\/103840\/","title":{"rendered":"Nouveau m\u00e9tro \u00e0 Marseille : le ministre des Transports d\u00e9couvre Neomma"},"content":{"rendered":"<p><img loading=\"lazy\" decoding=\"async\" alt=\"\u00a9 S.A - Le ministre des Transports, Philippe Tabarot, accompagn\u00e9 de la pr\u00e9sidente de la M\u00e9tropole AMP, Martine Vassal, a pu d\u00e9couvrir les nouvelles rames de m\u00e9tro Neomma.\" data-zoom-src=\"https:\/\/www.europesays.com\/fr\/wp-content\/uploads\/2025\/05\/initial-philippe-tabarot-martine-vassal-nouvelles-rames-de-metro-marseille-neomma.jpg\" data-zoomable=\"\" height=\"702\" src=\"https:\/\/www.europesays.com\/fr\/wp-content\/uploads\/2025\/05\/initial-philippe-tabarot-martine-vassal-nouvelles-rames-de-metro-marseille-neomma.jpg\" width=\"1248\"\/>  <\/p>\n<p class=\"article-desc\">\u00a9 S.A &#8211; Le ministre des Transports, Philippe Tabarot, accompagn\u00e9 de la pr\u00e9sidente de la M\u00e9tropole AMP, Martine Vassal, a pu d\u00e9couvrir les nouvelles rames de m\u00e9tro Neomma. <\/p>\n<p>Apr\u00e8s Zazie dans le m\u00e9tro, place \u00e0 <a href=\"https:\/\/mesinfos.fr\/provence-alpes-cote-d-azur\/gouvernement-bayrou-qui-est-philippe-tabarot-nouveau-ministre-des-transports-213255.html\" rel=\"noopener\" target=\"_blank\">Philippe Tabarot<\/a> et <a href=\"https:\/\/mesinfos.fr\/tag\/martine-vassal\" rel=\"noopener\" target=\"_blank\">Martine Vassal<\/a> dans le m\u00e9tro marseillais. <strong>Le ministre des Transports<\/strong>, accompagn\u00e9 de la pr\u00e9sidente de <a href=\"https:\/\/mesinfos.fr\/tag\/metropole-aix-marseille-provence\" rel=\"noopener\" target=\"_blank\">la M\u00e9tropole Aix-Marseille-Provence<\/a> et du <a href=\"https:\/\/mesinfos.fr\/tag\/departement-des-bouches-du-rhone\" rel=\"noopener\" target=\"_blank\">D\u00e9partement des Bouches-du-Rh\u00f4ne<\/a>, a pu visiter ce jeudi 15 mai en avant-premi\u00e8re <strong>les nouvelles rames de m\u00e9tro Neomma<\/strong>. Pr\u00e9sent dans le cadre des Assises du financement et de l&rsquo;am\u00e9nagement durable, de la F\u00e9d\u00e9ration r\u00e9gionale des Travaux publics, il a r\u00e9alis\u00e9 un \u00e9tat des lieux sur <strong>l\u2019avanc\u00e9e des travaux<\/strong>. Enthousiasme garanti. <\/p>\n<p> <img decoding=\"async\" alt=\"\" data-zoomable=\"\" loading=\"lazy\" src=\"https:\/\/www.europesays.com\/fr\/wp-content\/uploads\/2025\/05\/collegiale-tabarot-marseille.jpg\"\/> \u00a9 S.A &#8211; Le ministre des Transports, Philippe Tabarot, \u00e9tait accompagn\u00e9 de Martine Vassal, pr\u00e9sidente de la M\u00e9tropole AMP et de Catherine Pila, pr\u00e9sidente de la RTM pour d\u00e9couvrir les nouvelles rames de m\u00e9tro Neomma.\u00a0 Nouvelles rames de m\u00e9tro Neomma\u00a0: un projet du plan Marseille en Grand <\/p>\n<p>Il est 21 heures pass\u00e9s lorsque la d\u00e9l\u00e9gation minist\u00e9rielle, accompagn\u00e9e des\u00a0\u00e9quipes de la M\u00e9tropole et de la RTM, d\u00e9cide de <strong>prendre le m\u00e9tro<\/strong>. Escort\u00e9e par des forces de l\u2019ordre, celle-ci provoque la <strong>stup\u00e9faction <\/strong>des Marseillais. Peu de personnes peuvent se vanter d&rsquo;avoir voyag\u00e9 dans le m\u00eame wagon\u00a0qu\u2019un <strong>ministre<\/strong>, qu\u2019une <strong>pr\u00e9sidente de M\u00e9tropole<\/strong>, qu\u2019<strong>un pr\u00e9fet de r\u00e9gion<\/strong> ou encore <strong>des maires de secteur,<\/strong> de Castellane \u00e0 la Rose. <\/p>\n<p>Une fois arriv\u00e9, Philippe Tabarot d\u00e9couvre pleinement le projet, bien qu&rsquo;il ne soit pas surpris par l&rsquo;avanc\u00e9e des travaux. <\/p>\n<blockquote>\n<p>Ce n\u2019est pas une surprise. Je sais que lorsque Martine Vassal prend les dossiers en main ce sont souvent des <strong>r\u00e9ussites<\/strong>. On ne peut que se r\u00e9jouir\u00a0\u00bb, lance-t-il. <\/p>\n<\/blockquote>\n<p>Mais Philippe Tabarot n\u2019oublie pas de rappeler le r\u00f4le de l\u2019\u00c9tat, car les nouvelles rames de m\u00e9tro Neomma sont un projet du plan <a href=\"https:\/\/mesinfos.fr\/tag\/marseille-en-grand\" rel=\"noopener\" target=\"_blank\">Marseille en Grand<\/a>. \u00ab\u00a0Je suis venu r\u00e9affirmer \u00f4 combien l\u2019\u00c9tat est au rendez-vous de ce beau projet\u00a0\u00bb, nous dit-il. <strong>Le projet global repr\u00e9sente un co\u00fbt de 580 M\u20ac hors taxes<\/strong>, sous ma\u00eetrise d\u2019ouvrage et un financement de la M\u00e9tropole Aix-Marseille-Provence, en partenariat\u00a0avec\u00a0:<\/p>\n<ul>\n<li>L\u2019\u00c9tat \u00e0 hauteur de 11,7 M\u20ac <\/li>\n<li>Le D\u00e9partement des Bouches-du-Rh\u00f4ne avec une subvention de 82,2 M\u20ac pour \u00e9tudes et fabrication 1\u00e8re phase de trois rames <\/li>\n<li>La RTM avec le financement des fa\u00e7ades de quai \u00e0 hauteur de 63M \u20ac<\/li>\n<\/ul>\n<p><a class=\"flex flex-d-c lSButton\" data-order=\"hide-menu\" href=\"#\"><strong>Lancer le diaporama<\/strong>5 photos<\/a> <\/p>\n<blockquote>\n<p>C\u2019est surtout un travail d\u2019\u00e9quipe. Enfin Marseille va retrouver <strong>sa place en termes de mobilit\u00e9<\/strong> \u00e0 travers les actions men\u00e9es par les \u00e9lus locaux que nous soutenons \u00bb, argue Philippe Tabarot. <\/p>\n<\/blockquote>\n<p>  Nouvelles rames de m\u00e9tro Neomma\u00a0: quand seront-elles sur les rails\u00a0? <\/p>\n<p>La fiert\u00e9 se lit aussi et surtout sur le visage de <strong>Martine Vassal<\/strong> qui ne tarit pas d\u2019\u00e9loges pour \u00e9voquer Neomma. \u00ab\u00a0Ce nouveau m\u00e9tro il est magnifique, c\u2019est vraiment exceptionnel\u00a0\u00bb, commence-t-elle au sein de la rame. \u00ab\u00a0Dans la mesure o\u00f9 <strong>il est entier, il va \u00eatre climatis\u00e9, automatis\u00e9<\/strong>, il y a \u00e0 l\u2019int\u00e9rieur d\u00e9j\u00e0 de la 4G, il y aura en plus des cam\u00e9ras de vid\u00e9osurveillance, c\u2019est vraiment le m\u00e9tro du XXIe si\u00e8cle\u00a0\u00bb, poursuit-elle.<\/p>\n<p>Malgr\u00e9 autant de louanges, les Marseillais ne peuvent toujours pas profiter de ces nouvelles rames. Cependant, ils doivent faire face \u00e0\u00a0<a href=\"https:\/\/mesinfos.fr\/13000-marseille\/marseille-la-rtm-ferme-le-metro-la-nuit-a-partir-du-23-octobre-184438.html\" rel=\"noopener\" target=\"_blank\">la fermeture du m\u00e9tro la nuit depuis le 23 octobre 2023<\/a>, avec des bus de substitution en guise de consolation. N\u00e9anmoins, Catherine Pila, pr\u00e9sidente de la RTM, est cat\u00e9gorique\u00a0: \u00ab\u00a0Il n\u2019y a aucune baisse de fr\u00e9quentation, nous avons retrouv\u00e9 quasiment au chiffre pr\u00e8s la m\u00eame fr\u00e9quentation sur les bus de substitution que celle que nous avions dans le m\u00e9tro.\u00a0\u00bb <\/p>\n<p>Les Marseillais font preuve de patience mais Martine Vassal apporte <strong>des pr\u00e9cisions de calendrier<\/strong>. \u00ab\u00a0D\u2019ici <strong>fin 2025<\/strong>, et <strong>le tout d\u00e9but de l\u2019ann\u00e9e 2026,<\/strong> on pourra voir ces rames tourner sur la ligne num\u00e9ro 2. Ensuite viendra <strong>l\u2019installation des portes pali\u00e8res<\/strong> (en 2027 ndlr). Dans quelques ann\u00e9es on aura un m\u00e9tro enti\u00e8rement automatis\u00e9\u00a0\u00bb, conclut-elle. <\/p>\n<p>En guise de mot de la fin, Philippe Tabarot \u00e9voque d\u2019autres projets d\u2019envergure, cette fois-ci \u00e0 l\u2019\u00e9chelle r\u00e9gionale, notamment <a href=\"https:\/\/mesinfos.fr\/dossier-ligne-nouvelle-provence-cote-d-azur-les-etapes-du-projet-4\" rel=\"noopener\" target=\"_blank\">la Ligne Nouvelle Provence Cote d\u2019Azur (LNPCA)<\/a>. \u00ab Un projet qui va permettre d\u2019am\u00e9liorer le train du quotidien. Le plus important c\u2019est la compl\u00e9mentarit\u00e9 des modes de transports. Il n\u2019y a pas de concurrence entre eux.\u00a0\u00bb<\/p>\n","protected":false},"excerpt":{"rendered":"\u00a9 S.A &#8211; Le ministre des Transports, Philippe Tabarot, accompagn\u00e9 de la pr\u00e9sidente de la M\u00e9tropole AMP, Martine&hellip;\n","protected":false},"author":2,"featured_media":103841,"comment_status":"","ping_status":"","sticky":false,"template":"","format":"standard","meta":{"footnotes":""},"categories":[2814],"tags":[1111,11,1777,674,1011,27,884,18106,7690,12,882,25,800],"class_list":{"0":"post-103840","1":"post","2":"type-post","3":"status-publish","4":"format-standard","5":"has-post-thumbnail","7":"category-marseille","8":"tag-actu","9":"tag-actualites","10":"tag-eu","11":"tag-europe","12":"tag-fr","13":"tag-france","14":"tag-marseille","15":"tag-marseille-en-grand","16":"tag-mobilitu00e9","17":"tag-news","18":"tag-provence-alpes-cote-dazur","19":"tag-republique-francaise","20":"tag-transports"},"share_on_mastodon":{"url":"https:\/\/pubeurope.com\/@fr\/114516225352028668","error":""},"_links":{"self":[{"href":"https:\/\/www.europesays.com\/fr\/wp-json\/wp\/v2\/posts\/103840","targetHints":{"allow":["GET"]}}],"collection":[{"href":"https:\/\/www.europesays.com\/fr\/wp-json\/wp\/v2\/posts"}],"about":[{"href":"https:\/\/www.europesays.com\/fr\/wp-json\/wp\/v2\/types\/post"}],"author":[{"embeddable":true,"href":"https:\/\/www.europesays.com\/fr\/wp-json\/wp\/v2\/users\/2"}],"replies":[{"embeddable":true,"href":"https:\/\/www.europesays.com\/fr\/wp-json\/wp\/v2\/comments?post=103840"}],"version-history":[{"count":0,"href":"https:\/\/www.europesays.com\/fr\/wp-json\/wp\/v2\/posts\/103840\/revisions"}],"wp:featuredmedia":[{"embeddable":true,"href":"https:\/\/www.europesays.com\/fr\/wp-json\/wp\/v2\/media\/103841"}],"wp:attachment":[{"href":"https:\/\/www.europesays.com\/fr\/wp-json\/wp\/v2\/media?parent=103840"}],"wp:term":[{"taxonomy":"category","embeddable":true,"href":"https:\/\/www.europesays.com\/fr\/wp-json\/wp\/v2\/categories?post=103840"},{"taxonomy":"post_tag","embeddable":true,"href":"https:\/\/www.europesays.com\/fr\/wp-json\/wp\/v2\/tags?post=103840"}],"curies":[{"name":"wp","href":"https:\/\/api.w.org\/{rel}","templated":true}]}}