{"id":103842,"date":"2025-05-16T07:01:10","date_gmt":"2025-05-16T07:01:10","guid":{"rendered":"https:\/\/www.europesays.com\/fr\/103842\/"},"modified":"2025-05-16T07:01:10","modified_gmt":"2025-05-16T07:01:10","slug":"toute-lactualite-de-ce-vendredi-16-mai-2025-a-lyon","status":"publish","type":"post","link":"https:\/\/www.europesays.com\/fr\/103842\/","title":{"rendered":"Toute l&rsquo;actualit\u00e9 de ce vendredi 16 mai 2025 \u00e0 Lyon"},"content":{"rendered":"<p>A la une de l\u2019info \u00e0 Lyon : La Ville de Lyon rabote les subventions aux associations, des militants \u00e9cologistes relax\u00e9s, Greepeace exige le principe \u00ab\u00a0pollueurs-payeurs\u00a0\u00bb, une nouvelle piste d\u2019apprentissage du v\u00e9lo rue de la Ba\u00efsse \u00e0 Villeurbanne, Dignes ! : le spectacle de la Compagnie Albert Claquemur\u00e9\u2026.<\/p>\n<p>ECOUTEZ LE 1\/4H LYONNAIS\u2026 Toute l\u2019actualit\u00e9 de ce vendredi 16 mai 2025<\/p>\n<p>LE 1\/4H LYONNAIS | vendredi 16 mai 2025<\/p>\n<p><strong>Baisse des dotations<\/strong> : pour la Ville, ce sera 10,2 millions d\u2019euros. Cons\u00e9quences : une <strong>baisse de subventions aux associations<\/strong> de plus d\u2019un million d\u2019euros. Mais aussi des <strong>recettes nouvelles<\/strong> \u00e0 hauteur de 5 millions, notamment sur le <strong>stationnement<\/strong><\/p>\n<p>Intrusion chez <strong>Arkema<\/strong> :les <strong>militants \u00e9cologistes<\/strong> une nouvelle fois relax\u00e9s en appel<\/p>\n<p><strong><a href=\"https:\/\/www.greenpeace.fr\/\" target=\"_blank\" rel=\"noreferrer noopener nofollow\">Greenpeace<\/a><\/strong> lance un appel \u00e0 la mobilisation \u00e0 <strong>Oullins<\/strong>, ce samedi de 14 h 30 \u00e0 18 heures, avec le mot d\u2019ordre \u00ab<strong> pollueurs-payeurs <\/strong>\u00bb<\/p>\n<p>Egalement dans l\u2019actualit\u00e9 de ce vendredi 16 mai<\/p>\n<p>La nouvelle <strong>piste d\u2019apprentissage du v\u00e9lo <\/strong>rue de la Ba\u00efsse \u00e0 <strong>Villeurbanne<\/strong> inaugur\u00e9e ce samedi. Un projet qui a b\u00e9n\u00e9fici\u00e9 du soutien des Villeurbannais lors de l\u2019\u00e9dition 2023 du <strong><a href=\"https:\/\/participez.villeurbanne.fr\/processes\/BuPa2024-2025?locale=fr\" target=\"_blank\" rel=\"noreferrer noopener nofollow\">budget participatif<\/a><\/strong>.\u00a0<\/p>\n<p>Un <strong>spectacle de th\u00e9\u00e2tre de rues<\/strong> : <strong><a href=\"https:\/\/albertclaquemure.fr\/dignes\/\" target=\"_blank\" rel=\"noreferrer noopener nofollow\">Dignes !<\/a><\/strong> pour l\u2019inauguration de la<strong> piste cyclable<\/strong>. Avec la participation de la <strong>Compagnie Albert Claquemur\u00e9<\/strong> et du <strong><a href=\"https:\/\/lecyclub.org\/\" rel=\"nofollow noopener\" target=\"_blank\">Cyc<\/a><a href=\"https:\/\/lecyclub.org\/\" target=\"_blank\" rel=\"noreferrer noopener nofollow\">l<\/a><a href=\"https:\/\/lecyclub.org\/\" rel=\"nofollow noopener\" target=\"_blank\">ub<\/a><\/strong><\/p>\n<p>Notre invit\u00e9 : <strong>Laurent Diebold<\/strong>, directeur artistique de la <strong>compagnie Albert Claquemur\u00e9<\/strong><\/p>\n<p>L\u2019OL f\u00e9minin joue la finale des play-off contre le PSG ce soir au Groupama Stadium<\/p>\n<p>L\u2019OL vraisemblablement priv\u00e9 de Corentin Tolisso et Clinton Mata pour son dernier samedi (21h) contre Angers. Du r\u00e9sultat de ce match, d\u00e9pendra la qualification de l\u2019OL pour l\u2019une ou l\u2019autre des comp\u00e9titions enrop\u00e9ennes<\/p>\n<p>24e journ\u00e9e du Top 14 : le LOU va affronter le Stade Fran\u00e7ais<\/p>\n<p>Ecoutez aussi : <a href=\"https:\/\/www.lyondemain.fr\/antoine-durand-handicap\/\" target=\"_blank\" rel=\"noreferrer noopener nofollow\">Antoine Durand : \u00ab\u00a0Le handicap n\u2019est pas une barri\u00e8re\u00a0\u00bb<\/a><\/p>\n<p>Dans cette \u00e9dition, rencontre avec Laurent Diebold pour parler th\u00e9\u00e2tre\u2026<\/p>\n<p>Laurent Diebold a fond\u00e9 en 2020 la Compagnie Albert Claquemur\u00e9. Avec la volont\u00e9 de d\u00e9velopper le th\u00e9\u00e2tre de rues, mais aussi le th\u00e9\u00e2tre en entreprises. Et m\u00eame pourquoi pas le th\u00e9\u00e2tre au service des candidats au bac\u2026<\/p>\n<p>Ecoutez aussi : <a href=\"https:\/\/www.lyondemain.fr\/toute-lactualite-de-ce-jeudi-15-mai-2025-a-lyon\/\" target=\"_blank\" rel=\"noreferrer noopener nofollow\">Toute l\u2019actualit\u00e9 de ce jeudi 15 mai 2025 \u00e0 Lyon<\/a><\/p>\n<p><img fetchpriority=\"high\" decoding=\"async\" width=\"1200\" height=\"675\" src=\"https:\/\/www.europesays.com\/fr\/wp-content\/uploads\/2025\/05\/actualite-de-ce-vendredi-16-mai-2025.jpg\" alt=\"actualit\u00e9 de ce vendredi 16 mai 2025 info \u00e0 Lyon\" class=\"wp-image-249439\"  \/>Retrouvez aussi le Quart d\u2019Heure Lyonnais de Lyon Demain sur les antennes de Radio Pluriel (Lyon). Radio Salam (Lyon, Saint-Etienne et Bourg) et Radio Arm\u00e9nie (Lyon et Vienne)<br \/>\nJ\u2019aime \u00e7a\u00a0:<\/p>\n<p>J\u2019aime chargement\u2026<\/p>\n<p><a class=\"sd-link-color\"\/><\/p>\n<p>\n\tArticles similaires\n<\/p>\n<p>\t\t\t\t<img decoding=\"async\" src=\"https:\/\/www.europesays.com\/fr\/wp-content\/uploads\/2025\/05\/1747378870_503_7866158698e17e8ed633c05e8f8e7fe5d9e057ad78661c4dc34e413abb6b9f19\" alt=\"G\u00e9rald Bouchon\"\/><\/p>\n<p>Pionnier des radios libres, passionn\u00e9 de radio, journaliste et dirigeant de m\u00e9dias \u00e9co-responsables..<\/p>\n","protected":false},"excerpt":{"rendered":"A la une de l\u2019info \u00e0 Lyon : La Ville de Lyon rabote les subventions aux associations, des&hellip;\n","protected":false},"author":2,"featured_media":103843,"comment_status":"","ping_status":"","sticky":false,"template":"","format":"standard","meta":{"footnotes":""},"categories":[1889],"tags":[1111,11,9581,18874,4733,2430,13655,22048,22049,2339,1777,674,1011,27,22050,22051,12589,2428,12,242,978,15665,13885,2895,1800,25,16524,10522,208,3291,6345],"class_list":{"0":"post-103842","1":"post","2":"type-post","3":"status-publish","4":"format-standard","5":"has-post-thumbnail","7":"category-lyon","8":"tag-actu","9":"tag-actualites","10":"tag-apprentissage","11":"tag-arkema","12":"tag-associations","13":"tag-auvergne-rhone-alpes","14":"tag-budget-participatif","15":"tag-compagnie-albert-claquemure","16":"tag-cyclub","17":"tag-ecologistes","18":"tag-eu","19":"tag-europe","20":"tag-fr","21":"tag-france","22":"tag-greenpeace","23":"tag-laurent-diebold","24":"tag-lou-rugby","25":"tag-lyon","26":"tag-news","27":"tag-ol-feminin","28":"tag-olympique-lyonnais","29":"tag-oullins-pierre-benite","30":"tag-pfas","31":"tag-piste-cyclable","32":"tag-pollution","33":"tag-republique-francaise","34":"tag-restrictions","35":"tag-subventions","36":"tag-velo","37":"tag-ville-de-lyon","38":"tag-villeurbanne"},"share_on_mastodon":{"url":"https:\/\/pubeurope.com\/@fr\/114516229579397325","error":""},"_links":{"self":[{"href":"https:\/\/www.europesays.com\/fr\/wp-json\/wp\/v2\/posts\/103842","targetHints":{"allow":["GET"]}}],"collection":[{"href":"https:\/\/www.europesays.com\/fr\/wp-json\/wp\/v2\/posts"}],"about":[{"href":"https:\/\/www.europesays.com\/fr\/wp-json\/wp\/v2\/types\/post"}],"author":[{"embeddable":true,"href":"https:\/\/www.europesays.com\/fr\/wp-json\/wp\/v2\/users\/2"}],"replies":[{"embeddable":true,"href":"https:\/\/www.europesays.com\/fr\/wp-json\/wp\/v2\/comments?post=103842"}],"version-history":[{"count":0,"href":"https:\/\/www.europesays.com\/fr\/wp-json\/wp\/v2\/posts\/103842\/revisions"}],"wp:featuredmedia":[{"embeddable":true,"href":"https:\/\/www.europesays.com\/fr\/wp-json\/wp\/v2\/media\/103843"}],"wp:attachment":[{"href":"https:\/\/www.europesays.com\/fr\/wp-json\/wp\/v2\/media?parent=103842"}],"wp:term":[{"taxonomy":"category","embeddable":true,"href":"https:\/\/www.europesays.com\/fr\/wp-json\/wp\/v2\/categories?post=103842"},{"taxonomy":"post_tag","embeddable":true,"href":"https:\/\/www.europesays.com\/fr\/wp-json\/wp\/v2\/tags?post=103842"}],"curies":[{"name":"wp","href":"https:\/\/api.w.org\/{rel}","templated":true}]}}