{"id":103848,"date":"2025-05-16T07:07:10","date_gmt":"2025-05-16T07:07:10","guid":{"rendered":"https:\/\/www.europesays.com\/fr\/103848\/"},"modified":"2025-05-16T07:07:10","modified_gmt":"2025-05-16T07:07:10","slug":"les-valeurs-a-suivre-a-paris-et-en-europe-actualise-16-05-2025-a-0856","status":"publish","type":"post","link":"https:\/\/www.europesays.com\/fr\/103848\/","title":{"rendered":"Les valeurs \u00e0 suivre \u00e0 Paris et en Europe (actualis\u00e9) &#8211; 16\/05\/2025 \u00e0 08:56"},"content":{"rendered":"<p>\n (Actualis\u00e9 avec Land Securities, Renk, Richemont)\n<\/p>\n<p>\n *\n<\/p>\n<p>\n Variation des futures sur indice CAC 40  0#FCE:\n<\/p>\n<p>\n *\n<\/p>\n<p>\n Variation des futures sur indice Stoxx 600  0#FXXP:\n<\/p>\n<p>\n *\n<\/p>\n<p>\n Valeurs qui se traitent ex-dividende  .EX.PA\n<\/p>\n<p>\n *\n<\/p>\n<p>\n Le point sur les march\u00e9s europ\u00e9ens  .EUFR\n<\/p>\n<p>\n Les valeurs \u00e0 suivre vendredi<br \/>\n\u00e0 la Bourse de Paris et en Europe :\n<\/p>\n<p>\n * EUTELSAT<br \/>\n <a href=\"https:\/\/www.boursorama.com\/cours\/1rPETL\/\" rel=\"nofollow noopener\" target=\"_blank\"><br \/>\n  ETL.PA<br \/>\n <\/a><br \/>\n a fait \u00e9tat jeudi d&rsquo;un chiffre<br \/>\nd&rsquo;affaires en baisse de 1,9% au troisi\u00e8me trimestre, \u00e0 300<br \/>\nmillions d&rsquo;euros, et a confirm\u00e9 ses objectifs pour l&rsquo;exercice en<br \/>\ncours.\n<\/p>\n<p>\n * GECINA<br \/>\n <a href=\"https:\/\/www.boursorama.com\/cours\/1rPGFC\/\" rel=\"nofollow noopener\" target=\"_blank\"><br \/>\n  GFCP.PA<br \/>\n <\/a><br \/>\n a annonc\u00e9 jeudi avoir un immeuble de<br \/>\nbureaux \u00e0 Paris pour 435 millions d&rsquo;euros.\n<\/p>\n<p>\n * ICADE<br \/>\n <a href=\"https:\/\/www.boursorama.com\/cours\/1rPICAD\/\" rel=\"nofollow noopener\" target=\"_blank\"><br \/>\n  ICAD.PA<br \/>\n <\/a><br \/>\n a annonc\u00e9 jeudi le succ\u00e8s d&rsquo;une nouvelle<br \/>\n\u00e9mission d&rsquo;obligataire de 500 millions d&rsquo;euros \u00e0 dix ans.\n<\/p>\n<p>\n * SWISS RE<br \/>\n <a href=\"https:\/\/www.boursorama.com\/cours\/2aSREN\/\" rel=\"nofollow noopener\" target=\"_blank\"><br \/>\n  SRENH.S<br \/>\n <\/a><br \/>\n a fait \u00e9tat vendredi d&rsquo;une hausse de<br \/>\n16% de son b\u00e9n\u00e9fice net au premier trimestre, un gain sup\u00e9rieur<br \/>\naux attentes malgr\u00e9 les 570 millions de dollars de r\u00e9clamations<br \/>\nqui ont suivi les incendies de Los Angeles.\n<\/p>\n<p>\n * HUGO BOSS<br \/>\n <a href=\"https:\/\/www.boursorama.com\/cours\/1zBOSS\/\" rel=\"nofollow noopener\" target=\"_blank\"><br \/>\n  BOSSn.DE<br \/>\n <\/a><br \/>\n a annonc\u00e9 jeudi la nomination de<br \/>\nStephan Sturm au poste de pr\u00e9sident.\n<\/p>\n<p>\n * AEGON<br \/>\n <a href=\"https:\/\/www.boursorama.com\/cours\/1rAAGN\/\" rel=\"nofollow noopener\" target=\"_blank\"><br \/>\n  AEGN.AS<br \/>\n <\/a><br \/>\n a d\u00e9clar\u00e9 vendredi son intention de lancer<br \/>\nun nouveau programme de rachat d&rsquo;actions \u00e0 hauteur de 200<br \/>\nmillions d&rsquo;euros apr\u00e8s avoir fait \u00e9tat d&rsquo;une g\u00e9n\u00e9ration de<br \/>\ncapitale inf\u00e9rieure aux attentes au premier trimestre.\n<\/p>\n<p>\n * RICHEMONT<br \/>\n <a href=\"https:\/\/www.boursorama.com\/cours\/2aCFR\/\" rel=\"nofollow noopener\" target=\"_blank\"><br \/>\n  CFR.S<br \/>\n <\/a><br \/>\n a fait \u00e9tat vendredi d&rsquo;une hausse de<br \/>\n7% de ses ventes trimestrielles, un r\u00e9sultat sup\u00e9rieur aux<br \/>\nattentes alors que la faible demande en Asie a \u00e9t\u00e9 compens\u00e9e par<br \/>\nl&rsquo;app\u00e9tit des Am\u00e9ricains pour les bijoux de luxe.\n<\/p>\n<p>\n * LAND SECURITIES<br \/>\n <a href=\"https:\/\/www.boursorama.com\/cours\/1uLAND.L\/\" rel=\"nofollow noopener\" target=\"_blank\"><br \/>\n  LAND.L<br \/>\n <\/a><br \/>\n a fait \u00e9tat vendredi d&rsquo;un<br \/>\nb\u00e9n\u00e9fice annuel apr\u00e8s une perte l&rsquo;ann\u00e9e pr\u00e9c\u00e9dente, port\u00e9 par<br \/>\nles taux d&rsquo;occupation solides et la croissance des locations<br \/>\ndans ses biens \u00e0 Londres.\n<\/p>\n<p>\n * RENK<br \/>\n <a href=\"https:\/\/www.boursorama.com\/cours\/1zR3NK\/\" rel=\"nofollow noopener\" target=\"_blank\"><br \/>\n  R3NK.DE<br \/>\n <\/a><br \/>\n &#8211; JP Morgan a relev\u00e9 sa recommandation<br \/>\nsur le titre \u00e0 \u00ab\u00a0surpond\u00e9rer\u00a0\u00bb contre \u00ab\u00a0neutre\u00a0\u00bb.\n<\/p>\n<p>\n L&rsquo;AGENDA FRANCE &amp; INTERNATIONAL \u00c0 7 JOURS:<\/p>\n<p> nL8N3RH0VK\n<\/p>\n<p>\n (R\u00e9dig\u00e9 par Claude Chendjou et Pauline Foret, \u00e9dit\u00e9 par<br \/>\nAugustin Turpin)<\/p>\n","protected":false},"excerpt":{"rendered":"(Actualis\u00e9 avec Land Securities, Renk, Richemont) * Variation des futures sur indice CAC 40 0#FCE: * Variation des&hellip;\n","protected":false},"author":2,"featured_media":64038,"comment_status":"","ping_status":"","sticky":false,"template":"","format":"standard","meta":{"footnotes":""},"categories":[1888],"tags":[400,1111,1928,11,1927,398,408,405,1777,674,1011,27,403,402,399,404,12,1926,626,1925,25,401,406,407],"class_list":{"0":"post-103848","1":"post","2":"type-post","3":"status-publish","4":"format-standard","5":"has-post-thumbnail","7":"category-paris","8":"tag-action-cac-40","9":"tag-actu","10":"tag-actu-paris","11":"tag-actualites","12":"tag-actualites-paris","13":"tag-bourse-de-paris","14":"tag-boursorama","15":"tag-cotations","16":"tag-eu","17":"tag-europe","18":"tag-fr","19":"tag-france","20":"tag-indices-devises","21":"tag-investir","22":"tag-investissement","23":"tag-marche-boursier","24":"tag-news","25":"tag-news-paris","26":"tag-paris","27":"tag-paris-news","28":"tag-republique-francaise","29":"tag-sicav","30":"tag-trackers","31":"tag-warrants"},"share_on_mastodon":{"url":"https:\/\/pubeurope.com\/@fr\/114516252608577057","error":""},"_links":{"self":[{"href":"https:\/\/www.europesays.com\/fr\/wp-json\/wp\/v2\/posts\/103848","targetHints":{"allow":["GET"]}}],"collection":[{"href":"https:\/\/www.europesays.com\/fr\/wp-json\/wp\/v2\/posts"}],"about":[{"href":"https:\/\/www.europesays.com\/fr\/wp-json\/wp\/v2\/types\/post"}],"author":[{"embeddable":true,"href":"https:\/\/www.europesays.com\/fr\/wp-json\/wp\/v2\/users\/2"}],"replies":[{"embeddable":true,"href":"https:\/\/www.europesays.com\/fr\/wp-json\/wp\/v2\/comments?post=103848"}],"version-history":[{"count":0,"href":"https:\/\/www.europesays.com\/fr\/wp-json\/wp\/v2\/posts\/103848\/revisions"}],"wp:featuredmedia":[{"embeddable":true,"href":"https:\/\/www.europesays.com\/fr\/wp-json\/wp\/v2\/media\/64038"}],"wp:attachment":[{"href":"https:\/\/www.europesays.com\/fr\/wp-json\/wp\/v2\/media?parent=103848"}],"wp:term":[{"taxonomy":"category","embeddable":true,"href":"https:\/\/www.europesays.com\/fr\/wp-json\/wp\/v2\/categories?post=103848"},{"taxonomy":"post_tag","embeddable":true,"href":"https:\/\/www.europesays.com\/fr\/wp-json\/wp\/v2\/tags?post=103848"}],"curies":[{"name":"wp","href":"https:\/\/api.w.org\/{rel}","templated":true}]}}