{"id":103856,"date":"2025-05-16T07:14:13","date_gmt":"2025-05-16T07:14:13","guid":{"rendered":"https:\/\/www.europesays.com\/fr\/103856\/"},"modified":"2025-05-16T07:14:13","modified_gmt":"2025-05-16T07:14:13","slug":"venus-de-taiwan-hong-kong-ces-volontaires-face-a-la-guerre-en-ukraine","status":"publish","type":"post","link":"https:\/\/www.europesays.com\/fr\/103856\/","title":{"rendered":"Venus de Ta\u00efwan, Hong Kong&#8230; ces volontaires face \u00e0 la guerre en Ukraine"},"content":{"rendered":"<p>\n                                                D\u00e8s le d\u00e9but de l\u2019invasion russe en Ukraine il y a plus de trois ans, des milliers de volontaires \u00e9trangers sont venus pr\u00eater main forte \u00e0 l\u2019arm\u00e9e ukrainienne. Parmi ces volontaires, originaires d\u2019une cinquantaine de pays, on retrouve \u00e9galement des asiatiques.                    <\/p>\n<p>T\u00e9moignages exclusifs pour RFI de volontaires asiatiques en Ukraine, recueillis par Hermine Roumilhac de la r\u00e9daction chinoise.<\/p>\n<p>Ils s\u2019appellent Pan, Jack et Edwin. Ils ont respectivement 26 ans, 25 ans et 50 ans. Tous les trois se sont engag\u00e9s en soutien \u00e0 un pays agress\u00e9 par son voisin puissant et autoritaire. En \u00e9cho \u00e0 leur propre situation : la crainte d\u2019une invasion chinoise de <a href=\"https:\/\/www.rfi.fr\/fr\/tag\/ta\u00efwan\/\" target=\"_self\" rel=\"noopener\"><strong>Ta\u00efwan<\/strong><\/a> ou la lutte contre l\u2019oppression de la <a href=\"https:\/\/www.rfi.fr\/fr\/tag\/chine\/\" target=\"_self\" rel=\"noopener\"><strong>Chine<\/strong><\/a> depuis que P\u00e9kin a impos\u00e9 la loi sur la s\u00e9curit\u00e9 nationale \u00e0 <a href=\"https:\/\/www.rfi.fr\/fr\/tag\/hong-kong\/\" target=\"_self\" rel=\"noopener\"><strong>Hong Kong<\/strong><\/a>.<\/p>\n<p>Pour Pan, un v\u00e9t\u00e9ran des marines ta\u00efwanais qui s\u2019est rendu en <a href=\"https:\/\/www.rfi.fr\/fr\/tag\/ukraine\/\" target=\"_self\" rel=\"noopener\"><strong>Ukraine<\/strong><\/a> \u00e0 trois reprises et qui a vu mourir son ami sur le front, l\u2019engagement vise \u00e0 acqu\u00e9rir une exp\u00e9rience au combat. \u00ab L\u2019exp\u00e9rience nous sera b\u00e9n\u00e9fique pour d\u00e9fendre notre \u00eele et transmettre ce que nous avons appris \u00e0 l\u2019arm\u00e9e ta\u00efwanaise. Nous voulons transmettre \u00e0 notre arm\u00e9e et \u00e0 nos concitoyens ce que cela signifie de se battre pour de vrai. La guerre c\u2019est quelque chose d\u2019effroyable, cette horreur ne s\u2019apprend pas dans les films ou les jeux vid\u00e9o. C\u2019est brutal et on esp\u00e8re que cela n\u2019arrivera pas entre les deux rives du d\u00e9troit de Ta\u00efwan. Notre \u00eele est petite, nous n\u2019avons pas de refuge. Si une guerre \u00e9clate ce seront les gens ordinaires qui en paieront le prix et qui en souffriront \u00bb.<\/p>\n<p class=\"a-read-more\">\u00c0 \u00e9couter aussi<a href=\"https:\/\/www.rfi.fr\/fr\/podcasts\/grand-reportage\/20230206-partir-en-ukraine-pour-ensuite-d\u00e9fendre-ta\u00efwan\" target=\"_self\" class=\"a-read-more__link\" rel=\"noopener\">Partir en Ukraine pour ensuite d\u00e9fendre Ta\u00efwan<\/a><\/p>\n<p>\u00ab Si vous voulez que les autres se sacrifient pour vous, vous devez faire le premier pas\u00a0\u00bb<\/p>\n<p>Jack Yao, lui s\u2019est engag\u00e9 en 2022 dans la L\u00e9gion g\u00e9orgienne, \u00e0 la suite de l\u2019appel international lanc\u00e9 par le pr\u00e9sident <a href=\"https:\/\/www.rfi.fr\/fr\/tag\/volodymyr-zelensky\/\" target=\"_self\" rel=\"noopener\"><strong>Zelensky<\/strong><\/a> d\u00e8s le d\u00e9but du conflit. Se disant incomp\u00e9tent au combat et incapable de tuer, Jack s\u2019occupe principalement de logistique, de m\u00e9decine et de transport. \u00ab Les raisons qui nous ont pouss\u00e9es \u00e0 nous engager sont en liens avec une \u00e9ventuelle invasion de la Chine. On s\u2019interroge sur l\u2019aide am\u00e9ricaine et s\u2019ils enverront des soldats ou pas. Pourquoi ces p\u00e8res, fils ou maris am\u00e9ricains iraient combattre sur une petite \u00eele en Asie ? Beaucoup de gens n\u2019ont jamais entendu parler de l\u2019Ukraine avant. Autrement dit, si vous voulez que les autres se sacrifient pour vous, vous devez faire le premier pas ! \u00bb, dit-il.<\/p>\n<p>\u00ab\u00a0Il \u00e9tait de mon devoir de venir aider \u00e0 mon tour \u00bb<\/p>\n<p>Edwin est originaire de Hong Kong, il a servi dans la marine royale britannique, c\u2019est un militaire professionnel. Il a quitt\u00e9 son \u00eele natale apr\u00e8s la r\u00e9pression des mouvements pro d\u00e9mocratie en 2019 pour se rendre en <a href=\"https:\/\/www.rfi.fr\/fr\/tag\/royaume-uni\/\" target=\"_self\" rel=\"noopener\"><strong>Grande-Bretagne<\/strong><\/a>. Il est aujourd\u2019hui officier de la marine ukrainienne. \u00ab Les Ukrainiens ont soutenu le mouvement des parapluies en 2014 et notre mouvement pro d\u00e9mocratie en 2019. Je suis le seul Hongkongais ici. Je suis d\u00e9\u00e7u et je me sens tr\u00e8s seul. Je n\u2019ai jamais rejoint la l\u00e9gion internationale parce que j\u2019\u00e9tais soldat de la Royal Navy d\u00e8s l\u2019\u00e2ge de 18 ans. Quand je suis arriv\u00e9, j\u2019ai sign\u00e9 pour trois ans dans la marine ukrainienne. J\u2019ai \u00e9t\u00e9 bless\u00e9 \u00e0 la t\u00eate, au visage, aux oreilles, aux jambes et \u00e0 la taille. Mais cela ne m\u2019a pas emp\u00each\u00e9 de repartir en mission. Mon travail consiste \u00e0 aller en territoire russe pour du rep\u00e9rage et de faire un rapport \u00e0 mon retour. Quand les Ukrainiens me demandent pourquoi je suis venu les aider, je r\u00e9ponds, parce que les Ukrainiens nous ont aid\u00e9. Il \u00e9tait de mon devoir de venir aider \u00e0 mon tour \u00bb, raconte-t-il.<\/p>\n<p>Selon Pan, notre premier interlocuteur qui va publier en juillet \u00e0 Ta\u00efwan un livre sur son exp\u00e9rience sur le front ukrainien, un tiers des 23 000 \u00e0 25 000 volontaires \u00e9trangers mobilis\u00e9s en Ukraine ont \u00e9t\u00e9 tu\u00e9s au combat.<\/p>\n<p>Apr\u00e8s l\u2019entretien Jack, employ\u00e9 dans le commerce \u00e0 Taipei est reparti avec Edwin l\u2019officier hongkongais sur le front de la mer Noire, dans le sud de l\u2019Ukraine. Tous ces volontaires ont \u00e9t\u00e9 accueillis via une association qui a servi de point de contact. L&rsquo;association a \u00e9t\u00e9 fond\u00e9e par un Allemand d\u2019origine chinoise. Cet ancien policier g\u00e8re la logistique et le transfert en Ukraine des engag\u00e9s d\u2019origine chinoise et asiatique.<\/p>\n<p class=\"a-read-more\">\u00c0 lire aussi<a href=\"https:\/\/www.rfi.fr\/fr\/asie-pacifique\/20241103-un-combattant-ta\u00efwanais-tu\u00e9-en-ukraine-le-deuxi\u00e8me-depuis-le-d\u00e9but-de-l-invasion-russe\" target=\"_self\" class=\"a-read-more__link\" rel=\"noopener\">Un combattant ta\u00efwanais tu\u00e9 en Ukraine, le deuxi\u00e8me depuis le d\u00e9but de l&rsquo;invasion russe<\/a><\/p>\n","protected":false},"excerpt":{"rendered":"D\u00e8s le d\u00e9but de l\u2019invasion russe en Ukraine il y a plus de trois ans, des milliers de&hellip;\n","protected":false},"author":2,"featured_media":103857,"comment_status":"","ping_status":"","sticky":false,"template":"","format":"standard","meta":{"footnotes":""},"categories":[1590],"tags":[22052,11,1328,554,1777,674,8233,12,22053,220],"class_list":{"0":"post-103856","1":"post","2":"type-post","3":"status-publish","4":"format-standard","5":"has-post-thumbnail","7":"category-ukraine","8":"tag-a-la-une-en-asie","9":"tag-actualites","10":"tag-asie-pacifique","11":"tag-defense","12":"tag-eu","13":"tag-europe","14":"tag-hong-kong","15":"tag-news","16":"tag-taiwan","17":"tag-ukraine"},"share_on_mastodon":{"url":"https:\/\/pubeurope.com\/@fr\/114516280340280521","error":""},"_links":{"self":[{"href":"https:\/\/www.europesays.com\/fr\/wp-json\/wp\/v2\/posts\/103856","targetHints":{"allow":["GET"]}}],"collection":[{"href":"https:\/\/www.europesays.com\/fr\/wp-json\/wp\/v2\/posts"}],"about":[{"href":"https:\/\/www.europesays.com\/fr\/wp-json\/wp\/v2\/types\/post"}],"author":[{"embeddable":true,"href":"https:\/\/www.europesays.com\/fr\/wp-json\/wp\/v2\/users\/2"}],"replies":[{"embeddable":true,"href":"https:\/\/www.europesays.com\/fr\/wp-json\/wp\/v2\/comments?post=103856"}],"version-history":[{"count":0,"href":"https:\/\/www.europesays.com\/fr\/wp-json\/wp\/v2\/posts\/103856\/revisions"}],"wp:featuredmedia":[{"embeddable":true,"href":"https:\/\/www.europesays.com\/fr\/wp-json\/wp\/v2\/media\/103857"}],"wp:attachment":[{"href":"https:\/\/www.europesays.com\/fr\/wp-json\/wp\/v2\/media?parent=103856"}],"wp:term":[{"taxonomy":"category","embeddable":true,"href":"https:\/\/www.europesays.com\/fr\/wp-json\/wp\/v2\/categories?post=103856"},{"taxonomy":"post_tag","embeddable":true,"href":"https:\/\/www.europesays.com\/fr\/wp-json\/wp\/v2\/tags?post=103856"}],"curies":[{"name":"wp","href":"https:\/\/api.w.org\/{rel}","templated":true}]}}