{"id":103873,"date":"2025-05-16T07:23:09","date_gmt":"2025-05-16T07:23:09","guid":{"rendered":"https:\/\/www.europesays.com\/fr\/103873\/"},"modified":"2025-05-16T07:23:09","modified_gmt":"2025-05-16T07:23:09","slug":"un-golfeur-pro-chez-les-rangers-de-new-york","status":"publish","type":"post","link":"https:\/\/www.europesays.com\/fr\/103873\/","title":{"rendered":"Un golfeur \u00abpro\u00bb chez les Rangers de New York?"},"content":{"rendered":"<p>Lors de cette valse du printemps 2025, les Rangers de New York n\u2019ont pas \u00e9t\u00e9 en mesure de danser, terminant leur course au 5e rang des formations rep\u00each\u00e9es avec une cueillette de 85 points. \u00c9videmment, en raison d\u2019une saison aussi catastrophique, quelqu\u2019un devait payer et c\u2019est, sans aucune surprise, le pilote en chef Peter Laviolette qui a saut\u00e9.<\/p>\n<p>Chris Drury n\u2019a toutefois pas tard\u00e9, embauchant rapidement l\u2019un des meilleurs entra\u00eeneurs du circuit, soit Mike Sullivan, qui, lui, a \u00e9t\u00e9 limog\u00e9 par les Penguins de Pittsburgh apr\u00e8s une d\u00e9cennie \u00e0 les diriger.<\/p>\n<p>Toute cette mise en place m\u2019am\u00e8ne \u00e0 jaser de J.T. Miller, un joueur que j\u2019admire copieusement. Outre ses performances \u00e9loquentes d\u00e8s son arriv\u00e9e au sein des Blueshirts, avec qui il a r\u00e9colt\u00e9 35 points en 32 duels, Miller est tout un golfeur. Le pivot de 32 ans a certes \u00e9t\u00e9 le rouage le plus important des Rangers pendant cette lutte afin de se tailler une place pour les \u00e9liminatoires\u2026 Au final, tout ce beau monde s\u2019est ramass\u00e9 sur un gazon vert!<\/p>\n<p>Dans le cas de Miller, se retrouver sur un terrain de golf demeure naturel, puisque, pour lui, c\u2019est beaucoup plus qu\u2019un simple hobby. Miller demeure un grand passionn\u00e9 de ce sport, lui qui a d\u2019ailleurs essay\u00e9 de se tailler un poste pour l\u2019Omnium des \u00c9tats-Unis. Ce tournoi est grandiose puisqu\u2019il figure parmi les quatre tournois du Grand Chelem. Malheureusement pour Miller, il n\u2019est pas parvenu \u00e0 se tailler une place pour cet \u00e9v\u00e9nement.<\/p>\n<p>Pour tenter de se qualifier, Miller a particip\u00e9 \u00e0 des qualifications du c\u00f4t\u00e9 de la Pennsylvanie et celui-ci est parvenu \u00e0 livrer une carte de 76 (+4). Soulignons que le \u00abgolfeur\u00bb de 32 ans aurait pu d\u00e9crocher un poste de rempla\u00e7ant lors de l\u2019\u00e9v\u00e9nement, mais il lui manquait quatre coups.<\/p>\n<blockquote class=\"wp-block-quote is-layout-flow wp-block-quote-is-layout-flow\">\n<p>\u00abJ\u2019ai tent\u00e9 ma chance \u00e0 trois reprises jusqu\u2019ici. Je pense que je suis de moins en moins nerveux. Mais aujourd\u2019hui, sur le premier vert, je n\u2019\u00e9tais m\u00eame pas en mesure de tenir mon putter!\u00bb \u2013 Miller<\/p>\n<\/blockquote>\n<p>Sur un \u00abgreen\u00bb, Miller est forc\u00e9ment moins \u00abmean\u00bb que sur une surface glac\u00e9e, hein?<\/p>\n","protected":false},"excerpt":{"rendered":"Lors de cette valse du printemps 2025, les Rangers de New York n\u2019ont pas \u00e9t\u00e9 en mesure de&hellip;\n","protected":false},"author":2,"featured_media":103874,"comment_status":"","ping_status":"","sticky":false,"template":"","format":"standard","meta":{"footnotes":""},"categories":[1418],"tags":[22054,1011,27,1472,4488,22055,22056,22057,415,22058,22059,14045,60],"class_list":{"0":"post-103873","1":"post","2":"type-post","3":"status-publish","4":"format-standard","5":"has-post-thumbnail","7":"category-golf","8":"tag-chris-drury","9":"tag-fr","10":"tag-france","11":"tag-golf","12":"tag-hockey","13":"tag-jt-miller","14":"tag-lnh","15":"tag-mike-sullivan","16":"tag-new-york","17":"tag-nhl","18":"tag-omnium-des-etats-unis","19":"tag-rangers","20":"tag-sports"},"share_on_mastodon":{"url":"https:\/\/pubeurope.com\/@fr\/114516315498325472","error":""},"_links":{"self":[{"href":"https:\/\/www.europesays.com\/fr\/wp-json\/wp\/v2\/posts\/103873","targetHints":{"allow":["GET"]}}],"collection":[{"href":"https:\/\/www.europesays.com\/fr\/wp-json\/wp\/v2\/posts"}],"about":[{"href":"https:\/\/www.europesays.com\/fr\/wp-json\/wp\/v2\/types\/post"}],"author":[{"embeddable":true,"href":"https:\/\/www.europesays.com\/fr\/wp-json\/wp\/v2\/users\/2"}],"replies":[{"embeddable":true,"href":"https:\/\/www.europesays.com\/fr\/wp-json\/wp\/v2\/comments?post=103873"}],"version-history":[{"count":0,"href":"https:\/\/www.europesays.com\/fr\/wp-json\/wp\/v2\/posts\/103873\/revisions"}],"wp:featuredmedia":[{"embeddable":true,"href":"https:\/\/www.europesays.com\/fr\/wp-json\/wp\/v2\/media\/103874"}],"wp:attachment":[{"href":"https:\/\/www.europesays.com\/fr\/wp-json\/wp\/v2\/media?parent=103873"}],"wp:term":[{"taxonomy":"category","embeddable":true,"href":"https:\/\/www.europesays.com\/fr\/wp-json\/wp\/v2\/categories?post=103873"},{"taxonomy":"post_tag","embeddable":true,"href":"https:\/\/www.europesays.com\/fr\/wp-json\/wp\/v2\/tags?post=103873"}],"curies":[{"name":"wp","href":"https:\/\/api.w.org\/{rel}","templated":true}]}}